{"id":900,"date":"2021-11-08T15:12:17","date_gmt":"2021-11-08T14:12:17","guid":{"rendered":"https:\/\/enews.caef.net\/?p=900"},"modified":"2021-11-10T09:27:53","modified_gmt":"2021-11-10T08:27:53","slug":"loi-sur-les-principes-republicains-comment-vous-aider","status":"publish","type":"post","link":"https:\/\/enews.caef.net\/?p=900","title":{"rendered":"Loi sur les principes r\u00e9publicains"},"content":{"rendered":"<p><strong>Pour rappel <\/strong><\/p>\n<p><span data-contrast=\"auto\">La loi confortant le respect des principes de la R\u00e9publique a \u00e9t\u00e9 promulgu\u00e9e le 24 ao\u00fbt 2021 et est entr\u00e9e en vigueur le 25 ao\u00fbt 2021. Elle \u00e9tablit un renforcement du contr\u00f4le de l&rsquo;\u00c9tat sur l\u2019exercice des cultes auquel les \u00c9glises et les \u0152uvres doivent d\u00e9sormais s\u2019adapter.<\/span><span data-ccp-props=\"{&quot;201341983&quot;:0,&quot;335551550&quot;:6,&quot;335551620&quot;:6,&quot;335559739&quot;:160,&quot;335559740&quot;:259}\">\u00a0<\/span><span data-contrast=\"auto\">La loi s\u2019applique\u00a0donc\u00a0imm\u00e9diatement \u00e0 toutes les associations, sauf pour les dispositions soumises \u00e0 d\u00e9cret d\u2019application\u00a0(attendus prochainement)\u00a0et \u00e0 mesures transitoires.\u00a0Les associations d\u00e9j\u00e0 constitu\u00e9es b\u00e9n\u00e9ficient d\u2019un d\u00e9lai de mise en conformit\u00e9 qui devrait courir au plus tard jusqu\u2019au d\u00e9but 2023.<\/span><span data-ccp-props=\"{&quot;201341983&quot;:0,&quot;335551550&quot;:6,&quot;335551620&quot;:6,&quot;335559739&quot;:160,&quot;335559740&quot;:259}\">\u00a0<\/span><\/p>\n<p><span data-contrast=\"auto\">L\u2019ann\u00e9e 2022 sera donc l\u2019ann\u00e9e de transition et de mise en conformit\u00e9 pour les associations constitu\u00e9es avant le 25 ao\u00fbt 2021\u00a0(statuts, dossier de d\u00e9claration de qualit\u00e9 cultuelle, comptabilit\u00e9\u2026).\u00a0Pour les associations qui ont re\u00e7u un rescrit fiscal avant le 25 ao\u00fbt 2021, c\u2019est la date de la fin de l\u2019attestation de culturalit\u00e9 d\u00e9livr\u00e9e par la pr\u00e9fecture qui sera prise en compte.<\/span><span data-ccp-props=\"{&quot;201341983&quot;:0,&quot;335551550&quot;:6,&quot;335551620&quot;:6,&quot;335559739&quot;:160,&quot;335559740&quot;:259}\">\u00a0<\/span><\/p>\n<p><span data-ccp-props=\"{&quot;201341983&quot;:0,&quot;335551550&quot;:6,&quot;335551620&quot;:6,&quot;335559739&quot;:160,&quot;335559740&quot;:259}\">\u00a0<\/span><\/p>\n<p><b><span data-contrast=\"auto\">Quelles sont les nouvelles obligations\u202f?<\/span><\/b><span data-ccp-props=\"{&quot;201341983&quot;:0,&quot;335551550&quot;:6,&quot;335551620&quot;:6,&quot;335559739&quot;:160,&quot;335559740&quot;:259}\">\u00a0<\/span><\/p>\n<p><span data-contrast=\"auto\"><span style=\"color: #009999;\">Toutes les associations 1905 doivent d\u00e9clarer leur qualit\u00e9 cultuelle en pr\u00e9fecture et la renouveler tous les 5 ans<\/span>. Sans r\u00e9ponse dans les 2 mois suivant le d\u00e9p\u00f4t des documents, le statut de l\u2019association sera consid\u00e9r\u00e9 comme \u00e9tant accept\u00e9. <\/span><\/p>\n<p><span data-contrast=\"auto\">\u00c0 sa demande, la liste des lieux de cultes devra \u00eatre fournie \u00e0 la pr\u00e9fecture, ainsi que tout projet de construction de lieu de culte (via la mairie) ou tout autre document.<\/span><span data-ccp-props=\"{&quot;201341983&quot;:0,&quot;335551550&quot;:6,&quot;335551620&quot;:6,&quot;335559739&quot;:160,&quot;335559740&quot;:259}\">\u00a0<\/span><\/p>\n<p><span data-ccp-props=\"{&quot;201341983&quot;:0,&quot;335551550&quot;:6,&quot;335551620&quot;:6,&quot;335559739&quot;:160,&quot;335559740&quot;:259}\">\u00a0<\/span><\/p>\n<p><strong>Au niveau statutaire<\/strong><\/p>\n<p><span data-contrast=\"auto\">Le nombre de<span style=\"color: #009999;\"> membres minimum pour constituer une association est limit\u00e9 \u00e0 7 membres<\/span> majeurs quelle\u00a0que soit la taille de la commune.<\/span><span data-ccp-props=\"{&quot;201341983&quot;:0,&quot;335551550&quot;:6,&quot;335551620&quot;:6,&quot;335559739&quot;:160,&quot;335559740&quot;:259}\">\u00a0<\/span><\/p>\n<p><span data-contrast=\"auto\">Les statuts doivent donner la possibilit\u00e9 pour les membres de se retirer une fois la cotisation pay\u00e9e et pr\u00e9voir qu\u2019un organe d\u00e9lib\u00e9rant soit comp\u00e9tent pour\u00a0l\u2019admission des membres, les modifications statutaires, la cession de biens immobiliers et, le cas \u00e9ch\u00e9ant, le recrutement des ministres du culte.<\/span><span data-ccp-props=\"{&quot;201341983&quot;:0,&quot;335551550&quot;:6,&quot;335551620&quot;:6,&quot;335559739&quot;:160,&quot;335559740&quot;:259}\">\u00a0<\/span><\/p>\n<p><span data-ccp-props=\"{&quot;201341983&quot;:0,&quot;335551550&quot;:6,&quot;335551620&quot;:6,&quot;335559739&quot;:160,&quot;335559740&quot;:259}\">\u00a0<\/span><\/p>\n<p><strong>Au niveau comptable<\/strong><\/p>\n<p><span data-contrast=\"auto\">Les obligations comptables sont renforc\u00e9es. Les comptes annuels (bilan, compte de r\u00e9sultat et annexes) doivent suivre le r\u00e8glement de l\u2019ANC comme c\u2019\u00e9tait d\u00e9j\u00e0 le cas auparavant, par contre <span style=\"color: #009999;\">il est\u00a0maintenant\u00a0demand\u00e9 un \u00e9tat s\u00e9par\u00e9 des avantages et ressources provenant de l\u2019\u00e9tranger.<\/span> Si ce\u00a0montant exc\u00e8de un seuil d\u00e9fini\u00a0en d\u00e9cret (sup\u00e9rieur \u00e0\u00a010\u202f000\u20ac\u00a0par an), les comptes devront obligatoirement faire l\u2019objet d\u2019une certification et ces ressources devront \u00eatre d\u00e9clar\u00e9es en pr\u00e9fecture.<\/span><span data-ccp-props=\"{&quot;201341983&quot;:0,&quot;335551550&quot;:6,&quot;335551620&quot;:6,&quot;335559739&quot;:160,&quot;335559740&quot;:259}\">\u00a0<\/span><\/p>\n<p><span data-contrast=\"auto\">La comptabilit\u00e9 doit aussi faire appara\u00eetre un <span style=\"color: #009999;\">\u00e9tat inventori\u00e9 des biens meubles et immeubles.<\/span><\/span><span style=\"color: #009999;\" data-ccp-props=\"{&quot;201341983&quot;:0,&quot;335551550&quot;:6,&quot;335551620&quot;:6,&quot;335559739&quot;:160,&quot;335559740&quot;:259}\">\u00a0<\/span><\/p>\n<p><span data-contrast=\"auto\">Il est aussi demand\u00e9 de <span style=\"color: #009999;\">d\u00e9clarer \u00e0 l\u2019administration fiscale le montant global des dons et le nombre de re\u00e7us fiscaux \u00e9mis par l\u2019association<\/span>.<\/span><span data-ccp-props=\"{&quot;201341983&quot;:0,&quot;335551550&quot;:6,&quot;335551620&quot;:6,&quot;335559739&quot;:160,&quot;335559740&quot;:259}\">\u00a0<\/span><\/p>\n<p><span data-ccp-props=\"{&quot;201341983&quot;:0,&quot;335551550&quot;:6,&quot;335551620&quot;:6,&quot;335559739&quot;:160,&quot;335559740&quot;:259}\">\u00a0<\/span><\/p>\n<p><span data-contrast=\"auto\">Plus favorablement, il est <span style=\"color: #009999;\">possible de tirer des revenus d\u2019immeubles\u00a0de rapport<\/span>\u00a0acquis \u00e0 titre gratuit\u00a0(donation ou legs)\u00a0dans la limite de 50% du revenu total de l\u2019association.\u00a0Des subventions publiques pourront aussi \u00eatre accord\u00e9es pour des travaux d\u2019accessibilit\u00e9 au lieu de culte.<\/span><span data-ccp-props=\"{&quot;201341983&quot;:0,&quot;335551550&quot;:6,&quot;335551620&quot;:6,&quot;335559739&quot;:160,&quot;335559740&quot;:259}\">\u00a0<\/span><\/p>\n<p><span data-ccp-props=\"{&quot;201341983&quot;:0,&quot;335551550&quot;:6,&quot;335551620&quot;:6,&quot;335559739&quot;:160,&quot;335559740&quot;:259}\">\u00a0<\/span><\/p>\n<p><strong>Au niveau de la police des cultes<br \/>\n<\/strong><br \/>\n<span data-contrast=\"auto\">Toutes les formes de l\u2019exercice du culte (\u00e0 titre individuel ou en \u00e9glises de maison) sont soumises aux dispositions li\u00e9es \u00e0 la police des cultes de la loi de 1905 avec des <span style=\"color: #009999;\">sanctions p\u00e9nales alourdies<\/span>. Il pourra aussi\u00a0\u00eatre\u00a0d\u00e9cid\u00e9\u00a0de\u00a0la\u00a0fermeture d\u2019un lieu de culte par arr\u00eat\u00e9 pr\u00e9fectoral <span style=\"color: #009999;\">en cas de propos, id\u00e9es, th\u00e9ories ou activit\u00e9s qui provoquent ou tendent \u00e0 justifier ou \u00e0 encourager la haine ou la violence <\/span>contre une personne physique ou un groupe de personnes.\u00a0Certains propos jug\u00e9s discriminatoires pourraient entrer dans cette cat\u00e9gorie (\u00e9galit\u00e9 homme\/femme, orientation sexuelle,\u00a0etc.)\u00a0Nous vous invitons \u00e0 la plus grande prudence dans ce domaine et en particulier en cas de diffusions en ligne ou sur les r\u00e9seaux sociaux.<\/span><\/p>\n<p><span data-contrast=\"auto\">Cette partie de la loi est entr\u00e9e en application d\u00e8s sa promulgation.<\/span><span data-ccp-props=\"{&quot;201341983&quot;:0,&quot;335551550&quot;:6,&quot;335551620&quot;:6,&quot;335559739&quot;:160,&quot;335559740&quot;:259}\">\u00a0<\/span><\/p>\n<p><span data-ccp-props=\"{&quot;201341983&quot;:0,&quot;335551550&quot;:6,&quot;335551620&quot;:6,&quot;335559739&quot;:160,&quot;335559740&quot;:259}\">\u00a0<\/span><\/p>\n<p><strong>Vous aider, concr\u00e8tement !<\/strong><\/p>\n<p><span data-contrast=\"auto\">Face\u00a0\u00e0 la place centrale qu\u2019octroie la loi au repr\u00e9sentant de l\u2019\u00e9tat au niveau d\u00e9partemental, l<span style=\"color: #009999;\">es d\u00e9l\u00e9gu\u00e9s d\u00e9partementaux du CNEF\u00a0peuvent \u00eatre sollicit\u00e9s<\/span> en cas de difficult\u00e9s avec les services de la pr\u00e9fecture.\u00a0N\u2019h\u00e9sitez pas \u00e0 faire remonter au CNEF tout probl\u00e8me rencontr\u00e9 avec une pr\u00e9fecture.<\/span><\/p>\n<p><span data-contrast=\"auto\">Devant la complexit\u00e9 que repr\u00e9sente la mise en conformit\u00e9 de la comptabilit\u00e9 pour les \u00c9glises qui ne comptent pas forc\u00e9ment parmi leurs membres un comptable en mesure de satisfaire ces exigences, <span style=\"color: #009999;\">nous r\u00e9fl\u00e9chissons,\u00a0au niveau du R\u00e9seau FEF,\u00a0\u00e0\u202fla<strong> cr\u00e9ation d\u2019une plateforme qui pourrait abriter les comptabilit\u00e9s des \u00c9glises sous la supervision de comptables.<\/strong>\u00a0<\/span>Des point juridiques et techniques\u00a0restent\u00a0\u00e0 r\u00e9soudre,\u00a0mais il semble que cette solution pourrait soulager bon nombre de nos associations.<\/span><span data-ccp-props=\"{&quot;201341983&quot;:0,&quot;335551550&quot;:6,&quot;335551620&quot;:6,&quot;335559739&quot;:160,&quot;335559740&quot;:259}\">\u00a0<\/span><\/p>\n<p>&nbsp;<\/p>\n<p><span data-contrast=\"auto\">Pour plus de d\u00e9tails, n\u2019h\u00e9sitez pas \u00e0 visionner les documents mis \u00e0 disposition par la commission juridique du CNEF \u00e0 ce sujet.<\/span><span data-ccp-props=\"{&quot;201341983&quot;:0,&quot;335551550&quot;:6,&quot;335551620&quot;:6,&quot;335559739&quot;:160,&quot;335559740&quot;:259}\">\u00a0<\/span><\/p>\n<p><a href=\"https:\/\/doc.caef.net\/wp-content\/uploads\/2021\/11\/Loi_confortant_le_respect_des_principes_republicains-1.pdf\"><span data-contrast=\"none\">Infographies du CNEF<\/span><\/a><\/p>\n<p><span data-contrast=\"auto\">Vid\u00e9os\u202fwebinaire CNEF :<\/span><span data-ccp-props=\"{&quot;201341983&quot;:0,&quot;335551550&quot;:6,&quot;335551620&quot;:6,&quot;335559739&quot;:160,&quot;335559740&quot;:259}\">\u00a0<\/span><\/p>\n<p><a href=\"https:\/\/www.youtube.com\/watch?v=tDbFO1LyfqI&amp;list=TLPQMDQxMTIwMjGxPVo9tiQPnw&amp;index=11\"><span data-contrast=\"none\">\u00ab\u202fApplication de la loi dans le temps\u202f\u00bb<\/span><\/a><span data-ccp-props=\"{&quot;201341983&quot;:0,&quot;335551550&quot;:6,&quot;335551620&quot;:6,&quot;335559739&quot;:160,&quot;335559740&quot;:259}\">\u00a0<\/span><\/p>\n<p><a href=\"https:\/\/www.youtube.com\/watch?v=HRTWDSToZ-k&amp;list=TLPQMDQxMTIwMjGxPVo9tiQPnw&amp;index=8\"><span data-contrast=\"none\">\u00ab\u202fImplication pour les associations 1905\u202f\u00bb<\/span><\/a><span data-ccp-props=\"{&quot;201341983&quot;:0,&quot;335551550&quot;:6,&quot;335551620&quot;:6,&quot;335559739&quot;:160,&quot;335559740&quot;:259}\">\u00a0<\/span><\/p>\n<p><a href=\"https:\/\/www.youtube.com\/watch?v=tuyC-JFm-_E&amp;list=TLPQMDQxMTIwMjGxPVo9tiQPnw&amp;index=6\"><span data-contrast=\"none\">\u00ab\u202fImplication pour les associations 1901\u202f\u00bb<\/span><\/a><span data-ccp-props=\"{&quot;201341983&quot;:0,&quot;335551550&quot;:6,&quot;335551620&quot;:6,&quot;335559739&quot;:160,&quot;335559740&quot;:259}\">\u00a0<\/span><\/p>\n<p><a href=\"https:\/\/www.youtube.com\/watch?v=2bF9R5j6ujY&amp;list=TLPQMDQxMTIwMjGxPVo9tiQPnw&amp;index=10\"><span data-contrast=\"none\">\u00ab\u202f Police des cultes\u202f\u00bb<\/span><\/a><span data-ccp-props=\"{&quot;201341983&quot;:0,&quot;335551550&quot;:6,&quot;335551620&quot;:6,&quot;335559739&quot;:160,&quot;335559740&quot;:259}\">\u00a0<\/span><\/p>\n<p>&nbsp;<\/p>\n<p>Pierre Bariteau<\/p>\n","protected":false},"excerpt":{"rendered":"<p>Pour rappel La loi confortant le respect des principes de la R\u00e9publique a \u00e9t\u00e9 promulgu\u00e9e le 24 ao\u00fbt 2021 et est entr\u00e9e en vigueur le 25 ao\u00fbt 2021. Elle \u00e9tablit un renforcement du contr\u00f4le de l&rsquo;\u00c9tat sur l\u2019exercice des cultes auquel les \u00c9glises et les \u0152uvres doivent d\u00e9sormais s\u2019adapter.\u00a0La loi s\u2019applique\u00a0donc\u00a0imm\u00e9diatement \u00e0 toutes les associations, [&hellip;]<\/p>\n","protected":false},"author":4,"featured_media":479,"comment_status":"closed","ping_status":"closed","sticky":false,"template":"","format":"standard","meta":{"footnotes":""},"categories":[17,7],"tags":[105,106,103,104],"class_list":["post-900","post","type-post","status-publish","format-standard","has-post-thumbnail","hentry","category-a-la-une","category-actu","tag-cnef","tag-comptabilite","tag-loi-du-24-aout-2021","tag-principes-republicains"],"_links":{"self":[{"href":"https:\/\/enews.caef.net\/index.php?rest_route=\/wp\/v2\/posts\/900","targetHints":{"allow":["GET"]}}],"collection":[{"href":"https:\/\/enews.caef.net\/index.php?rest_route=\/wp\/v2\/posts"}],"about":[{"href":"https:\/\/enews.caef.net\/index.php?rest_route=\/wp\/v2\/types\/post"}],"author":[{"embeddable":true,"href":"https:\/\/enews.caef.net\/index.php?rest_route=\/wp\/v2\/users\/4"}],"replies":[{"embeddable":true,"href":"https:\/\/enews.caef.net\/index.php?rest_route=%2Fwp%2Fv2%2Fcomments&post=900"}],"version-history":[{"count":5,"href":"https:\/\/enews.caef.net\/index.php?rest_route=\/wp\/v2\/posts\/900\/revisions"}],"predecessor-version":[{"id":932,"href":"https:\/\/enews.caef.net\/index.php?rest_route=\/wp\/v2\/posts\/900\/revisions\/932"}],"wp:featuredmedia":[{"embeddable":true,"href":"https:\/\/enews.caef.net\/index.php?rest_route=\/wp\/v2\/media\/479"}],"wp:attachment":[{"href":"https:\/\/enews.caef.net\/index.php?rest_route=%2Fwp%2Fv2%2Fmedia&parent=900"}],"wp:term":[{"taxonomy":"category","embeddable":true,"href":"https:\/\/enews.caef.net\/index.php?rest_route=%2Fwp%2Fv2%2Fcategories&post=900"},{"taxonomy":"post_tag","embeddable":true,"href":"https:\/\/enews.caef.net\/index.php?rest_route=%2Fwp%2Fv2%2Ftags&post=900"}],"curies":[{"name":"wp","href":"https:\/\/api.w.org\/{rel}","templated":true}]}}