{"id":887,"date":"2021-11-08T12:22:18","date_gmt":"2021-11-08T11:22:18","guid":{"rendered":"https:\/\/enews.caef.net\/?p=887"},"modified":"2021-11-10T09:21:22","modified_gmt":"2021-11-10T08:21:22","slug":"les-jeunes-integres-dans-leglise","status":"publish","type":"post","link":"https:\/\/enews.caef.net\/?p=887","title":{"rendered":"Les jeunes. Int\u00e9gr\u00e9s dans l&rsquo;\u00e9glise ?\u00a0"},"content":{"rendered":"<p><span data-contrast=\"auto\">Depuis une vingtaine d\u2019ann\u00e9es, les statistiques laissent entendre que <strong>60\u202f% \u00e0 80\u202f% des d\u00e9marches personnelles de foi en J\u00e9sus-Christ sont r\u00e9alis\u00e9es par des enfants ou des jeunes avant l\u2019\u00e2ge de 18\u202fans.<\/strong> A l\u2019\u00e2ge adulte, ce sont ces m\u00eames jeunes que l\u2019on retrouve au service dans l\u2019\u00c9glise en tant que responsables, enseignants, cadres jeunesse, missionnaires ou dans d\u2019autres services importants.<\/span><span data-ccp-props=\"{}\">\u00a0<\/span><\/p>\n<p><span data-contrast=\"auto\">Autre constat,\u00a0<strong>les jeunes t\u00e9moignent facilement de leur foi \u00e0 leurs amis<\/strong>, plus naturellement que leurs a\u00een\u00e9s. S\u2019ils sont confiants envers les structures d\u2019accueil et prennent du plaisir \u00e0 participer aux activit\u00e9s, ils invitent naturellement leurs copains au groupe de jeunes, aux scouts, dans un s\u00e9jour de vacances chr\u00e9tiens ou je ne sais quel \u00e9v\u00e8nement.<\/span><span data-ccp-props=\"{}\">\u00a0<\/span><\/p>\n<p><span data-contrast=\"auto\">Troisi\u00e8me constat, <strong>les m\u00e9dias sont ce qui influence le plus un jeune aujourd\u2019hui.<\/strong> C\u2019est la tranche d\u2019\u00e2ge qui passe le plus de temps sur internet \u00e0 travers les r\u00e9seaux sociaux, les jeux en ligne ou la visualisation de vid\u00e9os\u202f: 4h 23 par jour exactement, selon \u00ab\u202fm\u00e9diam\u00e9trie\u202f\u00bb en 2020 pour les 15-24 ans. Temps important o\u00f9\u00a0ils sont confront\u00e9s aux valeurs \u00e9thiques et morales de ce monde\u202f: un v\u00e9ritable matraquage \u00e0 contre-courant de l\u2019\u00e9vangile.\u00a0Les adolescents sont les plus grands consommateurs du tout et du n\u2019importe quoi propos\u00e9 par les m\u00e9dias\u202f; tout en \u00e9tant le public le plus vuln\u00e9rable, le plus influen\u00e7able parce qu\u2019en recherche du sens de la vie.<\/span><span data-ccp-props=\"{}\">\u00a0<\/span><\/p>\n<p><strong>Le public le plus sensible \u00e0 l\u2019Evangile est donc aussi le plus attaqu\u00e9, cibl\u00e9, influenc\u00e9 par le monde et ses valeurs \u202f!\u00a0<\/strong><\/p>\n<blockquote><p><span data-contrast=\"auto\">Questionnons-nous\u202f ! <\/span><\/p><\/blockquote>\n<p><span data-ccp-props=\"{}\">\u00a0<\/span><span data-contrast=\"auto\">Ces constats, sont-ils pris en compte dans l\u2019\u00e9laboration de la vision d\u2019une \u00e9glise locale ?<br \/>\n<\/span><span data-contrast=\"auto\">Une strat\u00e9gie adapt\u00e9e est-elle mise en place\u202f?<\/span><span data-ccp-props=\"{&quot;134233279&quot;:true}\"><br \/>\n<\/span><span data-contrast=\"auto\">Autrement dit, j\u2019en reviens au titre de cet article, les jeunes sont-ils v\u00e9ritablement int\u00e9gr\u00e9s dans l\u2019Eglise\u202f?<\/span><span data-ccp-props=\"{&quot;134233279&quot;:true}\"><br \/>\n<\/span><span data-contrast=\"auto\">Certainement, <span style=\"color: #a10d59;\">il y a des efforts \u00e0 r\u00e9aliser<\/span>.<br \/>\n<\/span><span data-contrast=\"auto\">Je vous propose 3 pistes d\u2019action\u202f:<\/span><\/p>\n<p>&nbsp;<\/p>\n<p><strong><span style=\"color: #a10d59;\">EQUIPER L\u2019EGLISE\u00a0<\/span><\/strong><\/p>\n<p><span data-contrast=\"auto\">Une premi\u00e8re \u00e9tape serait d\u2019int\u00e9grer le travail jeunesse \u00e0 la vision de l\u2019assembl\u00e9e. De quelle mani\u00e8re le travail jeunesse se greffe-t-il \u00e0 la vision globale de l\u2019Eglise\u202f? Quels sont nos objectifs pour les jeunes\u202f?\u202fSont-ils partie prenante dans les diff\u00e9rents aspects de l\u2019Eglise ? Au niveau de la communion fraternelle\u202f? De l\u2019enseignement\u202f? Du t\u00e9moignage\u202f? Du service\u202f?<\/span><span data-ccp-props=\"{}\">\u00a0<\/span><\/p>\n<p><span data-contrast=\"auto\">Ensuite, r\u00e9aliser un \u00e9tat des lieux des besoins\u202f: dans les petites assembl\u00e9es par exemple, il y a des hauts et des bas de fr\u00e9quentations selon les tranches d\u2019\u00e2ge. Les projections sur le nombre de participants sont faciles \u00e0 r\u00e9aliser afin d\u2019anticiper les besoins\u202f: Est-ce que nous aurons plus de filles que de gar\u00e7ons\u202f? Faut-il revoir la division de nos groupes pr\u00e9-ados\/ados\u202f? Quel sera notre public\u202f? Est-ce que nous aurons des nouveaux non accoutum\u00e9s \u00e0 l\u2019Eglise ? Est-ce que les jeunes viendront r\u00e9guli\u00e8rement\u202f? Quels sont leurs contextes familiaux\u202f?\u00a0 Est-ce que certains d\u2019entre eux sont d\u00e9j\u00e0 bien engag\u00e9s dans leur foi\u202f? \u2026<\/span><span data-ccp-props=\"{}\">\u00a0<\/span><\/p>\n<p><span data-contrast=\"auto\">Il serait utile de <span style=\"color: #a10d59;\">pr\u00e9voir de v\u00e9ritables ressources humaines<\/span> form\u00e9es\u202fet de se donner des moyens<span style=\"color: #a10d59;\">*<\/span>.\u00a0<\/span><span data-ccp-props=\"{}\">\u00a0<\/span><\/p>\n<p><span data-contrast=\"auto\">Cela ne nous viendrait pas \u00e0 l\u2019id\u00e9e de recruter un pasteur non form\u00e9 et tout jeune dans sa foi\u202f!\u00a0Par contre, quel est le profil de celui ou de celle qui s\u2019occupe de l\u2019enseignement des pr\u00e9-adolescents\u202fdans mon \u00e9glise locale ? Public particuli\u00e8rement fragile, qui se pose les questions d\u2019un adolescent\u00a0sans avoir la maturit\u00e9 de formaliser sa pens\u00e9e ni celle de r\u00e9pondre publiquement.<\/span><span data-ccp-props=\"{}\">\u00a0<\/span><\/p>\n<p><span data-contrast=\"auto\">Comment former les animateurs\u202f? Dans notre union d\u2019\u00e9glise, nous avons mis en place un programme pour aider nos assembl\u00e9es locales\u202f: Financement du BAFA, financement de\u00a0cours biblique sp\u00e9cial jeunes, formation de leader jeunesse en partenariat avec l\u2019Institut Biblique de Gen\u00e8ve.<\/span><span data-ccp-props=\"{}\">\u00a0<\/span><\/p>\n<p><span data-contrast=\"auto\">Comment suivre ensuite ses animateurs\u202f? Un ancien d\u00e9di\u00e9\u202funiquement \u00e0 la jeunesse de l\u2019assembl\u00e9e ne serait pas de trop\u202f!\u00a0Se pose \u00e9galement la question d\u2019une\u00a0ligne du budget consacr\u00e9e \u00e0 ce travail.<\/span><span data-ccp-props=\"{}\">\u00a0<\/span><\/p>\n<p><span data-contrast=\"auto\">\u00a0<\/span><span data-ccp-props=\"{&quot;335551550&quot;:6,&quot;335551620&quot;:6,&quot;335559738&quot;:120}\">\u00a0<\/span><\/p>\n<p><strong><span style=\"color: #a10d59;\">SOUTENIR LES PARENTS\u00a0<\/span><\/strong><\/p>\n<p><span data-contrast=\"auto\">Lorsqu\u2019il est demand\u00e9 \u00e0 J\u00e9sus quel est le plus grand commandement, il cite partiellement la loi donn\u00e9e \u00e0 Mo\u00efse 15\u202fsi\u00e8cles plus t\u00f4t\u202f:<\/span><span data-ccp-props=\"{&quot;335551550&quot;:6,&quot;335551620&quot;:6,&quot;335559738&quot;:120}\">\u00a0<\/span><\/p>\n<p><i><span data-contrast=\"auto\">\u00c9coute, Isra\u00ebl\u202f! L\u2019\u00c9ternel, notre Dieu, est le seul \u00c9ternel. Tu aimeras l\u2019\u00c9ternel, ton Dieu, de tout ton c\u0153ur, de toute ton \u00e2me et de toute ta force. Les commandements que je te donne aujourd\u2019hui seront dans ton c\u0153ur.\u00a0<\/span><\/i><b><i><span data-contrast=\"auto\">Tu les r\u00e9p\u00e9teras \u00e0 tes enfants<\/span><\/i><\/b><i><span data-contrast=\"auto\">\u202f; tu en parleras quand tu seras chez toi, quand tu seras en voyage, quand tu te coucheras et quand tu te l\u00e8veras. Tu les attacheras \u00e0 tes mains comme un signe et ils seront comme une marque entre tes yeux. Tu les \u00e9criras sur les montants de la porte de ta maison et sur les portes de tes villes.<\/span><\/i><span data-ccp-props=\"{&quot;335559685&quot;:1134,&quot;335559737&quot;:567,&quot;335559738&quot;:120,&quot;335559739&quot;:120}\">\u00a0<\/span><\/p>\n<p><span data-contrast=\"auto\">Deut\u00e9ronome\u202f6.4-9<\/span><span data-ccp-props=\"{&quot;335551550&quot;:3,&quot;335551620&quot;:3,&quot;335559685&quot;:1134,&quot;335559737&quot;:567,&quot;335559738&quot;:120,&quot;335559739&quot;:120}\">\u00a0<\/span><\/p>\n<p><span data-contrast=\"auto\">Les parents sont en premi\u00e8re ligne de responsabilit\u00e9 pour \u00ab\u202finculquer\u202f\u00bb l\u2019Evangile \u00e0 leurs enfants. C\u2019est leur responsabilit\u00e9, il est bon de le rappeler,\u00a0des parents qui se posent des questions, apprennent sur le tas\u00a0et\u00a0qui sont parfois d\u00e9pass\u00e9s\u00a0\u2026\u202f:\u00a0<\/span><span data-ccp-props=\"{}\">\u00a0<\/span><\/p>\n<ul>\n<li data-leveltext=\"\u2013\" data-font=\"Times New Roman\" data-listid=\"2\" aria-setsize=\"-1\" data-aria-posinset=\"0\" data-aria-level=\"1\"><span data-contrast=\"auto\">\u00ab\u202fJe ne le comprends pas.\u202f\u00bb<\/span><span data-ccp-props=\"{&quot;134233279&quot;:true,&quot;335551550&quot;:6,&quot;335551620&quot;:6,&quot;335559685&quot;:1066,&quot;335559991&quot;:357}\">\u00a0<\/span><\/li>\n<li data-leveltext=\"\u2013\" data-font=\"Times New Roman\" data-listid=\"2\" aria-setsize=\"-1\" data-aria-posinset=\"0\" data-aria-level=\"1\"><span data-contrast=\"auto\">\u00ab\u202fIl nous rejette \u2026\u202f\u00bb<\/span><span data-ccp-props=\"{&quot;134233279&quot;:true,&quot;335551550&quot;:6,&quot;335551620&quot;:6,&quot;335559685&quot;:1066,&quot;335559991&quot;:357}\">\u00a0<\/span><\/li>\n<li data-leveltext=\"\u2013\" data-font=\"Times New Roman\" data-listid=\"2\" aria-setsize=\"-1\" data-aria-posinset=\"0\" data-aria-level=\"1\"><span data-contrast=\"auto\">\u00ab\u202fJe\u00a0ne sais pas ce qu\u2019il fait sur le net\u202f?<\/span><span data-ccp-props=\"{&quot;134233279&quot;:true,&quot;335551550&quot;:6,&quot;335551620&quot;:6,&quot;335559685&quot;:1066,&quot;335559991&quot;:357}\"> *<\/span><\/li>\n<li data-leveltext=\"\u2013\" data-font=\"Times New Roman\" data-listid=\"2\" aria-setsize=\"-1\" data-aria-posinset=\"0\" data-aria-level=\"1\"><span data-contrast=\"auto\">\u00ab\u202fLa communication est difficile \u2026\u202f\u00bb<\/span><span data-ccp-props=\"{&quot;134233279&quot;:true,&quot;335551550&quot;:6,&quot;335551620&quot;:6,&quot;335559685&quot;:1066,&quot;335559991&quot;:357}\">\u00a0<\/span><\/li>\n<\/ul>\n<p><span data-contrast=\"auto\">L\u2019Eglise pourrait\u00a0mettre en place des services\u00a0pour les encourager et les soutenir dans leur r\u00f4le d\u2019\u00e9ducateur\u202f:<\/span><span data-ccp-props=\"{}\">\u00a0<\/span><\/p>\n<ul>\n<li data-leveltext=\"-\" data-font=\"Calibri\" data-listid=\"1\" aria-setsize=\"-1\" data-aria-posinset=\"3\" data-aria-level=\"1\"><span data-contrast=\"auto\">Prier pour eux<\/span><span data-ccp-props=\"{&quot;134233279&quot;:true}\">\u00a0<\/span><\/li>\n<li data-leveltext=\"-\" data-font=\"Calibri\" data-listid=\"1\" aria-setsize=\"-1\" data-aria-posinset=\"3\" data-aria-level=\"1\"><span data-contrast=\"auto\">Suivi pastoral des parents pour identifier les besoins et les difficult\u00e9s<\/span><span data-ccp-props=\"{&quot;134233279&quot;:true}\">\u00a0<\/span><\/li>\n<li data-leveltext=\"-\" data-font=\"Calibri\" data-listid=\"1\" aria-setsize=\"-1\" data-aria-posinset=\"3\" data-aria-level=\"1\"><span data-contrast=\"auto\">Enseigner les parents\u202f: livres, rencontres d\u00e9di\u00e9es, recommandation de s\u00e9jours sp\u00e9cifiques,\u00a0\u2026<\/span><span data-ccp-props=\"{&quot;134233279&quot;:true}\">\u00a0<\/span><\/li>\n<li data-leveltext=\"-\" data-font=\"Calibri\" data-listid=\"1\" aria-setsize=\"-1\" data-aria-posinset=\"3\" data-aria-level=\"1\"><span data-contrast=\"auto\">Soutien dans l\u2019\u00e9ducation\u202f:\u00a0coop\u00e9ration\u00a0famille\/\u00e9glise\/responsables jeunesse en vue d\u2019actions compl\u00e9mentaires<\/span><span data-ccp-props=\"{&quot;134233279&quot;:true}\">\u00a0<\/span><\/li>\n<li data-leveltext=\"-\" data-font=\"Calibri\" data-listid=\"1\" aria-setsize=\"-1\" data-aria-posinset=\"3\" data-aria-level=\"1\"><span data-contrast=\"auto\">\u00c9largissement du foyer\u202f:\u202f\u00ab\u202f<\/span><i><span data-contrast=\"auto\">1 enfant sur 3 grandit dans une famille monoparentale ou recompos\u00e9e<\/span><\/i><span data-contrast=\"auto\">\u202f\u00bb. L\u2019\u00c9glise est-elle une nouvelle famille\u202f? Un relais\u202f? Un appui\u202f? Qu\u2019est-ce qui est mis concr\u00e8tement en place\u202f?<\/span><span data-ccp-props=\"{&quot;134233279&quot;:true}\">\u00a0<\/span><\/li>\n<li data-leveltext=\"-\" data-font=\"Calibri\" data-listid=\"1\" aria-setsize=\"-1\" data-aria-posinset=\"3\" data-aria-level=\"1\"><span data-contrast=\"auto\">Aide sociale\u202f: subventionner les actions jeunesse, le transport \u00e0 des \u00e9v\u00e8nements, des bourses de participations aux camps, \u2026<\/span><span data-ccp-props=\"{&quot;134233279&quot;:true}\">\u00a0<\/span><\/li>\n<\/ul>\n<p><span data-ccp-props=\"{}\">\u00a0<\/span><\/p>\n<p><strong><span style=\"color: #a10d59;\">PENDRE SOIN DES JEUNES\u00a0<\/span><\/strong><\/p>\n<p><span data-contrast=\"auto\">Dans cette p\u00e9riode d\u2019adolescence, les jeunes iront\u00a0chercher des rep\u00e8res en dehors du cercle familial. En plus des m\u00e9dias, de la famille et de l\u2019\u00e9glise il existe plusieurs autres p\u00f4les qui influencent\u00a0la jeunesse\u202f: les amis, l\u2019\u00e9cole, le sport et justement des adultes en dehors de la famille proche.<\/span><span data-ccp-props=\"{}\">\u00a0<\/span><\/p>\n<p><span data-contrast=\"auto\">Cela peut-\u00eatre un \u00e9ducateur sportif, un professeur\u00a0ou une personne bien intentionn\u00e9e de l\u2019\u00e9glise locale.\u00a0L\u00e0 encore, nous pouvons r\u00e9fl\u00e9chir et aller plus loin que de se satisfaire de l\u2019existence du groupe de jeune\u202f; combien de fois ais-je constat\u00e9 la \u00ab\u202fdouble vie\u202f\u00bb d\u2019un jeune soi-disant chr\u00e9tien\u202f:\u00a0Existe-t-il un suivi pastoral de chaque jeune\u202f? Est-ce qu\u2019on lui offre la possibilit\u00e9 de partager ses combats, ses difficult\u00e9s\u202f? Est-ce que les jeunes, qu\u2019ils aient d\u00e9j\u00e0 r\u00e9alis\u00e9 une exp\u00e9rience personnelle de foi ou non se trouvent bien \u00e0 l\u2019\u00e9glise\u202f? Qu\u2019est-ce qui les retient\u202f?\u00a0Qu\u2019est-ce qui\u00a0les encourage\u202f? Est-ce que nous les connaissons vraiment\u202f?\u00a0N\u2019oublions pas que l\u2019essentiel est de construire une relation personnelle avec chacun, afin qu\u2019ils se sentent aim\u00e9s et appr\u00e9ci\u00e9s.<\/span><span data-ccp-props=\"{}\">\u00a0<\/span><\/p>\n<p>&nbsp;<\/p>\n<blockquote><p><span data-contrast=\"auto\">Le quotidien d\u2019un jeune\u00a0se r\u00e9sume trop souvent par cette parole du proph\u00e8te \u00c9lie\u202f: \u00ab\u202fJusqu\u2019\u00e0 quand boiterez-vous des deux c\u00f4t\u00e9s\u202f?\u202f\u00bb <\/span><\/p><\/blockquote>\n<p><span data-contrast=\"auto\">Cela vient du fait qu\u2019il est constamment tiraill\u00e9 entre ses d\u00e9sirs de suivre le Seigneur et l\u2019attrait de se comporter comme tout le monde, sans Dieu.<\/span><span data-ccp-props=\"{}\">\u00a0<\/span><span data-contrast=\"auto\">Ils cherchent leurs rep\u00e8res et ils sont confront\u00e9s \u00e0 2 modes d\u2019emploi oppos\u00e9s \u2026 contradictoires\u202f!<\/span><span data-ccp-props=\"{}\">\u00a0<\/span><\/p>\n<p><span data-contrast=\"auto\">Les jeunes ont besoin de conna\u00eetre J\u00e9sus-Christ personnellement\u202f!\u00a0De l\u2019accepter comme Sauveur et Seigneur de leur vie au plus vite, d\u00e8s leur plus jeune \u00e2ge. D\u2019une part cela r\u00e9pondra \u00e0 leurs questionnements existentiels l\u00e9gitimes avec la joie et la paix de la r\u00e9ponse divine\u202f! Par ailleurs cela\u00a0les prot\u00e8gera, nous l\u2019esp\u00e9rons,\u00a0d\u2019eux-m\u00eames\u00a0et permettra \u00e0 l\u2019Eglise de rayonner \u00e0 travers leurs\u00a0t\u00e9moignages.<\/span><span data-ccp-props=\"{}\">\u00a0<\/span><\/p>\n<p><span data-contrast=\"auto\">Michel Castagno<\/span><\/p>\n<p>&nbsp;<\/p>\n<p><span data-contrast=\"auto\"><span style=\"color: #a10d59;\"><strong>*134 jeunes<\/strong> se sont form\u00e9s cet \u00e9t\u00e9, dans le cadre des CFB (<a href=\"https:\/\/ajc.caef.net\/cfb\/\">Cycles de Formation Biblique<\/a>)<br \/>\n<\/span><\/span><\/p>\n<p><span data-contrast=\"auto\">*Pour aller plus loin : <\/span><a href=\"https:\/\/editionscle.com\/eglise-et-mission\/317-guide-du-responsable-jeunesse-9782358431446.html\"><span data-contrast=\"none\">Guide du responsable jeunesse &#8211; \u00e9ditions CLE<\/span><\/a><span data-ccp-props=\"{}\">\u00a0<\/span><\/p>\n","protected":false},"excerpt":{"rendered":"<p>Depuis une vingtaine d\u2019ann\u00e9es, les statistiques laissent entendre que 60\u202f% \u00e0 80\u202f% des d\u00e9marches personnelles de foi en J\u00e9sus-Christ sont r\u00e9alis\u00e9es par des enfants ou des jeunes avant l\u2019\u00e2ge de 18\u202fans. A l\u2019\u00e2ge adulte, ce sont ces m\u00eames jeunes que l\u2019on retrouve au service dans l\u2019\u00c9glise en tant que responsables, enseignants, cadres jeunesse, missionnaires ou [&hellip;]<\/p>\n","protected":false},"author":4,"featured_media":919,"comment_status":"closed","ping_status":"closed","sticky":false,"template":"","format":"standard","meta":{"footnotes":""},"categories":[17,10],"tags":[],"class_list":["post-887","post","type-post","status-publish","format-standard","has-post-thumbnail","hentry","category-a-la-une","category-pole-jeunesse"],"_links":{"self":[{"href":"https:\/\/enews.caef.net\/index.php?rest_route=\/wp\/v2\/posts\/887","targetHints":{"allow":["GET"]}}],"collection":[{"href":"https:\/\/enews.caef.net\/index.php?rest_route=\/wp\/v2\/posts"}],"about":[{"href":"https:\/\/enews.caef.net\/index.php?rest_route=\/wp\/v2\/types\/post"}],"author":[{"embeddable":true,"href":"https:\/\/enews.caef.net\/index.php?rest_route=\/wp\/v2\/users\/4"}],"replies":[{"embeddable":true,"href":"https:\/\/enews.caef.net\/index.php?rest_route=%2Fwp%2Fv2%2Fcomments&post=887"}],"version-history":[{"count":10,"href":"https:\/\/enews.caef.net\/index.php?rest_route=\/wp\/v2\/posts\/887\/revisions"}],"predecessor-version":[{"id":924,"href":"https:\/\/enews.caef.net\/index.php?rest_route=\/wp\/v2\/posts\/887\/revisions\/924"}],"wp:featuredmedia":[{"embeddable":true,"href":"https:\/\/enews.caef.net\/index.php?rest_route=\/wp\/v2\/media\/919"}],"wp:attachment":[{"href":"https:\/\/enews.caef.net\/index.php?rest_route=%2Fwp%2Fv2%2Fmedia&parent=887"}],"wp:term":[{"taxonomy":"category","embeddable":true,"href":"https:\/\/enews.caef.net\/index.php?rest_route=%2Fwp%2Fv2%2Fcategories&post=887"},{"taxonomy":"post_tag","embeddable":true,"href":"https:\/\/enews.caef.net\/index.php?rest_route=%2Fwp%2Fv2%2Ftags&post=887"}],"curies":[{"name":"wp","href":"https:\/\/api.w.org\/{rel}","templated":true}]}}