{"id":752,"date":"2021-07-29T11:17:59","date_gmt":"2021-07-29T09:17:59","guid":{"rendered":"https:\/\/enews.caef.net\/?p=752"},"modified":"2021-09-09T10:57:27","modified_gmt":"2021-09-09T08:57:27","slug":"beth-rahama","status":"publish","type":"post","link":"https:\/\/enews.caef.net\/?p=752","title":{"rendered":"Beth Rahama"},"content":{"rendered":"<h3><span style=\"color: #009999;\">Beth Rahama : \u00ab\u00a0Nous soignons, Dieu gu\u00e9rit\u00a0\u00bb\u00a0<\/span><span data-ccp-props=\"{}\"><br \/>\n<\/span><\/h3>\n<p><span data-contrast=\"auto\">En repensant aux d\u00e9buts du centre de r\u00e9\u00e9ducation Beth\u00a0Rahama\u00a0de\u00a0Bitkine\u00a0au Tchad,\u00a0<\/span><span data-contrast=\"auto\">actuell<\/span><span data-contrast=\"auto\">e<\/span><span data-contrast=\"auto\">ment soutenu gr\u00e2ce \u00e0 vo<\/span><span data-contrast=\"auto\">s<\/span><span data-contrast=\"auto\">\u00a0dons aupr\u00e8s de l\u2019ASMAF,\u00a0<\/span><span data-contrast=\"auto\">c\u2019est l\u2019histoire de Jonas qui me vient en t\u00eate, puis celle de N\u00e9h\u00e9mie et enfin\u00a0celle\u00a0d\u2019Elie.\u00a0<\/span><span data-ccp-props=\"{}\">\u00a0<\/span><\/p>\n<p><span data-ccp-props=\"{}\">\u00a0<\/span><\/p>\n<blockquote>\n<h4><span data-contrast=\"auto\">Jonas\u00a0<\/span><span data-ccp-props=\"{}\"><br \/>\n<\/span><\/h4>\n<\/blockquote>\n<p>Alors d\u00e9sireuse de servir le Seigneur \u00e0 l\u2019\u00e9tranger, mon m\u00e9tier de kin\u00e9 m\u2019ouvrait la porte\u00a0pour\u00a0la prise en charge du handicap, milieu qui me passionne tout autant que la mission\u202f!<span data-ccp-props=\"{}\">\u00a0<\/span><\/p>\n<p><span data-contrast=\"auto\">Quand il\u00a0<\/span><span data-contrast=\"auto\">fut <\/span><span data-contrast=\"auto\">question de choisir un lieu et une mission d\u2019envoi, alors que j\u2019avais dans un premier temps, tout fait pour partir ailleurs, Dieu m\u2019a fait comprendre qu\u2019Il souhaitait que je parte avec l\u2019ASMAF, mission dans laquelle ma famille a beaucoup \u0153uvr\u00e9. Au fil des \u00e9changes avec les \u00e9glises tchadiennes, ce sera finalement \u00e0 Bitkine, l\u00e0 pr\u00e9cis\u00e9ment o\u00f9 mes grands-parents sont venus s\u2019installer, 60 ans auparavant. <\/span><span data-ccp-props=\"{}\">\u00a0<\/span><\/p>\n<p><span data-contrast=\"auto\">Je n\u2019avais pas vraiment souhait\u00e9 cela, je ne voulais pas \u00eatre la \u00ab\u202fpetite fille de\u202f\u00bb et d\u00e9sirais faire mon trou \u00e0 moi ailleurs\u202f! Rapidement, je me suis sentie reprise, tout comme Jonas qui avait mis son \u00e9nergie dans son propre plan a d\u00fb admettre que celui de Dieu \u00e9tait bien meilleur !<\/span><br \/>\n<span data-contrast=\"auto\">Je d\u00e9couvre vite l\u2019importance de ce d\u00e9tail dans une culture o\u00f9 il est primordial de savoir d\u2019o\u00f9 vient l\u2019autre pour lui faire confiance. Mon int\u00e9gration a donc \u00e9t\u00e9 grandement facilit\u00e9e\u202f! La continuit\u00e9 dans les liens entre la mission et l\u2019union d\u2019\u00e9glise sur place AET, s\u2019est faite naturellement.\u00a0<\/span><span data-ccp-props=\"{}\">\u00a0<\/span><\/p>\n<blockquote><p><strong>N\u00e9h\u00e9mie\u00a0<\/strong><\/p><\/blockquote>\n<p><span data-contrast=\"auto\"><strong>Et puis est arriv\u00e9 le temps de la construction<\/strong>. Les consultations de kin\u00e9sith\u00e9rapie allaient bon train ; 2 jeunes de la localit\u00e9 sont partis se former pour assurer la rel\u00e8ve. Nous avons alors d\u00e9cid\u00e9 de construire un centre plus accessible sur un terrain achet\u00e9 avec l\u2019\u00e9glise. Les 2 ann\u00e9es et demi qui ont suivi ont \u00e9t\u00e9 jonch\u00e9es de luttes pour enlever une antenne, un canon militaire, un immense tas de terre stock\u00e9 malencontreusement sur notre terrain. Alors que N\u00e9h\u00e9mie a tenu ferme face \u00e0 ses opposants qui ont us\u00e9 de nombreux stratag\u00e8mes pour interrompre son entreprise, avec le CA du centre<\/span><span data-contrast=\"auto\">,<\/span><span data-contrast=\"auto\">\u00a0nous avons eu le sentiment d\u2019avoir d\u00fb lutter et faire preuve de beaucoup de pers\u00e9v\u00e9rance pour voir le b\u00e2timent sortir de terre. Toutes les\u00a0petites victoires\u00a0\u00e9taient encore plus belles \u00e0 vivre\u202f!<\/span><span data-ccp-props=\"{}\">\u00a0<\/span><\/p>\n<p><span data-contrast=\"auto\">Cette \u0153uvre m\u2019a fait sortir de ma zone de confort. A certains moments du parcours, j\u2019ai d\u00fb m\u2019improviser architecte, gestionnaire, manager, formatrice&#8230; Des domaines que je ne ma\u00eetrise pas, m\u2019obligeant ainsi \u00e0 crier \u00e0 Dieu <\/span><span data-contrast=\"auto\">pour\u00a0<\/span><span data-contrast=\"auto\">qu\u2019il me vienne en aide. Je peux\u00a0d\u00e9sormais\u00a0pleinement affirmer que le centre Beth\u00a0Rahama\u00a0est\u00a0Son\u00a0\u0153uvre avant tout !<\/span><span data-ccp-props=\"{}\">\u00a0<\/span><\/p>\n<blockquote><p><strong>Elie\u00a0<\/strong><\/p><\/blockquote>\n<p><span data-contrast=\"auto\">6 ans apr\u00e8s le lancement du centre, pris dans le tumulte d\u2019une crise\u00a0importante dans l\u2019union d\u2019\u00e9glise, <strong>l\u2019\u00e9quipe sur place semble passer par un d\u00e9sert<\/strong>. Alors que la r\u00e9\u00e9ducation est un traitement nouveau pour la population,\u00a0lequel\u00a0n\u00e9cessite un investissement sur un temps plus long qu\u2019une simple injection, le changement doit d\u2019abord se faire dans les mentalit\u00e9s. Et cela prend du temps. Les musulmans sont plus r\u00e9ceptifs \u00e0 cela et davantage demandeurs. Comme Elie qui n\u2019\u00e9tait pas toujours bien re\u00e7u et accept\u00e9 quand il parlait \u00e0 son peuple,\u00a0Fadil, Abdallah et Deborah\u00a0se sentent parfois bien seuls face \u00e0 leurs pairs.\u00a0Nos encouragements\u00a0et notre soutien leur sont d\u2019autant plus pr\u00e9cieux.\u00a0<\/span><span data-ccp-props=\"{}\">\u00a0<\/span><\/p>\n<p><span data-ccp-props=\"{}\">\u00a0<\/span><\/p>\n<p><span data-contrast=\"auto\">Aujourd\u2019hui Beth\u00a0Rahama, la maison de la mis\u00e9ricorde, continue \u00e0 accueillir des patients, avec 3 chambres pour ceux qui viennent de loin. Jeanne-Marie\u00a0Boegli, une missionnaire suisse\u00a0de la MET, kin\u00e9sith\u00e9rapeute exp\u00e9riment\u00e9e,\u00a0soutient\u00a0le travail\u00a0de visite des\u00a0patients en\u00a0brousse avec Abdallah. Beaucoup d\u2019enfants en situation de handicap sont encore isol\u00e9s et les parents\u00a0restent\u00a0d\u00e9munis face \u00e0 l\u2019\u00e9tat de sant\u00e9 de leur enfant.\u00a0<\/span><span data-ccp-props=\"{}\">\u00a0<\/span><\/p>\n<p><span data-contrast=\"auto\">Fadil, auxiliaire kin\u00e9, responsable du centre, apprend \u00e0 son tour \u00e0 g\u00e9rer sa petite \u00e9quipe. Deborah est en train de terminer sa formation d\u2019auxiliaire kin\u00e9 (seule formation possible au Tchad) et pourra prochainement rejoindre ses confr\u00e8res. <\/span><span data-ccp-props=\"{}\">\u00a0<\/span><strong><span style=\"color: #96bd0d;\">Pour information, gr\u00e2ce \u00e0 vos dons, le p\u00f4le mission s\u2019est engag\u00e9\u00a0\u00e0\u00a0soutenir le centre en\u00a0versant\u00a03000\u20ac par an.<\/span>\u00a0<\/strong><span data-ccp-props=\"{}\">\u00a0<\/span>Il est beau de voir Dieu \u00e0 l\u2019\u0153uvre\u00a0tout au long de ces ann\u00e9es.\u00a0Que\u00a0Fadil, Abdallah,\u00a0Deborah\u00a0et Jeanne-Marie soient renouvel\u00e9s au quotidien dans ce beau minist\u00e8re qui leur a \u00e9t\u00e9 confi\u00e9.<\/p>\n<p><span data-contrast=\"auto\">Natalie Metz<\/span><span data-ccp-props=\"{}\">\u00a0<\/span><\/p>\n<p>&nbsp;<\/p>\n<p><span style=\"color: #009999;\"><strong>\u00a03 anecdotes que nous partage Jeanne-Marie\u202f:\u00a0<\/strong><\/span><\/p>\n<p><span data-contrast=\"auto\"><img loading=\"lazy\" decoding=\"async\" class=\"wp-image-753 alignleft\" src=\"http:\/\/enews.caef.net\/wp-content\/uploads\/2021\/07\/20200309_120938-225x300.jpg\" alt=\"\" width=\"124\" height=\"165\" srcset=\"https:\/\/enews.caef.net\/wp-content\/uploads\/2021\/07\/20200309_120938-225x300.jpg 225w, https:\/\/enews.caef.net\/wp-content\/uploads\/2021\/07\/20200309_120938-768x1024.jpg 768w, https:\/\/enews.caef.net\/wp-content\/uploads\/2021\/07\/20200309_120938-1152x1536.jpg 1152w, https:\/\/enews.caef.net\/wp-content\/uploads\/2021\/07\/20200309_120938-1536x2048.jpg 1536w, https:\/\/enews.caef.net\/wp-content\/uploads\/2021\/07\/20200309_120938-600x800.jpg 600w, https:\/\/enews.caef.net\/wp-content\/uploads\/2021\/07\/20200309_120938-scaled.jpg 1920w\" sizes=\"auto, (max-width: 124px) 100vw, 124px\" \/>\u00ab\u00a0Au centre<\/span><span data-contrast=\"auto\">,<\/span><span data-contrast=\"auto\"> les chambres d\u2019accueil ont \u00e9t\u00e9 r\u00e9nov\u00e9es, ce qui a permis d\u2019accueillir une famille avec un gar\u00e7on d\u2019une dizaine d\u2019ann\u00e9es ayant contract\u00e9 le t\u00e9tanos, suite \u00e0 une blessure au talon. Pris en charge m\u00e9dicalement, son corps entier est rest\u00e9 raide. Alors qu\u2019il commence \u00e0 retrouver une bonne mobilit\u00e9, la famille est repartie pour continuer le travail agricole. Il repart en marchant ! Mais avec une boiterie qui risque de persister&#8230;\u00a0\u00bb <\/span><span data-ccp-props=\"{}\">\u00a0<\/span><\/p>\n<p>&nbsp;<\/p>\n<p><span data-contrast=\"auto\"><img loading=\"lazy\" decoding=\"async\" class=\"wp-image-756 alignleft\" src=\"http:\/\/enews.caef.net\/wp-content\/uploads\/2021\/07\/physio-1358486-225x300.jpg\" alt=\"\" width=\"123\" height=\"164\" srcset=\"https:\/\/enews.caef.net\/wp-content\/uploads\/2021\/07\/physio-1358486-225x300.jpg 225w, https:\/\/enews.caef.net\/wp-content\/uploads\/2021\/07\/physio-1358486-768x1024.jpg 768w, https:\/\/enews.caef.net\/wp-content\/uploads\/2021\/07\/physio-1358486-1152x1536.jpg 1152w, https:\/\/enews.caef.net\/wp-content\/uploads\/2021\/07\/physio-1358486-1536x2048.jpg 1536w, https:\/\/enews.caef.net\/wp-content\/uploads\/2021\/07\/physio-1358486-600x800.jpg 600w, https:\/\/enews.caef.net\/wp-content\/uploads\/2021\/07\/physio-1358486-scaled.jpg 1920w\" sizes=\"auto, (max-width: 123px) 100vw, 123px\" \/>\u00ab\u00a0Une autre chambre d\u2019accueil est occup\u00e9e par un jeune homme tomb\u00e9 de cheval un mois plus t\u00f4t. Paralys\u00e9 du cou jusqu\u2019aux pieds, il retrouve lui aussi une\u202fmarche correcte. Mon adage favori dans ce pays o\u00f9 les soins m\u00e9dicaux sont limit\u00e9s est <span style=\"color: #009999;\"><strong>\u00ab Nous soignons, Dieu gu\u00e9rit\u202f\u00bb. <\/strong><\/span><\/span><span style=\"color: #009999;\"><strong>\u00a0<\/strong><\/span><\/p>\n<p>&nbsp;<\/p>\n<p>&nbsp;<\/p>\n<p><img loading=\"lazy\" decoding=\"async\" class=\"size-medium wp-image-754 alignleft\" src=\"http:\/\/enews.caef.net\/wp-content\/uploads\/2021\/07\/115_0726-300x225.jpg\" alt=\"\" width=\"300\" height=\"225\" srcset=\"https:\/\/enews.caef.net\/wp-content\/uploads\/2021\/07\/115_0726-300x225.jpg 300w, https:\/\/enews.caef.net\/wp-content\/uploads\/2021\/07\/115_0726-1024x768.jpg 1024w, https:\/\/enews.caef.net\/wp-content\/uploads\/2021\/07\/115_0726-768x576.jpg 768w, https:\/\/enews.caef.net\/wp-content\/uploads\/2021\/07\/115_0726-1536x1152.jpg 1536w, https:\/\/enews.caef.net\/wp-content\/uploads\/2021\/07\/115_0726-2048x1536.jpg 2048w\" sizes=\"auto, (max-width: 300px) 100vw, 300px\" \/><\/p>\n<p><span data-contrast=\"auto\">\u00ab\u00a0A Bitkine, sur la colline o\u00f9 nous habitons, l\u2019eau est livr\u00e9e \u00e0 dos d\u2019\u00e2ne ou sur une charrette tir\u00e9e par des b\u0153ufs. Le charretier qui nous am\u00e8ne l\u2019eau s\u2019est retrouv\u00e9 t\u00e9trapl\u00e9gique\u202fsuite \u00e0 un accident de moto, il y a quelques ann\u00e9es. Pris en charge \u00e0 la maison par des massages et de la mobilisation, il a peu \u00e0 peu retrouv\u00e9 des forces, mais ses membres sont rest\u00e9s faibles. Je lui propose une s\u00e9ance de Kabath, qui met en jeu des groupes musculaires et sens alors sa force augmenter au cours de la s\u00e9ance. Le lendemain, il en redemande\u202f! Au fil des s\u00e9ances, il devient plus fort et c\u2019est moi qui me retrouve en difficult\u00e9 pour opposer une r\u00e9sistance \u00e0 ses mouvements\u202f!\u00a0\u00bb<\/span><\/p>\n<p><strong><span style=\"color: #96bd0d;\">Vous souhaitez, vous aussi, soutenir les projets du P\u00f4le mission CAEF ou de l&rsquo;Asmaf ?<\/span><\/strong><br \/>\n<a href=\"https:\/\/mission.caef.net\/soutien\/\">https:\/\/mission.caef.net\/soutien\/<\/a><\/p>\n<p>&nbsp;<\/p>\n<p>&nbsp;<\/p>\n<p>&nbsp;<\/p>\n","protected":false},"excerpt":{"rendered":"<p>Beth Rahama : \u00ab\u00a0Nous soignons, Dieu gu\u00e9rit\u00a0\u00bb\u00a0 En repensant aux d\u00e9buts du centre de r\u00e9\u00e9ducation Beth\u00a0Rahama\u00a0de\u00a0Bitkine\u00a0au Tchad,\u00a0actuellement soutenu gr\u00e2ce \u00e0 vos\u00a0dons aupr\u00e8s de l\u2019ASMAF,\u00a0c\u2019est l\u2019histoire de Jonas qui me vient en t\u00eate, puis celle de N\u00e9h\u00e9mie et enfin\u00a0celle\u00a0d\u2019Elie.\u00a0\u00a0 \u00a0 Jonas\u00a0 Alors d\u00e9sireuse de servir le Seigneur \u00e0 l\u2019\u00e9tranger, mon m\u00e9tier de kin\u00e9 m\u2019ouvrait la porte\u00a0pour\u00a0la [&hellip;]<\/p>\n","protected":false},"author":4,"featured_media":755,"comment_status":"closed","ping_status":"closed","sticky":false,"template":"","format":"standard","meta":{"footnotes":""},"categories":[41],"tags":[85,49,47],"class_list":["post-752","post","type-post","status-publish","format-standard","has-post-thumbnail","hentry","category-pole-mission","tag-asmaf","tag-mission","tag-tchad"],"_links":{"self":[{"href":"https:\/\/enews.caef.net\/index.php?rest_route=\/wp\/v2\/posts\/752","targetHints":{"allow":["GET"]}}],"collection":[{"href":"https:\/\/enews.caef.net\/index.php?rest_route=\/wp\/v2\/posts"}],"about":[{"href":"https:\/\/enews.caef.net\/index.php?rest_route=\/wp\/v2\/types\/post"}],"author":[{"embeddable":true,"href":"https:\/\/enews.caef.net\/index.php?rest_route=\/wp\/v2\/users\/4"}],"replies":[{"embeddable":true,"href":"https:\/\/enews.caef.net\/index.php?rest_route=%2Fwp%2Fv2%2Fcomments&post=752"}],"version-history":[{"count":19,"href":"https:\/\/enews.caef.net\/index.php?rest_route=\/wp\/v2\/posts\/752\/revisions"}],"predecessor-version":[{"id":872,"href":"https:\/\/enews.caef.net\/index.php?rest_route=\/wp\/v2\/posts\/752\/revisions\/872"}],"wp:featuredmedia":[{"embeddable":true,"href":"https:\/\/enews.caef.net\/index.php?rest_route=\/wp\/v2\/media\/755"}],"wp:attachment":[{"href":"https:\/\/enews.caef.net\/index.php?rest_route=%2Fwp%2Fv2%2Fmedia&parent=752"}],"wp:term":[{"taxonomy":"category","embeddable":true,"href":"https:\/\/enews.caef.net\/index.php?rest_route=%2Fwp%2Fv2%2Fcategories&post=752"},{"taxonomy":"post_tag","embeddable":true,"href":"https:\/\/enews.caef.net\/index.php?rest_route=%2Fwp%2Fv2%2Ftags&post=752"}],"curies":[{"name":"wp","href":"https:\/\/api.w.org\/{rel}","templated":true}]}}