{"id":663,"date":"2021-06-16T10:23:14","date_gmt":"2021-06-16T08:23:14","guid":{"rendered":"https:\/\/enews.caef.net\/?p=663"},"modified":"2021-06-22T15:21:17","modified_gmt":"2021-06-22T13:21:17","slug":"notre-grande-famille-au-pres-comme-au-loin","status":"publish","type":"post","link":"https:\/\/enews.caef.net\/?p=663","title":{"rendered":"Notre grande famille au pr\u00e8s comme au loin"},"content":{"rendered":"<p style=\"text-align: justify;\">Depuis le commencement, Dieu a un projet pour son peuple. Il va l\u2019emmener \u00e0 migrer, changer de pays, le faisant passer du statut d\u2019\u00e9tranger \u00e0 celui d\u2019h\u00f4te pour les \u00e9trangers. Il sera r\u00e9uni dans un m\u00eame lieu ou dispers\u00e9 sur la surface de la terre. Et l\u2019histoire de ce peuple, dont nous faisons partie, s\u2019\u00e9crit aujourd\u2019hui encore au sein de l\u2019\u00c9glise. La mission premi\u00e8re de ce peuple est d\u2019\u00eatre des adorateurs qui refl\u00e8tent Dieu, ce qui permet d\u2019avoir un petit aper\u00e7u de la gloire c\u00e9leste sur terre.<\/p>\n<blockquote>\n<p style=\"text-align: justify;\">La mission, ce terme parfois un peu trop connot\u00e9 par les r\u00e9cits missionnaires d\u2019autrefois et notre imaginaire d\u00e9bordant, n\u2019est pas une sp\u00e9cialisation dans l\u2019\u00e9glise, elle fait partie de son ADN m\u00eame. Alors que certains membres du corps \u0153uvrent \u00e0 l\u2019affermissement de cette derni\u00e8re, d\u2019autres prennent soin de ceux qui en ont besoin, quelques-uns font le lien avec d\u2019autres membres de cette grande famille en choisissant de vivre \u00e0 l\u2019\u00e9tranger.<\/p>\n<\/blockquote>\n<p style=\"text-align: justify;\">Les missionnaires, comme nous les appelons, sont de cette partie du peuple, qui ont \u00e9t\u00e9 envoy\u00e9s parfois loin de leurs terres d\u2019origine pour vivre simplement leur foi l\u00e0 o\u00f9 le Seigneur le d\u00e9sire.<\/p>\n<p style=\"text-align: justify;\">Autant Dieu mettait le peuple d\u2019Isra\u00ebl en garde de ne pas tomber sous l\u2019influence des autres nations qui les feraient s\u2019\u00e9loigner de Lui, autant aujourd\u2019hui, la diversit\u00e9 de l\u2019\u00c9glise est une richesse extraordinaire.<\/p>\n<blockquote>\n<p style=\"text-align: justify;\">Comment rester indiff\u00e9rent face \u00e0 :<\/p>\n<\/blockquote>\n<ul style=\"text-align: justify;\">\n<li>la foi sinc\u00e8re de fr\u00e8res qui connaissent si bien les risques d\u2019arrestation injustifi\u00e9es,<\/li>\n<li>la d\u00e9pendance de s\u0153urs qui ne savent pas comment elles nourriront leurs enfants le jour m\u00eame<\/li>\n<li>ou la pri\u00e8re authentique d\u2019enfants qui se savent gard\u00e9s par leur P\u00e8re c\u00e9leste alors que tout semble instable autour d\u2019eux.<\/li>\n<\/ul>\n<blockquote>\n<p style=\"text-align: justify;\">C\u2019est \u00e0 cette grande famille que nous appartenons\u00a0!<\/p>\n<\/blockquote>\n<p style=\"text-align: justify;\">Alors que dans certains pays l\u2019\u00e9glise est bien implant\u00e9e, dans d\u2019autres tribus, l\u2019\u00c9vangile n\u2019a pas encore \u00e9t\u00e9 accept\u00e9 ni m\u00eame entendu. Dieu seul sait mieux que quiconque qui envoyer et pour quelle mission accomplir.<\/p>\n<p style=\"text-align: justify;\">38 des n\u00f4tres sont ainsi partis s\u2019expatrier dans de nouvelles contr\u00e9es en r\u00e9ponse \u00e0 ce que le Seigneur leur a mis \u00e0 c\u0153ur. Avec eux, ce sont 21 enfants et ados qui grandissent \u00e0 leurs c\u00f4t\u00e9s, les voyant \u00e0 l\u2019\u0153uvre au quotidien. Ils sont r\u00e9partis dans 18 pays sur 3 continents diff\u00e9rents.<\/p>\n<p style=\"text-align: justify;\">Dans l\u2019immense diversit\u00e9 du peuple de Dieu, la vari\u00e9t\u00e9 des personnalit\u00e9s et des dons est \u00e9galement d\u2019une grande richesse. Certains seront \u00e0 l\u2019aise parmi la jeunesse, d\u2019autres avec des personnes vuln\u00e9rables ou d\u2019autres encore au sein des leaders. Certains seront des \u00e9ducateurs, pendant que d\u2019autres soigneront ou encore serviront de mani\u00e8re tr\u00e8s pratique.<\/p>\n<p style=\"text-align: justify;\"><b>Luc et Carolina,<\/b> avec leur \u00e9nergie d\u00e9bordante, veulent passer ce m\u00eame message aux jeunes latinos en Argentine, pour qu\u2019\u00e0 leur tour ils s\u2019engagent dans la mission et fassent de toutes les nations des disciples.<\/p>\n<p style=\"text-align: justify;\">Alors que <b>Nicola<\/b> avait comme souhait cach\u00e9 d\u2019aider un jour les personnes toxicomanes, c\u2019est au Br\u00e9sil apr\u00e8s plusieurs ann\u00e9es sur place, \u00e0 g\u00e9rer, avec son \u00e9pouse, un centre d\u2019accueil et de loisirs pour les enfants des favelas, qu\u2019il croise la route de personnes souhaitant sortir de cette d\u00e9pendance \u00e0 la drogue. Bien que cela ne soit pas son minist\u00e8re principal, il ne s\u2019attendait pas \u00e0 \u00eatre cet outil dont Dieu se servirait pour accompagner ces hommes.<\/p>\n<p style=\"text-align: justify;\"><b>Gabrielle<\/b>, riche d\u2019exp\u00e9riences pass\u00e9es, se retrouve aujourd\u2019hui \u00e0 pouvoir annoncer l\u2019\u00c9vangile comme elle sait si bien le faire, avec un arabe d\u00e9j\u00e0 acquis auparavant, parmi des r\u00e9fugi\u00e9s arriv\u00e9s en Gr\u00e8ce. Avec son mari, ils sont \u00e9merveill\u00e9s, de voir les c\u0153urs ouverts de ces gens qui ont tant perdu.<\/p>\n<p style=\"text-align: justify;\"><b>S\u00e9bastien et Jessica<\/b> ont fait ce choix de quitter leur brillante carri\u00e8re et leur situation confortable avec leurs 3 enfants, pour apprendre \u00e0 vivre dans la d\u00e9pendance de Dieu. Leurs dons sont mis \u00e0 contribution aussi bien pour accompagner et enseigner les futurs serviteurs de Dieu, en Ecosse, que pour manager ceux qui sont d\u00e9j\u00e0 sur le terrain. Ce ne sont pas les parents seuls mais leurs enfants aussi qui bouillonnent pour t\u00e9moigner autour d\u2019eux de ce que le Seigneur fait dans leur vie.<\/p>\n<p style=\"text-align: justify;\">Que dire de <b>Daniel et Isabelle<\/b> qui ont tellement \u00e9t\u00e9 attir\u00e9s par les peuples des Premi\u00e8res Nations, qu\u2019ils sont partis s\u2019installer au Canada, pour leur apporter un autre regard sur Dieu. Ces tribus ont \u00e9t\u00e9 les tristes victimes d\u2019un colonialisme \u00ab\u00a0chr\u00e9tien\u00a0\u00bb blanc, portant de nombreux traumatismes encore douloureux aujourd\u2019hui. Manifester l\u2019amour de Dieu par de l\u2019aide concr\u00e8te du quotidien permet petit \u00e0 petit de restaurer une v\u00e9ritable confiance.<\/p>\n<p style=\"text-align: justify;\"><b>Fran\u00e7oise<\/b> donne tant pour que les enfants en situation de handicap au Burkina soient consid\u00e9r\u00e9s avec plus de respect. Et m\u00eame si aujourd\u2019hui l\u2019ins\u00e9curit\u00e9 est un obstacle, la technologie lui permet d\u2019\u00eatre pr\u00e9sente virtuellement sur place au sein d\u2019une \u00e9quipe qui travaille \u00e0 des milliers de km d\u2019elle.<\/p>\n<p style=\"text-align: justify;\"><b>Wendy, Paul et C\u00e9line<\/b> soignent ceux qui en ont besoin et forment ceux qui prennent soin des autres. Alors qu\u2019<b>\u00c9veline<\/b>, souhaite voir des jeunes faire des choix de vie digne d\u2019enfant de Dieu, ce qui leur \u00e9pargnerait certaines cons\u00e9quences irr\u00e9versibles comme contracter la maladie du sida par exemple. Pour pr\u00e9venir en partie cela,<b> Alexia<\/b> a ouvert un foyer qui accueille les m\u00e8res filles et leur b\u00e9b\u00e9, pour qu\u2019ils aient l\u2019opportunit\u00e9 le plus t\u00f4t possible de vivre dans un cadre s\u00e9curisant.<\/p>\n<p style=\"text-align: justify;\"><b>Hoby<\/b>, elle, ne se serait jamais imagin\u00e9 devenir un jour directrice p\u00e9dagogique de toute une \u00e9cole primaire en milieu musulman, elle qui pensait enseigner \u00e0 l\u2019universit\u00e9 en France.<\/p>\n<p style=\"text-align: justify;\"><b>Hanna<\/b>, qui se sent \u00e0 l\u2019aise partout, s\u2019est vite fait une place dans un centre culturel en plein centre d\u2019une capitale africaine.<\/p>\n<p style=\"text-align: justify;\"><b>Mamifeno, Anita, Alain, Christiane, Jean, Pascale et Mustapha<\/b> apportent leur soutien \u00e0 l\u2019affermissement de ceux qui dirigent les \u00e9glises.<\/p>\n<p style=\"text-align: justify;\">Alors que <b>Olivier, Siegrid, Dirk et La\u00ebtitia<\/b> font profiter les membres des \u00e9glises de leurs dons.<\/p>\n<p style=\"text-align: justify;\"><b>Blandine <\/b>et son \u00e9quipe, en apportant l\u2019eau \u00e0 boire, veulent aussi montrer l\u2019acc\u00e8s \u00e0 l\u2019eau de la Vie.<\/p>\n<p style=\"text-align: justify;\"><b>Nicolas et Becca <\/b>contribuent \u00e0 ce que cette Parole soit traduite dans les langues vernaculaires pour que le plus grand nombre y aient acc\u00e8s.<\/p>\n<p style=\"text-align: justify;\">Quand d\u2019autres sont dans l\u2019accompagnement au d\u00e9veloppement personnel et spirituel de leur collaborateur ou encore pour la formation \u00e0 une agriculture \u00e9coresponsable.<\/p>\n<p style=\"text-align: justify;\">En brossant tout ce beau panel de minist\u00e8res nous ne pouvons qu\u2019\u00eatre admiratifs et reconnaissants de l\u2019\u0153uvre de Dieu en chacun et au sein de notre grande famille. Il nous envoie et nous \u00e9quipe pour \u00eatre sel et lumi\u00e8re avec son Esprit. Que toute la gloire lui revienne.<\/p>\n<p>Natalie Metz<\/p>\n<p style=\"text-align: justify;\">Notre nouveau site\u00a0: <a href=\"http:\/\/mission.caef.net\">mission.caef.net<\/a><\/p>\n<p style=\"text-align: justify;\"><img loading=\"lazy\" decoding=\"async\" class=\"wp-image-664\" src=\"http:\/\/enews.caef.net\/wp-content\/uploads\/2021\/06\/thumbnail_map-monde-missionnaire-vierge-300x174.jpg\" alt=\"\" width=\"399\" height=\"231\" srcset=\"https:\/\/enews.caef.net\/wp-content\/uploads\/2021\/06\/thumbnail_map-monde-missionnaire-vierge-300x174.jpg 300w, https:\/\/enews.caef.net\/wp-content\/uploads\/2021\/06\/thumbnail_map-monde-missionnaire-vierge-768x445.jpg 768w, https:\/\/enews.caef.net\/wp-content\/uploads\/2021\/06\/thumbnail_map-monde-missionnaire-vierge.jpg 1000w\" sizes=\"auto, (max-width: 399px) 100vw, 399px\" \/><\/p>\n","protected":false},"excerpt":{"rendered":"<p>Depuis le commencement, Dieu a un projet pour son peuple. Il va l\u2019emmener \u00e0 migrer, changer de pays, le faisant passer du statut d\u2019\u00e9tranger \u00e0 celui d\u2019h\u00f4te pour les \u00e9trangers. Il sera r\u00e9uni dans un m\u00eame lieu ou dispers\u00e9 sur la surface de la terre. Et l\u2019histoire de ce peuple, dont nous faisons partie, s\u2019\u00e9crit [&hellip;]<\/p>\n","protected":false},"author":4,"featured_media":701,"comment_status":"closed","ping_status":"closed","sticky":false,"template":"","format":"standard","meta":{"footnotes":""},"categories":[17,41],"tags":[83,81,82],"class_list":["post-663","post","type-post","status-publish","format-standard","has-post-thumbnail","hentry","category-a-la-une","category-pole-mission","tag-famille-de-leglise","tag-missionnaires","tag-prier-pour-les-missionnaires"],"_links":{"self":[{"href":"https:\/\/enews.caef.net\/index.php?rest_route=\/wp\/v2\/posts\/663","targetHints":{"allow":["GET"]}}],"collection":[{"href":"https:\/\/enews.caef.net\/index.php?rest_route=\/wp\/v2\/posts"}],"about":[{"href":"https:\/\/enews.caef.net\/index.php?rest_route=\/wp\/v2\/types\/post"}],"author":[{"embeddable":true,"href":"https:\/\/enews.caef.net\/index.php?rest_route=\/wp\/v2\/users\/4"}],"replies":[{"embeddable":true,"href":"https:\/\/enews.caef.net\/index.php?rest_route=%2Fwp%2Fv2%2Fcomments&post=663"}],"version-history":[{"count":9,"href":"https:\/\/enews.caef.net\/index.php?rest_route=\/wp\/v2\/posts\/663\/revisions"}],"predecessor-version":[{"id":726,"href":"https:\/\/enews.caef.net\/index.php?rest_route=\/wp\/v2\/posts\/663\/revisions\/726"}],"wp:featuredmedia":[{"embeddable":true,"href":"https:\/\/enews.caef.net\/index.php?rest_route=\/wp\/v2\/media\/701"}],"wp:attachment":[{"href":"https:\/\/enews.caef.net\/index.php?rest_route=%2Fwp%2Fv2%2Fmedia&parent=663"}],"wp:term":[{"taxonomy":"category","embeddable":true,"href":"https:\/\/enews.caef.net\/index.php?rest_route=%2Fwp%2Fv2%2Fcategories&post=663"},{"taxonomy":"post_tag","embeddable":true,"href":"https:\/\/enews.caef.net\/index.php?rest_route=%2Fwp%2Fv2%2Ftags&post=663"}],"curies":[{"name":"wp","href":"https:\/\/api.w.org\/{rel}","templated":true}]}}