{"id":595,"date":"2021-05-11T14:49:26","date_gmt":"2021-05-11T12:49:26","guid":{"rendered":"https:\/\/enews.caef.net\/?p=595"},"modified":"2021-06-21T12:19:36","modified_gmt":"2021-06-21T10:19:36","slug":"de-quoi-allons-nous-parler","status":"publish","type":"post","link":"https:\/\/enews.caef.net\/?p=595","title":{"rendered":"De quoi va-t-on parler au Congr\u00e8s ?"},"content":{"rendered":"<p>En avant-premi\u00e8re, Manu Renard nous d\u00e9voile de quoi il va parler durant ses 3 interventions au Congr\u00e8s CAEF !<\/p>\n<p><strong>Vous pourriez bien y d\u00e9couvrir un vrai projet pour votre \u00e9glise locale !<\/strong><\/p>\n<p><a href=\"https:\/\/www.youtube.com\/watch?v=QL_RgaF5U-o\"><img loading=\"lazy\" decoding=\"async\" class=\"wp-image-606 aligncenter\" src=\"http:\/\/enews.caef.net\/wp-content\/uploads\/2021\/05\/image-3QA-300x114.jpg\" alt=\"\" width=\"471\" height=\"179\" srcset=\"https:\/\/enews.caef.net\/wp-content\/uploads\/2021\/05\/image-3QA-300x114.jpg 300w, https:\/\/enews.caef.net\/wp-content\/uploads\/2021\/05\/image-3QA-1024x388.jpg 1024w, https:\/\/enews.caef.net\/wp-content\/uploads\/2021\/05\/image-3QA-768x291.jpg 768w, https:\/\/enews.caef.net\/wp-content\/uploads\/2021\/05\/image-3QA-1536x582.jpg 1536w, https:\/\/enews.caef.net\/wp-content\/uploads\/2021\/05\/image-3QA.jpg 1885w\" sizes=\"auto, (max-width: 471px) 100vw, 471px\" \/><\/a><\/p>\n","protected":false},"excerpt":{"rendered":"<p>En avant-premi\u00e8re, Manu Renard nous d\u00e9voile de quoi il va parler durant ses 3 interventions au Congr\u00e8s CAEF ! Vous pourriez bien y d\u00e9couvrir un vrai projet pour votre \u00e9glise locale !<\/p>\n","protected":false},"author":4,"featured_media":632,"comment_status":"closed","ping_status":"closed","sticky":false,"template":"","format":"standard","meta":{"footnotes":""},"categories":[6],"tags":[69,62,19,65],"class_list":["post-595","post","type-post","status-publish","format-standard","has-post-thumbnail","hentry","category-3-questions-a","tag-apres-covid","tag-congres-caef","tag-diversite","tag-eglises"],"_links":{"self":[{"href":"https:\/\/enews.caef.net\/index.php?rest_route=\/wp\/v2\/posts\/595","targetHints":{"allow":["GET"]}}],"collection":[{"href":"https:\/\/enews.caef.net\/index.php?rest_route=\/wp\/v2\/posts"}],"about":[{"href":"https:\/\/enews.caef.net\/index.php?rest_route=\/wp\/v2\/types\/post"}],"author":[{"embeddable":true,"href":"https:\/\/enews.caef.net\/index.php?rest_route=\/wp\/v2\/users\/4"}],"replies":[{"embeddable":true,"href":"https:\/\/enews.caef.net\/index.php?rest_route=%2Fwp%2Fv2%2Fcomments&post=595"}],"version-history":[{"count":9,"href":"https:\/\/enews.caef.net\/index.php?rest_route=\/wp\/v2\/posts\/595\/revisions"}],"predecessor-version":[{"id":621,"href":"https:\/\/enews.caef.net\/index.php?rest_route=\/wp\/v2\/posts\/595\/revisions\/621"}],"wp:featuredmedia":[{"embeddable":true,"href":"https:\/\/enews.caef.net\/index.php?rest_route=\/wp\/v2\/media\/632"}],"wp:attachment":[{"href":"https:\/\/enews.caef.net\/index.php?rest_route=%2Fwp%2Fv2%2Fmedia&parent=595"}],"wp:term":[{"taxonomy":"category","embeddable":true,"href":"https:\/\/enews.caef.net\/index.php?rest_route=%2Fwp%2Fv2%2Fcategories&post=595"},{"taxonomy":"post_tag","embeddable":true,"href":"https:\/\/enews.caef.net\/index.php?rest_route=%2Fwp%2Fv2%2Ftags&post=595"}],"curies":[{"name":"wp","href":"https:\/\/api.w.org\/{rel}","templated":true}]}}