{"id":564,"date":"2021-05-11T09:26:12","date_gmt":"2021-05-11T07:26:12","guid":{"rendered":"https:\/\/enews.caef.net\/?p=564"},"modified":"2021-05-12T12:40:11","modified_gmt":"2021-05-12T10:40:11","slug":"culte-en-commun-une-premiere-a-vivre%e2%80%af","status":"publish","type":"post","link":"https:\/\/enews.caef.net\/?p=564","title":{"rendered":"Culte en commun : une premi\u00e8re \u00e0 vivre\u202f?\u00a0"},"content":{"rendered":"<h3><span style=\"color: #009999;\"><b>Toutes les Eglises de l\u2019EECAEF r\u00e9unies le dimanche 23 mai\u202f?\u00a0<\/b><\/span><\/h3>\n<p><span data-contrast=\"auto\">Pour la\u00a0deuxi\u00e8me\u00a0ann\u00e9e cons\u00e9cutive,\u00a0nous n\u2019aurons pas l\u2019occasion de nous rencontrer en pr\u00e9sentiel lors de notre congr\u00e8s annuel. Ce qui\u00a0est\u00a0pourtant\u00a0unanimement pl\u00e9biscit\u00e9 dans\u00a0nos congr\u00e8s, ce sont\u00a0les\u00a0temps de rencontres, de retrouvailles, de discussions ou d\u2019\u00e9changes entre participants. Mais cette ann\u00e9e encore, il faudra \u00eatre patient avant de pouvoir revivre de tels moments et r\u00e9apprendre \u00e0 se faire la bise (si cela\u00a0est\u00a0encore possible un jour\u202f?) ou se serrer la main.\u00a0<\/span><span data-ccp-props=\"{&quot;201341983&quot;:0,&quot;335559740&quot;:259}\">\u00a0<\/span><\/p>\n<h3><span style=\"color: #009999;\"><b>Regardons aux o<\/b><b>pportunit\u00e9s<\/b><b>\u202f!<\/b>\u00a0<\/span><\/h3>\n<p><span data-contrast=\"auto\">Si nous pouvons regretter ce qu\u2019il n\u2019est pas possible de faire cette ann\u00e9e, regardons d\u2019un peu plus pr\u00e8s les opportunit\u00e9s <\/span><span data-contrast=\"auto\">\u00e0 saisir\u00a0<\/span><span data-contrast=\"auto\">dans la version distancielle ou num\u00e9rique du congr\u00e8s\u00a0qui se tiendra\u00a0du 21 au 23 mai prochains.\u00a0<\/span><span data-ccp-props=\"{&quot;201341983&quot;:0,&quot;335559740&quot;:259}\">\u00a0<\/span><\/p>\n<p><span data-contrast=\"auto\">Tout d\u2019abord,\u00a0ce congr\u00e8s pourra \u00eatre suivi\u202f:<\/span><span data-ccp-props=\"{&quot;201341983&quot;:0,&quot;335559740&quot;:259}\">\u00a0<\/span><\/p>\n<ul>\n<li data-leveltext=\"\uf0b7\" data-font=\"Symbol\" data-listid=\"1\" aria-setsize=\"-1\" data-aria-posinset=\"1\" data-aria-level=\"1\"><span data-contrast=\"auto\">quel\u00a0que soit l\u2019endroit o\u00f9 vous serez\u202f: chez vous, chez vos amis, en\u00a0week-end, en Eglise\u2026,<\/span><span data-ccp-props=\"{&quot;134233279&quot;:true,&quot;201341983&quot;:0,&quot;335559740&quot;:259}\">\u00a0<\/span><\/li>\n<li data-leveltext=\"\uf0b7\" data-font=\"Symbol\" data-listid=\"1\" aria-setsize=\"-1\" data-aria-posinset=\"2\" data-aria-level=\"1\"><span data-contrast=\"auto\">quelles\u00a0que soient les restrictions sanitaires en vigueur fin mai<\/span><span data-contrast=\"auto\">.<\/span><span data-ccp-props=\"{&quot;134233279&quot;:true,&quot;201341983&quot;:0,&quot;335559740&quot;:259}\">\u00a0<\/span><\/li>\n<\/ul>\n<p><span data-contrast=\"auto\">C\u2019est aussi pour ces raisons que nous avons fait le choix de proposer 4 rencontres \u00e9tal\u00e9es sur 3 jours de mani\u00e8re \u00e0 ne pas monopoliser tout votre temps, mais\u00a0<\/span><span data-contrast=\"auto\">\u00e0\u00a0<\/span><span data-contrast=\"auto\">vous offrir la possibilit\u00e9 de nous rejoindre \u00e0 certains moments de la journ\u00e9e.\u00a0<\/span><span data-ccp-props=\"{&quot;201341983&quot;:0,&quot;335559740&quot;:259}\">\u00a0<\/span><\/p>\n<p><span data-contrast=\"auto\">Nous<\/span><span data-contrast=\"none\">\u00a0<\/span><span data-contrast=\"auto\">esp\u00e9rons\u00a0aussi\u202fque\u00a0beaucoup vivront leur premier congr\u00e8s,\u00a0d\u2019autant plus que la capacit\u00e9 d\u2019accueil est sans limite\u202f!<\/span><span data-ccp-props=\"{&quot;201341983&quot;:0,&quot;335559740&quot;:259}\">\u00a0<\/span><\/p>\n<h3><span style=\"color: #009999;\"><b>Vivre un moment unique<\/b>\u00a0<\/span><\/h3>\n<p><span data-contrast=\"auto\">Et si nous\u00a0vivions\u00a0un \u00e9v\u00e8nement historique\u202f: 118 Eglises de l\u2019EECAEF rassembl\u00e9es \u00e0 distance pour vivre ensemble un culte en commun le\u00a0<\/span><b><span data-contrast=\"auto\">dimanche 23 mai de 10h45 \u00e0 12h00<\/span><\/b><span data-contrast=\"auto\">\u202f?\u00a0<\/span><span data-ccp-props=\"{&quot;201341983&quot;:0,&quot;335559740&quot;:259}\">\u00a0<\/span><\/p>\n<p><span data-contrast=\"auto\">Les plus anciens parmi nous se\u00a0souviennent\u00a0de la campagne d\u2019Evang\u00e9lisation de Billy Graham en 1986 \u00e0 Bercy retransmise\u00a0simultan\u00e9ment\u00a0dans 20 villes en France.\u00a0\u00a0<\/span><span data-ccp-props=\"{&quot;201341983&quot;:0,&quot;335559740&quot;:259}\">\u00a0<\/span><\/p>\n<p><span data-contrast=\"auto\">Et si\u00a0nous\u00a0multiplions\u00a0par cinq le nombre\u00a0de\u00a0villes ou villages\u00a0qui se connecteront<\/span><span data-contrast=\"auto\">\u00a0\u00e0 cette c\u00e9l\u00e9bration\u00a0<\/span><span data-contrast=\"auto\">gr\u00e2ce \u00e0\u00a0des moyens techniques bien plus\u00a0<\/span><span data-contrast=\"auto\">\u00e9labor\u00e9s, performants\u00a0<\/span><span data-contrast=\"auto\">mais aussi beaucoup\u00a0simples qu\u2019en 1986\u202f?<\/span><span data-ccp-props=\"{&quot;201341983&quot;:0,&quot;335559740&quot;:259}\">\u00a0<\/span><\/p>\n<blockquote><p><span data-contrast=\"auto\">Notre objectif\u00a0ne consiste pas \u00e0 rivaliser avec la campagne de 1986<\/span><span data-contrast=\"auto\">\u00a0\u00e0 Bercy<\/span><span data-contrast=\"auto\">. Nous souhaitons simplement saisir cette occasion pour rendre plus sensible et peut-\u00eatre plus concret le lien qui unit nos Eglises dans le\u00a0cadre de\u00a0l\u2019union d\u2019Eglises \u00e0 laquelle nous appartenons.<\/span><span data-ccp-props=\"{&quot;201341983&quot;:0,&quot;335559740&quot;:259}\">\u00a0<\/span><\/p><\/blockquote>\n<p><span data-contrast=\"auto\">\u00a0<\/span><span data-contrast=\"auto\">Et nous voulons le faire en\u00a0nous\u00a0r\u00e9unissant autour de la Parole du Seigneur. Bien\u00a0s\u00fbr,\u00a0les limites sanitaires et techniques ne nous permettront pas\u00a0de c\u00e9l\u00e9brer un culte comme si nous \u00e9tions tous r\u00e9unis physiquement en un m\u00eame lieu pour\u00a0<\/span><span data-contrast=\"auto\">\u00e9couter et\u00a0<\/span><span data-contrast=\"auto\">adorer\u00a0le Seigneur, prier\u00a0et\u00a0partager la Sainte-C\u00e8ne tous ensemble.\u00a0<\/span><span data-ccp-props=\"{&quot;201341983&quot;:0,&quot;335559740&quot;:259}\">\u00a0<\/span><\/p>\n<p><span data-contrast=\"auto\">Mais saisissons d\u00e9j\u00e0 cette occasion\u00a0en esp\u00e9rant\u00a0vivre une telle c\u00e9l\u00e9bration le jour o\u00f9 nous pourrons tous nous retrouver.\u00a0\u00a0<\/span><span data-ccp-props=\"{&quot;201341983&quot;:0,&quot;335559740&quot;:259}\">\u00a0<\/span><\/p>\n<h3><span style=\"color: #009999;\"><b>A\u00a0l\u2019\u00e9coute du Seigneur<\/b>\u00a0\u00a0<\/span><\/h3>\n<p><span data-contrast=\"auto\">Concr\u00e8tement,\u00a0le programme sera diffus\u00e9\u00a0en direct depuis Paris et Valence\u00a0le dimanche 23 mai de 10h45 \u00e0 12h. Ce programme vous proposera deux interventions\u202f: un mot de la CSR puis le dernier enseignement de Manu Renard orateur du congr\u00e8s 2021. Le tout sera\u00a0entrecoup\u00e9 de chants (\u00e0 \u00e9couter) et d\u2019un temps d\u2019\u00e9changes\u00a0avec l\u2019orateur. Cette c\u00e9l\u00e9bration cl\u00f4turera l\u2019\u00e9dition 2021 du Congr\u00e8s CAEF.\u00a0<\/span><span data-ccp-props=\"{&quot;201341983&quot;:0,&quot;335559740&quot;:259}\">\u00a0<\/span><\/p>\n<blockquote><p><span data-contrast=\"auto\">Nous prions que le Seigneur nous parle tout particuli\u00e8rement durant ce temps de congr\u00e8s, en des circonstances si particuli\u00e8res. Nous voulons \u00eatre \u00e0 son \u00e9coute. Que veut dire le Seigneur \u00e0 son Eglise\u202f?<br \/>\n<\/span><\/p>\n<p><span data-contrast=\"auto\">Prions d\u2019ores et d\u00e9j\u00e0 pour que nos oreilles soient ouvertes et notre c\u0153ur dispos\u00e9<\/span><span data-contrast=\"auto\">\u00a0\u00e0 \u00e9couter et peut-\u00eatre m\u00eame \u00e0 se laisser surprendre ou interpeller\u00a0<\/span><span data-contrast=\"auto\">par notre\u00a0P\u00e8re c\u00e9leste.\u00a0<\/span><span data-ccp-props=\"{&quot;201341983&quot;:0,&quot;335559740&quot;:259}\">\u00a0<\/span><\/p><\/blockquote>\n<p><span data-contrast=\"auto\">Pour vous inscrire, ou inviter vos proches et amis \u00e0 le faire, n\u2019h\u00e9sitez pas \u00e0 communiquer l\u2019adresse du site du congr\u00e8s\u202f:\u00a0<\/span><a href=\"https:\/\/congres.caef.net\/\"><span data-contrast=\"none\">https:\/\/congres.caef.net<\/span><\/a><span data-contrast=\"auto\">.\u00a0<\/span><span data-ccp-props=\"{&quot;201341983&quot;:0,&quot;335559740&quot;:259}\">\u00a0<\/span><span style=\"color: #ff6600;\">Vous y trouverez aussi toutes les infos relatives \u00e0 ce culte en commun (inscription, modalit\u00e9s pratiques notamment)\u00a0<\/span><\/p>\n<p><span data-ccp-props=\"{&quot;201341983&quot;:0,&quot;335559740&quot;:259}\">\u00a0Eric Waechter<\/span><\/p>\n<p><span data-contrast=\"auto\">\u00a0<\/span><span data-ccp-props=\"{&quot;201341983&quot;:0,&quot;335559740&quot;:259}\">\u00a0<\/span><\/p>\n","protected":false},"excerpt":{"rendered":"<p>Toutes les Eglises de l\u2019EECAEF r\u00e9unies le dimanche 23 mai\u202f?\u00a0 Pour la\u00a0deuxi\u00e8me\u00a0ann\u00e9e cons\u00e9cutive,\u00a0nous n\u2019aurons pas l\u2019occasion de nous rencontrer en pr\u00e9sentiel lors de notre congr\u00e8s annuel. Ce qui\u00a0est\u00a0pourtant\u00a0unanimement pl\u00e9biscit\u00e9 dans\u00a0nos congr\u00e8s, ce sont\u00a0les\u00a0temps de rencontres, de retrouvailles, de discussions ou d\u2019\u00e9changes entre participants. Mais cette ann\u00e9e encore, il faudra \u00eatre patient avant de pouvoir revivre [&hellip;]<\/p>\n","protected":false},"author":4,"featured_media":631,"comment_status":"closed","ping_status":"closed","sticky":false,"template":"","format":"standard","meta":{"footnotes":""},"categories":[17,7],"tags":[62,63,65,64],"class_list":["post-564","post","type-post","status-publish","format-standard","has-post-thumbnail","hentry","category-a-la-une","category-actu","tag-congres-caef","tag-culte","tag-eglises","tag-union"],"_links":{"self":[{"href":"https:\/\/enews.caef.net\/index.php?rest_route=\/wp\/v2\/posts\/564","targetHints":{"allow":["GET"]}}],"collection":[{"href":"https:\/\/enews.caef.net\/index.php?rest_route=\/wp\/v2\/posts"}],"about":[{"href":"https:\/\/enews.caef.net\/index.php?rest_route=\/wp\/v2\/types\/post"}],"author":[{"embeddable":true,"href":"https:\/\/enews.caef.net\/index.php?rest_route=\/wp\/v2\/users\/4"}],"replies":[{"embeddable":true,"href":"https:\/\/enews.caef.net\/index.php?rest_route=%2Fwp%2Fv2%2Fcomments&post=564"}],"version-history":[{"count":13,"href":"https:\/\/enews.caef.net\/index.php?rest_route=\/wp\/v2\/posts\/564\/revisions"}],"predecessor-version":[{"id":624,"href":"https:\/\/enews.caef.net\/index.php?rest_route=\/wp\/v2\/posts\/564\/revisions\/624"}],"wp:featuredmedia":[{"embeddable":true,"href":"https:\/\/enews.caef.net\/index.php?rest_route=\/wp\/v2\/media\/631"}],"wp:attachment":[{"href":"https:\/\/enews.caef.net\/index.php?rest_route=%2Fwp%2Fv2%2Fmedia&parent=564"}],"wp:term":[{"taxonomy":"category","embeddable":true,"href":"https:\/\/enews.caef.net\/index.php?rest_route=%2Fwp%2Fv2%2Fcategories&post=564"},{"taxonomy":"post_tag","embeddable":true,"href":"https:\/\/enews.caef.net\/index.php?rest_route=%2Fwp%2Fv2%2Ftags&post=564"}],"curies":[{"name":"wp","href":"https:\/\/api.w.org\/{rel}","templated":true}]}}