{"id":429,"date":"2021-03-12T15:05:46","date_gmt":"2021-03-12T14:05:46","guid":{"rendered":"http:\/\/enews.caef.net\/?p=429"},"modified":"2021-03-29T09:21:43","modified_gmt":"2021-03-29T07:21:43","slug":"implantations","status":"publish","type":"post","link":"https:\/\/enews.caef.net\/?p=429","title":{"rendered":"Implantations"},"content":{"rendered":"<h2 style=\"text-align: justify;\">Venez voir ce que Dieu a fait !<\/h2>\n<p style=\"text-align: justify;\">\u00a0 \u00a0 \u00a0 \u00a0C\u2019est par ce verset du Psaume 66 que Matthew Glock a introduit le 5\u00e8me<!-- Le point de d\u00e9part est le s\u00e9minaire de 2012. Qui a eu lieu \u00e0 St Albain. Puis il y avait des rencontres en 2015 et 16 puis 2020 et 21. --> s\u00e9minaire \u201cimplantations CAEF\u201d. Plus de 40 implanteurs ou \u00e9quipiers, repr\u00e9sentant 19 des 22 implantations ou projets d\u2019implantation de notre Union se sont en effet \u201crassembl\u00e9s\u201d (via zoom), en f\u00e9vrier dernier.<\/p>\n<p style=\"text-align: justify;\">Oui, vous avez bien lu ! <strong>22 implantations ou projets d\u2019implantation<\/strong> alors qu\u2019ils n\u2019\u00e9taient que 3 il y a tout juste 9 ans.<\/p>\n<p style=\"text-align: justify;\">Le s\u00e9minaire a \u00e9t\u00e9 l\u2019occasion de rendre gloire \u00e0 Dieu pour cette multiplication mais aussi de r\u00e9fl\u00e9chir \u00e0 comment mieux avancer ensemble.<\/p>\n<h2 style=\"text-align: justify;\">Le saviez-vous ?<\/h2>\n<p style=\"text-align: justify;\">\u00a0 \u00a0 \u00a0 \u00a0Notre union d\u2019\u00e9glises n\u2019est effectivement pas en reste quant \u00e0 la perspective des \u201c1 \u00e9glise pour 10 000 habitants\u201d impuls\u00e9e par le CNEF. Depuis 2013, une <strong>commission \u201cimplantation\u201d<\/strong> s\u2019est structur\u00e9e et vise \u00e0 soutenir et accompagner les projets d\u2019implantation n\u00e9s dans nos \u00e9glises. Matthew, G\u00e9rald, Philippe et Naina se retrouvent tous les jeudis matin. Leur mission ? Prier pour ces projets, diffuser leur expertise et r\u00e9fl\u00e9chir \u00e0 comment promouvoir et d\u00e9velopper l\u2019implantation d\u2019Eglises au sein des CAEF.<\/p>\n<p style=\"text-align: justify;\">A l\u2019occasion de ce 5eme s\u00e9minaire, ils ont, par exemple, propos\u00e9 aux \u00e9quipes<!-- 2013,2015,2016,2020,2021 --> d\u2019implantation une charte de collaboration visant \u00e0 :<\/p>\n<ul style=\"text-align: justify;\">\n<li>mieux d\u00e9finir les modalit\u00e9s de l\u2019accompagnement<\/li>\n<li>favoriser l\u2019int\u00e9gration des projets d\u2019implantation dans l\u2019Union.<\/li>\n<\/ul>\n<p style=\"text-align: justify;\">Chacun a pu r\u00e9fl\u00e9chir, de part et d\u2019autre, \u00e0 ses missions respectives, ses engagements mais aussi \u00e0 la meilleure fa\u00e7on de mutualiser et donner de la visibilit\u00e9 \u00e0 chaque projet. In fine, l\u2019objectif est de labelliser<!-- Je pense que iCAEF sans italic est mieux. Non ? --> \u201ciCAEF\u201d les projets adh\u00e9rant \u00e0 cette charte.<\/p>\n<h2 style=\"text-align: justify;\"><span style=\"color: #009999;\">22 implantations CAEF en France&#8230;<\/span><\/h2>\n<figure id=\"attachment_431\" aria-describedby=\"caption-attachment-431\" style=\"width: 1000px\" class=\"wp-caption alignnone\"><a href=\"https:\/\/www.google.com\/maps\/d\/u\/0\/edit?mid=14-zkSo_tnIMD8Pa_9QJwP0kmCsTRtes2&amp;ll=46.25746750641424%2C-4.340408798883368&amp;z=6\"><img loading=\"lazy\" decoding=\"async\" class=\"wp-image-431 size-full\" src=\"http:\/\/enews.caef.net\/wp-content\/uploads\/2021\/03\/visuel-implantations.jpg\" alt=\"\" width=\"1000\" height=\"580\" srcset=\"https:\/\/enews.caef.net\/wp-content\/uploads\/2021\/03\/visuel-implantations.jpg 1000w, https:\/\/enews.caef.net\/wp-content\/uploads\/2021\/03\/visuel-implantations-300x174.jpg 300w, https:\/\/enews.caef.net\/wp-content\/uploads\/2021\/03\/visuel-implantations-768x445.jpg 768w\" sizes=\"auto, (max-width: 1000px) 100vw, 1000px\" \/><\/a><figcaption id=\"caption-attachment-431\" class=\"wp-caption-text\">Cliquez sur la carte pour agrandir ou vous d\u00e9placer<\/figcaption><\/figure>\n<p style=\"text-align: justify;\">Ces 22 implantations ou projets d\u2019implantation sont :<\/p>\n<ul style=\"text-align: justify;\">\n<li>au c\u0153ur d\u2019une ville comme \u00e0 Toulouse, Montpellier, Rennes,<\/li>\n<li>ou dans un contexte plus rural comme \u00e0 Yssingeaux.<\/li>\n<\/ul>\n<p style=\"text-align: justify;\">Ils en sont \u00e0 des stades d\u2019avancement diff\u00e9rents :<\/p>\n<ul style=\"text-align: justify;\">\n<li>celui d\u2019un projet qui se structure dans la pri\u00e8re et le c\u0153ur d\u2019un petit \u201cnoyau\u201d comme \u00e0 Palaiseau 2, Nantes, Rez\u00e9, Manosque, La Roche sur Yon, Grenoble, Vaison<\/li>\n<li>ou celui d\u2019une \u00e9glise :\n<ul style=\"text-align: justify;\">\n<li>naissante comme \u00e0 Salon de Provence, St Andr\u00e9 de la Roche, Valence, Rostrenen ou Cherbourg,<\/li>\n<li>ou d\u00e9j\u00e0 bien implant\u00e9e comme \u00e0 Corbas, Aix en Provence, Grenoble, Crest.<\/li>\n<\/ul>\n<\/li>\n<\/ul>\n<p style=\"text-align: justify;\">D&rsquo;autres en sont encore au stade de l&rsquo;intention ou d\u2019une premi\u00e8re discussion avec la commission, comme \u00e0 Jacou ou \u00e0 Liginiac.<\/p>\n<h2 style=\"text-align: justify;\"><span style=\"color: #009999;\">C&rsquo;est la mission de Dieu !<\/span><\/h2>\n<p style=\"text-align: justify;\">\u00a0 \u00a0 \u00a0 \u00a0Chaque implantation a son histoire, son contexte, son rythme, son \u00e9quipe (ou pas !). Mais pour chaque projet, il est crucial de <strong>rester focalis\u00e9 sur la bonne motivation, \u00e0 savoir<em>\u00a0\u201c\u00eatre press\u00e9s par l\u2019amour du Christ\u201d<\/em> (2 Cor 5 v14)<\/strong>.<\/p>\n<blockquote>\n<p style=\"text-align: justify;\"><em>\u201c<strong>Et tout cela vient de Dieu<\/strong>, qui nous a r\u00e9concili\u00e9s avec lui par Christ, et qui nous a donn\u00e9 le minist\u00e8re de la r\u00e9conciliation. Car Dieu \u00e9tait en Christ, r\u00e9conciliant le monde avec lui-m\u00eame, en n&rsquo;imputant point aux hommes leurs offenses, et il a mis en nous la parole de la r\u00e9conciliation.\u201d<\/em> (2 Cor 5 v 18 \u00e0 19)<\/p>\n<\/blockquote>\n<p style=\"text-align: justify;\"><span style=\"color: #009999;\">Vous vous sentez vous aussi press\u00e9s par l\u2019amour du Christ ?<\/span><br \/>\n<span style=\"color: #009999;\">Vous pouvez soutenir ces implantations : <\/span><\/p>\n<ul style=\"text-align: justify;\">\n<li><span style=\"color: #009999;\">dans la pri\u00e8re : chaque semaine, portez un projet dans la pri\u00e8re en famille ou en \u00e9glise ? <\/span><\/li>\n<li><span style=\"color: #009999;\"> par un soutien financier ( caef.net &#8211; don en ligne \u2013 fonds implantation ou un projet en particulier) ?<\/span><\/li>\n<li><span style=\"color: #009999;\">ou pourquoi pas, en rejoignant l\u2019une de ces \u00e9glises \u00e0 l\u2019occasion d&rsquo;un choix d\u2019\u00e9tudes, d\u2019un changement professionnel, d\u2019un projet de pr\u00e9 retraite&#8230;. <\/span><\/li>\n<\/ul>\n<p style=\"text-align: justify;\"><span style=\"color: #009999;\">Et pour contacter la commission Implantation, \u00e9crivez \u00e0 Matthew Glock : <a style=\"color: #009999;\" href=\"mailto:implantation@caef.net\">implantation@caef.net<\/a><\/span><\/p>\n<hr \/>\n<p>&nbsp;<\/p>\n","protected":false},"excerpt":{"rendered":"<p>Venez voir ce que Dieu a fait ! \u00a0 \u00a0 \u00a0 \u00a0C\u2019est par ce verset du Psaume 66 que Matthew Glock a introduit le 5\u00e8me s\u00e9minaire \u201cimplantations CAEF\u201d. Plus de 40 implanteurs ou \u00e9quipiers, repr\u00e9sentant 19 des 22 implantations ou projets d\u2019implantation de notre Union se sont en effet \u201crassembl\u00e9s\u201d (via zoom), en f\u00e9vrier dernier. [&hellip;]<\/p>\n","protected":false},"author":4,"featured_media":431,"comment_status":"open","ping_status":"closed","sticky":false,"template":"","format":"standard","meta":{"footnotes":""},"categories":[17,9],"tags":[48,49],"class_list":["post-429","post","type-post","status-publish","format-standard","has-post-thumbnail","hentry","category-a-la-une","category-action","tag-implantations","tag-mission"],"_links":{"self":[{"href":"https:\/\/enews.caef.net\/index.php?rest_route=\/wp\/v2\/posts\/429","targetHints":{"allow":["GET"]}}],"collection":[{"href":"https:\/\/enews.caef.net\/index.php?rest_route=\/wp\/v2\/posts"}],"about":[{"href":"https:\/\/enews.caef.net\/index.php?rest_route=\/wp\/v2\/types\/post"}],"author":[{"embeddable":true,"href":"https:\/\/enews.caef.net\/index.php?rest_route=\/wp\/v2\/users\/4"}],"replies":[{"embeddable":true,"href":"https:\/\/enews.caef.net\/index.php?rest_route=%2Fwp%2Fv2%2Fcomments&post=429"}],"version-history":[{"count":31,"href":"https:\/\/enews.caef.net\/index.php?rest_route=\/wp\/v2\/posts\/429\/revisions"}],"predecessor-version":[{"id":539,"href":"https:\/\/enews.caef.net\/index.php?rest_route=\/wp\/v2\/posts\/429\/revisions\/539"}],"wp:featuredmedia":[{"embeddable":true,"href":"https:\/\/enews.caef.net\/index.php?rest_route=\/wp\/v2\/media\/431"}],"wp:attachment":[{"href":"https:\/\/enews.caef.net\/index.php?rest_route=%2Fwp%2Fv2%2Fmedia&parent=429"}],"wp:term":[{"taxonomy":"category","embeddable":true,"href":"https:\/\/enews.caef.net\/index.php?rest_route=%2Fwp%2Fv2%2Fcategories&post=429"},{"taxonomy":"post_tag","embeddable":true,"href":"https:\/\/enews.caef.net\/index.php?rest_route=%2Fwp%2Fv2%2Ftags&post=429"}],"curies":[{"name":"wp","href":"https:\/\/api.w.org\/{rel}","templated":true}]}}