{"id":281,"date":"2021-01-13T12:08:55","date_gmt":"2021-01-13T11:08:55","guid":{"rendered":"http:\/\/enews.caef.net\/?p=281"},"modified":"2021-03-12T14:24:48","modified_gmt":"2021-03-12T13:24:48","slug":"pole-mission%e2%80%af-1-vision-1-equipe-et-desormais-2-associations","status":"publish","type":"post","link":"https:\/\/enews.caef.net\/?p=281","title":{"rendered":"Mission \u202f:\u00a01\u00a0vision,\u00a01\u00a0\u00e9quipe\u00a0et&#8230; 2 associations !"},"content":{"rendered":"<p><span data-contrast=\"none\">Pourquoi ce changement ?\u00a0Afin de d\u00e9livrer des re\u00e7us fiscaux en toute l\u00e9galit\u00e9, l\u2019ASMAF s\u2019adapte \u00e0 la l\u00e9gislation. Pr\u00f4nant la mission int\u00e9grale, c\u2019est \u00e0 dire des actions humanitaires et spirituelles au service du d\u00e9veloppement de l\u2019\u00e9glise locale, l\u2019ASMAF se doit de s\u00e9parer administrativement les engagements cultuels de ceux humanitaires.<\/span><span data-ccp-props=\"{&quot;335551550&quot;:6,&quot;335551620&quot;:6}\">\u00a0<\/span><\/p>\n<p><span data-contrast=\"none\">Ainsi, \u00e0 partir du 1er janvier 2021, l\u2019ASMAF ne recevra plus que les dons \u00e0 caract\u00e8re humanitaire. Les dons \u00e0 caract\u00e8re cultuel seront g\u00e9r\u00e9s par le P\u00f4le Mission de l\u2019Entente Evang\u00e9lique des CAEF.<\/span><span data-ccp-props=\"{&quot;335551550&quot;:6,&quot;335551620&quot;:6}\">\u00a0<\/span><\/p>\n<p><span data-ccp-props=\"{&quot;335551550&quot;:6,&quot;335551620&quot;:6}\">\u00a0<\/span><\/p>\n<blockquote><p><b><span data-contrast=\"none\">L\u2019ASMAF change-telle de vocation ?<\/span><\/b><span data-ccp-props=\"{&quot;335551550&quot;:6,&quot;335551620&quot;:6}\">\u00a0<\/span><\/p><\/blockquote>\n<p><span data-contrast=\"none\">Sur la forme administrative, OUI mais sur le fond NON !\u00a0<\/span><br \/>\n<span data-contrast=\"none\">L\u2019ASMAF a \u00e9volu\u00e9 ces derni\u00e8res ann\u00e9es en d\u00e9veloppant le P\u00f4le mission des CAEF. \u202fLe conseil d\u2019administration de l\u2019ASMAF reste garant de la vision globale missionnaire, cultuelle et humanitaire. Ses membres pilotent \u00e9galement la sous-commission du P\u00f4le Mission des \u00e9glises CAEF. La vision et les engagements ne changeront pas, la diff\u00e9rence ne sera qu\u2019administrative avec 2 associations et 2 comptes bancaires diff\u00e9rents.<\/span><span data-ccp-props=\"{&quot;335551550&quot;:6,&quot;335551620&quot;:6}\">\u00a0<\/span><\/p>\n<p><span data-ccp-props=\"{&quot;335551550&quot;:6,&quot;335551620&quot;:6}\">\u00a0<\/span><\/p>\n<blockquote><p><b><span data-contrast=\"none\">Et pour les re\u00e7us fiscaux ?<\/span><\/b><span data-ccp-props=\"{&quot;335551550&quot;:6,&quot;335551620&quot;:6}\">\u00a0<\/span><\/p><\/blockquote>\n<p><span data-contrast=\"none\">Selon que vous donniez pour un projet cultuel ou humanitaire vous recevrez un re\u00e7u fiscal de l\u2019Entente Evang\u00e9lique des CAEF ou de l\u2019ASMAF. Sylvie\u00a0<\/span><span data-contrast=\"none\">Turquais<\/span><span data-contrast=\"none\">\u00a0sera\u00a0<\/span><span data-contrast=\"none\">votre interlocutrice dans tous les cas.<\/span><span data-ccp-props=\"{&quot;335551550&quot;:6,&quot;335551620&quot;:6}\">\u00a0<\/span><\/p>\n<p><span data-ccp-props=\"{}\">\u00a0<\/span><\/p>\n<p><span data-contrast=\"auto\">\u00a0A compter du 1<\/span><span data-contrast=\"auto\">er<\/span><span data-contrast=\"auto\">\u00a0janvier 2021 les dons, selon leur vocation cultuelle ou humanitaire, seront \u00e0 r\u00e9partir sur des comptes bancaires diff\u00e9rents\u202f<\/span><span data-ccp-props=\"{}\">\u00a0<\/span><\/p>\n<table style=\"height: 136px; width: 100%; border-collapse: collapse; border-color: #911d1d; border-style: dotted; background-color: #f0d1d1;\" border=\"3\">\n<tbody>\n<tr>\n<td style=\"width: 50%; border-style: solid; text-align: center;\"><b><span data-contrast=\"none\">DONS<\/span><\/b><b><span data-contrast=\"none\">\u202f?<\/span><\/b><\/td>\n<td style=\"width: 50%; text-align: center;\"><b><span data-contrast=\"auto\">ASSOCIATION<\/span><\/b><b><span data-contrast=\"auto\">S<\/span><\/b><b><span data-contrast=\"auto\">\u202f?<\/span><\/b><span data-ccp-props=\"{&quot;335551550&quot;:2,&quot;335551620&quot;:2}\">\u00a0<\/span><\/td>\n<\/tr>\n<tr>\n<td style=\"width: 50%;\"><b><span data-contrast=\"none\">Les dons \u00e0 caract\u00e8re cultuel<\/span><\/b><span data-ccp-props=\"{&quot;335551550&quot;:6,&quot;335551620&quot;:6}\">\u00a0<\/span><\/p>\n<p><span data-contrast=\"none\">Soutien des unions d\u2019\u00e9glises au Tchad\u00a0<\/span><span data-contrast=\"none\">et<\/span><span data-contrast=\"none\">\u00a0\u00e0 Madagascar (AET, ACT, CEIM), des instituts bibliques, des pasteurs, des \u00e9vang\u00e9listes, de la formation des moniteurs des \u00e9coles du dimanche et\u00a0<\/span><span data-contrast=\"none\">pour\u00a0<\/span><span data-contrast=\"none\">Eveline<\/span><span data-contrast=\"none\">\u00a0Felix<\/span><span data-contrast=\"none\">.<\/span><span data-ccp-props=\"{&quot;335551550&quot;:6,&quot;335551620&quot;:6}\">\u00a0<\/span><\/p>\n<p><b><span data-contrast=\"auto\">L<\/span><\/b><b><span data-contrast=\"auto\">es dons g\u00e9n\u00e9raux<\/span><\/b><b><span data-contrast=\"auto\">\u00a0non d\u00e9di\u00e9s<\/span><\/b><span data-ccp-props=\"{}\">\u00a0<\/span><\/p>\n<p><span data-contrast=\"none\">Soutenir l<\/span><span data-contrast=\"none\">\u2019ensemble des projets du p\u00f4le mission<\/span><span data-ccp-props=\"{&quot;335551550&quot;:6,&quot;335551620&quot;:6}\">\u00a0<\/span><\/p>\n<p><b><span data-contrast=\"none\">L<\/span><\/b><b><span data-contrast=\"none\">e soutien d<\/span><\/b><b><span data-contrast=\"none\">u personnel<\/span><\/b><span data-ccp-props=\"{}\">\u00a0<\/span><\/p>\n<p><span data-contrast=\"none\">C<\/span><span data-contrast=\"none\">oordination (Natalie et Michel), comptabilit\u00e9 (Sylvie)<\/span><span data-ccp-props=\"{}\">\u00a0<\/span><\/p>\n<p><b><span data-contrast=\"none\">L<\/span><\/b><b><span data-contrast=\"none\">es frais\u00a0<\/span><\/b><b><span data-contrast=\"none\">de fonctionnement<\/span><\/b><span data-ccp-props=\"{}\">\u00a0<\/span><\/p>\n<p><span data-contrast=\"none\">Administration, communication, d\u00e9placements<\/span><span data-ccp-props=\"{}\">\u00a0<\/span><\/td>\n<td style=\"width: 50%;\">\n<p style=\"text-align: center;\"><span data-contrast=\"none\">ASSOCIATION 1905<\/span><span data-ccp-props=\"{&quot;335551550&quot;:2,&quot;335551620&quot;:2}\">\u00a0<\/span><\/p>\n<p><span data-ccp-props=\"{&quot;335551550&quot;:2,&quot;335551620&quot;:2}\">\u00a0<\/span><\/p>\n<p><b><span data-contrast=\"none\">P\u00f4le Mission &#8211; Entente\u00a0<\/span><\/b><b><span data-contrast=\"none\">Evang\u00e9lique<\/span><\/b><b><span data-contrast=\"none\">\u00a0des CAEF<\/span><\/b><span data-ccp-props=\"{&quot;335551550&quot;:6,&quot;335551620&quot;:6}\">\u00a0<\/span><\/p>\n<p><span data-contrast=\"none\">282 avenue Victor Hugo &#8211; 26000 Valence<\/span><span data-ccp-props=\"{}\">\u00a0<\/span><\/p>\n<p><span data-contrast=\"none\">IBAN\u202fEntente\u00a0<\/span><span data-contrast=\"none\">Evangelique<\/span><span data-contrast=\"none\">\u00a0des CAEF :<\/span><span data-ccp-props=\"{}\">\u00a0<\/span><\/p>\n<p><i><span data-contrast=\"none\">FR05 2004 1010 0705 8913 4L03 842<\/span><\/i><span data-ccp-props=\"{}\">\u00a0<\/span><\/p>\n<p><span data-contrast=\"none\">Code B.I.C\u202f:\u00a0<\/span><i><span data-contrast=\"none\">PSSTFRPPLYO<\/span><\/i><span data-ccp-props=\"{}\">\u00a0<\/span><\/p>\n<p><a href=\"https:\/\/mission.caef.net\/donner\/\"><span data-contrast=\"none\">Dons en ligne<\/span><span data-contrast=\"none\">\u00a0mission<\/span><span data-contrast=\"none\">.<\/span><span data-contrast=\"none\">caef.net<\/span><\/a><span data-ccp-props=\"{}\">\u00a0<\/span><\/p>\n<p><img loading=\"lazy\" decoding=\"async\" class=\"aligncenter wp-image-331 size-full\" src=\"http:\/\/enews.caef.net\/wp-content\/uploads\/2021\/01\/Mission-cultuel_0.jpg\" alt=\"\" width=\"500\" height=\"298\" srcset=\"https:\/\/enews.caef.net\/wp-content\/uploads\/2021\/01\/Mission-cultuel_0.jpg 500w, https:\/\/enews.caef.net\/wp-content\/uploads\/2021\/01\/Mission-cultuel_0-300x179.jpg 300w\" sizes=\"auto, (max-width: 500px) 100vw, 500px\" \/><\/td>\n<\/tr>\n<tr>\n<td style=\"width: 50%;\"><b><span data-contrast=\"auto\">Les dons \u00e0 caract\u00e8re humanitaire<\/span><\/b><span data-ccp-props=\"{}\">\u00a0<\/span><\/p>\n<p><span data-contrast=\"auto\">Pour tout public et qui touchent \u00e0 l\u2019\u00e9ducation, la formation (m\u00e9tiers), la sant\u00e9 et l\u2019urgence. Exemples<\/span><span data-contrast=\"auto\">\u202f:<\/span><span data-contrast=\"auto\">\u00a0orphelinats, \u00e9coles, internats, cantines, centres de sant\u00e9, pr\u00e9vention sida, secours d\u2019urgence, centre culturel.<\/span><span data-ccp-props=\"{&quot;335551550&quot;:6,&quot;335551620&quot;:6}\">\u00a0<\/span><\/td>\n<td style=\"width: 50%;\">\n<p style=\"text-align: center;\"><span data-contrast=\"none\">ASSOCIATION 1901<\/span><span data-ccp-props=\"{&quot;335551550&quot;:2,&quot;335551620&quot;:2}\">\u00a0<\/span><\/p>\n<p><span data-ccp-props=\"{&quot;335551550&quot;:2,&quot;335551620&quot;:2}\">\u00a0<\/span><\/p>\n<p><b><span data-contrast=\"none\">ASMAF<\/span><\/b><b><span data-contrast=\"none\">\u00a0<\/span><\/b><span data-contrast=\"none\">(Association de Solidarit\u00e9 des Missions Afrique-France)<\/span><span data-ccp-props=\"{&quot;335551550&quot;:6,&quot;335551620&quot;:6}\">\u00a0<\/span><\/p>\n<p><span data-contrast=\"none\">282 avenue Victor Hugo &#8211; 26000 Valence<\/span><span data-ccp-props=\"{}\">\u00a0<\/span><\/p>\n<p><span data-contrast=\"none\">IBAN\u202fASMAF :<\/span><span data-ccp-props=\"{}\">\u00a0<\/span><\/p>\n<p><i><span data-contrast=\"none\">FR09 2004 1010 1501 0609 8J03 642<\/span><\/i><span data-ccp-props=\"{}\">\u00a0<\/span><\/p>\n<p><span data-contrast=\"none\">Code B.I.C :\u00a0<\/span><i><span data-contrast=\"none\">PSSTFRPPSTR<\/span><\/i><span data-ccp-props=\"{}\">\u00a0<\/span><\/p>\n<p><a href=\"https:\/\/mission.caef.net\/donner\/\"><span data-contrast=\"none\">Dons en ligne mission<\/span><span data-contrast=\"none\">.<\/span><span data-contrast=\"none\">caef.net<\/span><\/a><span data-ccp-props=\"{}\">\u00a0<\/span><\/p>\n<p><img loading=\"lazy\" decoding=\"async\" class=\"wp-image-329 size-medium aligncenter\" src=\"http:\/\/enews.caef.net\/wp-content\/uploads\/2021\/01\/Mission-humanitaire_1-222x300.jpg\" alt=\"\" width=\"222\" height=\"300\" srcset=\"https:\/\/enews.caef.net\/wp-content\/uploads\/2021\/01\/Mission-humanitaire_1-222x300.jpg 222w, https:\/\/enews.caef.net\/wp-content\/uploads\/2021\/01\/Mission-humanitaire_1.jpg 430w\" sizes=\"auto, (max-width: 222px) 100vw, 222px\" \/><\/td>\n<\/tr>\n<tr>\n<td style=\"width: 50%;\"><b><span data-contrast=\"auto\">Les dons nominatif<\/span><\/b><b><span data-contrast=\"auto\">s\u00a0<\/span><\/b><b><span data-contrast=\"auto\">pour les envoy\u00e9s<\/span><\/b><\/td>\n<td style=\"width: 50%;\"><span data-contrast=\"none\">Merci de vous tourner<\/span><span data-contrast=\"none\">\u00a0<\/span><span data-contrast=\"none\">vers les missions d\u2019envoi\u00a0<\/span><span data-contrast=\"none\">de chacun<\/span><\/td>\n<\/tr>\n<\/tbody>\n<\/table>\n<ul>\n<li data-leveltext=\"-\" data-font=\"Calibri\" data-listid=\"5\" data-aria-posinset=\"0\" data-aria-level=\"1\"><span data-contrast=\"none\">Merci d<\/span><span data-contrast=\"none\">e pr\u00e9ciser la destination du don\u202f: indiquer le b\u00e9n\u00e9ficiaire dans libell\u00e9 bancaire<\/span><span data-contrast=\"none\">, rubrique commentaire<\/span><span data-contrast=\"none\">\u00a0ou ch\u00e8que<\/span><span data-ccp-props=\"{&quot;134233279&quot;:true}\">\u00a0<\/span><\/li>\n<li data-leveltext=\"-\" data-font=\"Calibri\" data-listid=\"5\" data-aria-posinset=\"0\" data-aria-level=\"1\"><span data-contrast=\"none\">Merci de\u00a0<\/span><span data-contrast=\"none\">privil\u00e9gier les virements bancaires ou les dons en ligne<\/span><span data-ccp-props=\"{&quot;134233279&quot;:true}\">\u00a0<\/span><\/li>\n<\/ul>\n<p><span data-ccp-props=\"{&quot;134233279&quot;:true,&quot;335551550&quot;:2,&quot;335551620&quot;:2,&quot;335559685&quot;:1080}\">\u00a0<\/span><span data-contrast=\"none\">NOUVELLE ADRESSE\u202f:\u00a0<\/span><span data-contrast=\"none\">282 avenue Victor Hugo &#8211; 26000 Valence<\/span><span data-ccp-props=\"{&quot;134233279&quot;:true,&quot;335551550&quot;:2,&quot;335551620&quot;:2,&quot;335559685&quot;:1080}\">\u00a0<\/span><\/p>\n<p><img loading=\"lazy\" decoding=\"async\" class=\"wp-image-333 size-full aligncenter\" src=\"http:\/\/enews.caef.net\/wp-content\/uploads\/2021\/01\/Mission-camembert.jpg\" alt=\"\" width=\"819\" height=\"580\" srcset=\"https:\/\/enews.caef.net\/wp-content\/uploads\/2021\/01\/Mission-camembert.jpg 819w, https:\/\/enews.caef.net\/wp-content\/uploads\/2021\/01\/Mission-camembert-300x212.jpg 300w, https:\/\/enews.caef.net\/wp-content\/uploads\/2021\/01\/Mission-camembert-768x544.jpg 768w\" sizes=\"auto, (max-width: 819px) 100vw, 819px\" \/><\/p>\n","protected":false},"excerpt":{"rendered":"<p>Pourquoi ce changement ?\u00a0Afin de d\u00e9livrer des re\u00e7us fiscaux en toute l\u00e9galit\u00e9, l\u2019ASMAF s\u2019adapte \u00e0 la l\u00e9gislation. Pr\u00f4nant la mission int\u00e9grale, c\u2019est \u00e0 dire des actions humanitaires et spirituelles au service du d\u00e9veloppement de l\u2019\u00e9glise locale, l\u2019ASMAF se doit de s\u00e9parer administrativement les engagements cultuels de ceux humanitaires.\u00a0 Ainsi, \u00e0 partir du 1er janvier 2021, [&hellip;]<\/p>\n","protected":false},"author":4,"featured_media":326,"comment_status":"closed","ping_status":"closed","sticky":false,"template":"","format":"standard","meta":{"footnotes":""},"categories":[41],"tags":[],"class_list":["post-281","post","type-post","status-publish","format-standard","has-post-thumbnail","hentry","category-pole-mission"],"_links":{"self":[{"href":"https:\/\/enews.caef.net\/index.php?rest_route=\/wp\/v2\/posts\/281","targetHints":{"allow":["GET"]}}],"collection":[{"href":"https:\/\/enews.caef.net\/index.php?rest_route=\/wp\/v2\/posts"}],"about":[{"href":"https:\/\/enews.caef.net\/index.php?rest_route=\/wp\/v2\/types\/post"}],"author":[{"embeddable":true,"href":"https:\/\/enews.caef.net\/index.php?rest_route=\/wp\/v2\/users\/4"}],"replies":[{"embeddable":true,"href":"https:\/\/enews.caef.net\/index.php?rest_route=%2Fwp%2Fv2%2Fcomments&post=281"}],"version-history":[{"count":21,"href":"https:\/\/enews.caef.net\/index.php?rest_route=\/wp\/v2\/posts\/281\/revisions"}],"predecessor-version":[{"id":423,"href":"https:\/\/enews.caef.net\/index.php?rest_route=\/wp\/v2\/posts\/281\/revisions\/423"}],"wp:featuredmedia":[{"embeddable":true,"href":"https:\/\/enews.caef.net\/index.php?rest_route=\/wp\/v2\/media\/326"}],"wp:attachment":[{"href":"https:\/\/enews.caef.net\/index.php?rest_route=%2Fwp%2Fv2%2Fmedia&parent=281"}],"wp:term":[{"taxonomy":"category","embeddable":true,"href":"https:\/\/enews.caef.net\/index.php?rest_route=%2Fwp%2Fv2%2Fcategories&post=281"},{"taxonomy":"post_tag","embeddable":true,"href":"https:\/\/enews.caef.net\/index.php?rest_route=%2Fwp%2Fv2%2Ftags&post=281"}],"curies":[{"name":"wp","href":"https:\/\/api.w.org\/{rel}","templated":true}]}}