{"id":268,"date":"2021-01-12T08:56:56","date_gmt":"2021-01-12T07:56:56","guid":{"rendered":"http:\/\/enews.caef.net\/?p=268"},"modified":"2021-03-12T15:06:37","modified_gmt":"2021-03-12T14:06:37","slug":"les-conflits-dans-leglise-ca-nexiste-pas%e2%80%af","status":"publish","type":"post","link":"https:\/\/enews.caef.net\/?p=268","title":{"rendered":"\u00abLes conflits dans l\u2019Eglise, \u00e7a n\u2019existe pas\u202f!\u00bb"},"content":{"rendered":"<p style=\"text-align: justify;\"><span data-contrast=\"auto\">L\u2019Eglise locale n\u2019est pas une communaut\u00e9 dans laquelle les crises ou les probl\u00e8mes n\u2019existent pas. L\u2019Eglise locale est (ou devrait \u00eatre) une communaut\u00e9 qui, au fil du temps, apprend \u00e0 faire face aux conflits qui la traversent. Dans nos relations interpersonnelles, il nous est impossible d\u2019\u00e9chapper aux conflits, disputes ou m\u00e9sententes. Tout simplement parce que <strong>nous vivons encore dans une humanit\u00e9 d\u00e9chue.<\/strong> Il est donc pour ainsi dire \u00ab\u202fnormal\u202f\u00bb que l\u2019Eglise locale, cette communaut\u00e9 compos\u00e9e de femmes et d\u2019hommes, <\/span><span data-contrast=\"auto\">soit<\/span><span data-contrast=\"auto\">,<\/span><span data-contrast=\"auto\">\u00a0elle<\/span><span data-contrast=\"auto\">\u00a0aussi touch\u00e9e par les m\u00eames sympt\u00f4mes. <\/span><\/p>\n<p style=\"text-align: justify;\"><span data-contrast=\"auto\">Certaines communaut\u00e9s connaissent en leur sein des tensions relationnelles qui ailleurs d\u00e9g\u00e9n\u00e8rent en conflit. Or trop souvent, nous faisons abstraction de cette r\u00e9alit\u00e9 face \u00e0 une crise qui se profile. Nous lui pr\u00e9f\u00e9rons l\u2019illusion de la maturit\u00e9 spirituelle dont chacun d\u2019entre nous est cens\u00e9 faire preuve en cas de conflit pour mieux d\u00e9limiter le camp des \u00ab\u202fgentils\u202f\u00bb et des\u202f\u00ab\u202fm\u00e9chants\u202f\u00bb. Et ainsi \u00e9viter de <strong>voir ce que la crise r\u00e9v\u00e8le de dysfonctionnel et de charnel en moi ou dans le fonctionnement de l\u2019Eglise.\u00a0<\/strong><\/span><strong>\u00a0<\/strong><\/p>\n<p style=\"text-align: justify;\"><span data-contrast=\"auto\">Cette mani\u00e8re de penser trouve peut-\u00eatre son origine dans ce que nous enseignons dans l\u2019Eglise en mati\u00e8re de sanctification appliqu\u00e9e \u00e0 nos relations interpersonnelles. Si l\u2019enseignement met en avant ce qu\u2019il nous faut faire (les fruits de l\u2019Esprit, l\u2019amour du prochain, etc.) sans prendre en compte ce que nous sommes encore (membre d\u2019une humanit\u00e9 p\u00e9cheresse), nous distillons au fil du temps des concepts assez simplistes tels que \u00ab\u202fles probl\u00e8mes n\u2019existent pas entre chr\u00e9tiens\u202f\u00bb, \u00ab\u202fil suffit de demander pardon pour r\u00e9gler un probl\u00e8me\u202f\u00bb ou encore \u00ab\u202fc\u2019est le diable qui veut nous diviser\u202f\u00bb. Cet enseignement favorise une forme de d\u00e9ni de r\u00e9alit\u00e9 et ne pr\u00e9pare absolument pas aux crises qui finiront par arriver t\u00f4t ou tard.\u00a0<\/span><span data-ccp-props=\"{&quot;134233117&quot;:true,&quot;134233118&quot;:true,&quot;201341983&quot;:0,&quot;335559740&quot;:240}\">\u00a0<\/span><\/p>\n<p style=\"text-align: justify;\"><span data-contrast=\"auto\">Il y a probablement ici une relation de cause \u00e0 effet dont nous pourrions tirer profit. Elle peut faire la diff\u00e9rence en cas de crise\u202f: ce qui est enseign\u00e9 au fil des ann\u00e9es aux membres de\u00a0<\/span><span data-contrast=\"auto\">l\u2019Eglise avec le souci de la mise en pratique, en particulier dans le domaine des relations interpersonnelles peut pr\u00e9disposer favorablement ou pas \u00e0 la gestion d\u2019une crise.\u00a0<\/span><span data-ccp-props=\"{&quot;134233117&quot;:true,&quot;134233118&quot;:true,&quot;201341983&quot;:0,&quot;335559740&quot;:240}\">\u00a0<\/span><\/p>\n<p style=\"text-align: justify;\"><span data-ccp-props=\"{&quot;201341983&quot;:0,&quot;335559740&quot;:240}\">\u00a0<\/span><\/p>\n<blockquote>\n<p style=\"text-align: justify;\"><strong>3 questions pour aller plus loin\u202f:\u00a0\u00a0<\/strong><\/p>\n<\/blockquote>\n<ul style=\"text-align: justify;\">\n<li data-leveltext=\"-\" data-font=\"Calibri\" data-listid=\"1\" data-aria-posinset=\"3\" data-aria-level=\"1\"><span data-contrast=\"auto\">Comment est-ce que je r\u00e9agis dans les situations de tensions relationnelles, de m\u00e9sententes ou de conflits ? Quelles sont les \u00e9motions ou les pens\u00e9es qui s\u2019imposent \u00e0 moi dans de telles situations\u202f? Qu\u2019<\/span><span data-contrast=\"auto\">est\u00a0<\/span><span data-contrast=\"auto\">ce que cela dit de mon fonctionnement personnel\u202f?\u00a0<\/span><span data-ccp-props=\"{&quot;134233279&quot;:true,&quot;201341983&quot;:0,&quot;335559739&quot;:200,&quot;335559740&quot;:240}\"><br \/>\n<\/span><\/li>\n<li data-leveltext=\"-\" data-font=\"Calibri\" data-listid=\"1\" data-aria-posinset=\"3\" data-aria-level=\"1\"><span data-contrast=\"auto\"><span data-contrast=\"auto\">Quel est le cadre (valeurs, principes, partage d\u2019exp\u00e9rience, ce que l\u2019histoire de l\u2019Eglise locale nous apprend, etc.) que votre Eglise locale a mis en place pour apprendre \u00e0 g\u00e9rer ou pr\u00e9venir les crises\u202f?<br \/>\n<\/span><\/span><\/li>\n<li data-leveltext=\"-\" data-font=\"Calibri\" data-listid=\"1\" data-aria-posinset=\"3\" data-aria-level=\"1\"><span data-contrast=\"auto\">Comment \u00e9valuez-vous l\u2019enseignement donn\u00e9 dans l\u2019Eglise sur la sanctification appliqu\u00e9e \u00e0 nos relations humaines et la r\u00e9solution des conflits\u202f?\u00a0<\/span><span data-ccp-props=\"{&quot;134233279&quot;:true,&quot;201341983&quot;:0,&quot;335559739&quot;:200,&quot;335559740&quot;:240}\">\u00a0<\/span><\/li>\n<\/ul>\n<p style=\"text-align: justify;\"><span data-contrast=\"auto\">\u00a0<\/span><span data-ccp-props=\"{&quot;201341983&quot;:0,&quot;335559740&quot;:259}\">\u00a0<\/span><\/p>\n<p style=\"text-align: justify;\"><span data-contrast=\"auto\">Eric<\/span><span data-contrast=\"auto\">\u00a0Waechter\u00a0<\/span><span data-ccp-props=\"{&quot;201341983&quot;:0,&quot;335559740&quot;:259}\">\u00a0<\/span><\/p>\n","protected":false},"excerpt":{"rendered":"<p>L\u2019Eglise locale n\u2019est pas une communaut\u00e9 dans laquelle les crises ou les probl\u00e8mes n\u2019existent pas. L\u2019Eglise locale est (ou devrait \u00eatre) une communaut\u00e9 qui, au fil du temps, apprend \u00e0 faire face aux conflits qui la traversent. Dans nos relations interpersonnelles, il nous est impossible d\u2019\u00e9chapper aux conflits, disputes ou m\u00e9sententes. Tout simplement parce que [&hellip;]<\/p>\n","protected":false},"author":4,"featured_media":340,"comment_status":"closed","ping_status":"closed","sticky":false,"template":"","format":"standard","meta":{"footnotes":""},"categories":[9],"tags":[27,26,28],"class_list":["post-268","post","type-post","status-publish","format-standard","has-post-thumbnail","hentry","category-action","tag-conflit","tag-eglise-locale","tag-peche"],"_links":{"self":[{"href":"https:\/\/enews.caef.net\/index.php?rest_route=\/wp\/v2\/posts\/268","targetHints":{"allow":["GET"]}}],"collection":[{"href":"https:\/\/enews.caef.net\/index.php?rest_route=\/wp\/v2\/posts"}],"about":[{"href":"https:\/\/enews.caef.net\/index.php?rest_route=\/wp\/v2\/types\/post"}],"author":[{"embeddable":true,"href":"https:\/\/enews.caef.net\/index.php?rest_route=\/wp\/v2\/users\/4"}],"replies":[{"embeddable":true,"href":"https:\/\/enews.caef.net\/index.php?rest_route=%2Fwp%2Fv2%2Fcomments&post=268"}],"version-history":[{"count":14,"href":"https:\/\/enews.caef.net\/index.php?rest_route=\/wp\/v2\/posts\/268\/revisions"}],"predecessor-version":[{"id":381,"href":"https:\/\/enews.caef.net\/index.php?rest_route=\/wp\/v2\/posts\/268\/revisions\/381"}],"wp:featuredmedia":[{"embeddable":true,"href":"https:\/\/enews.caef.net\/index.php?rest_route=\/wp\/v2\/media\/340"}],"wp:attachment":[{"href":"https:\/\/enews.caef.net\/index.php?rest_route=%2Fwp%2Fv2%2Fmedia&parent=268"}],"wp:term":[{"taxonomy":"category","embeddable":true,"href":"https:\/\/enews.caef.net\/index.php?rest_route=%2Fwp%2Fv2%2Fcategories&post=268"},{"taxonomy":"post_tag","embeddable":true,"href":"https:\/\/enews.caef.net\/index.php?rest_route=%2Fwp%2Fv2%2Ftags&post=268"}],"curies":[{"name":"wp","href":"https:\/\/api.w.org\/{rel}","templated":true}]}}