{"id":2605,"date":"2025-01-23T09:33:01","date_gmt":"2025-01-23T08:33:01","guid":{"rendered":"https:\/\/enews.caef.net\/?p=2605"},"modified":"2025-01-27T15:28:03","modified_gmt":"2025-01-27T14:28:03","slug":"de-nantes-la-beaujoire-a-generations-nantes-orvault-et-carquefou","status":"publish","type":"post","link":"https:\/\/enews.caef.net\/?p=2605","title":{"rendered":"De Nantes La Beaujoire \u00e0 G\u00e9n\u00e9rations sur 3 sites&#8230;"},"content":{"rendered":"<p><span data-contrast=\"auto\">Voir le royaume de Dieu avancer en divers lieux, \u00eatre une \u00e9glise qui grandit et se multiplie : c\u2019est le but de toute \u00e9glise. Si chaque contexte est diff\u00e9rent et s\u2019il n\u2019y a pas qu\u2019un seul chemin (en dehors de J\u00e9sus, bien s\u00fbr !) pour y parvenir, ce que l\u2019\u00e9glise de Nantes la Beaujoire a v\u00e9cu et vit encore aujourd\u2019hui peut encourager et peut \u00eatre en inspirer d\u2019autres. <\/span><br \/>\n<b><span data-contrast=\"auto\">Voici l\u2019histoire de la Beaujoire !\u00a0<\/span><\/b><span data-ccp-props=\"{}\">\u00a0<\/span><\/p>\n<p><span style=\"color: #009999;\"><b>Une feuille de route, \u00e9tablie ensemble<\/b>\u00a0<\/span><\/p>\n<p><span data-contrast=\"auto\">L&rsquo;\u00e9glise de Nantes la Beaujoire est n\u00e9e en 2006 proposant d\u2019abord un culte par mois, puis en 2008, un culte tous les dimanches. <\/span><span data-contrast=\"auto\">10 ans plus tard, en 2018, le nouveau b\u00e2timent commence \u00e0 \u00eatre bien rempli. C\u2019est le d\u00e9but d\u2019une r\u00e9flexion de 2 ann\u00e9es qui impliquera toute l\u2019\u00e9glise : \u201c<\/span><b><span data-contrast=\"auto\">Quelle<\/span><\/b> <b><span data-contrast=\"auto\">feuille de route voulons-nous pour 2020-30 ?\u201d<\/span><\/b><span data-ccp-props=\"{&quot;134233117&quot;:false,&quot;134233118&quot;:false,&quot;201341983&quot;:0,&quot;335559738&quot;:0,&quot;335559739&quot;:160,&quot;335559740&quot;:257}\">\u00a0<\/span><\/p>\n<p><span data-contrast=\"auto\">Sur le mod\u00e8le des communaut\u00e9s d\u2019apprentissage, des petits groupes vont se r\u00e9unir et <\/span><b><span data-contrast=\"auto\">tracer les rep\u00e8res concrets de la<\/span><\/b> <b><span data-contrast=\"auto\">croissance et de la multiplication mais aussi r\u00e9affirmer la vocation de l\u2019\u00e9glise.\u00a0<\/span><\/b><span data-ccp-props=\"{&quot;134233117&quot;:false,&quot;134233118&quot;:false,&quot;201341983&quot;:0,&quot;335551550&quot;:1,&quot;335551620&quot;:1,&quot;335559685&quot;:0,&quot;335559737&quot;:0,&quot;335559738&quot;:0,&quot;335559739&quot;:160,&quot;335559740&quot;:257}\">\u00a0<\/span><\/p>\n<p><i><span data-contrast=\"auto\">\u201cC\u2019est vraiment utile et stimulant d\u2019avoir un projet d\u2019\u00e9glise partag\u00e9, l\u2019\u00e9glise sait o\u00f9 elle va ! Y compris pour les nouveaux qui nous rejoignent ou pour les nouveaux chr\u00e9tiens. Et c\u2019est aussi ainsi que la notion de \u201ctous disciples, qui font des disciples\u201d a pu \u00eatre transmise et est entr\u00e9e dans l\u2019ADN de l\u2019\u00e9glise<\/span><\/i><span data-contrast=\"auto\">\u201d explique G\u00e9rald Seed, pasteur de G\u00e9n\u00e9rations.<\/span><span data-ccp-props=\"{&quot;134233117&quot;:false,&quot;134233118&quot;:false,&quot;201341983&quot;:0,&quot;335559738&quot;:0,&quot;335559739&quot;:160,&quot;335559740&quot;:257}\">\u00a0<\/span><\/p>\n<p><span style=\"color: #009999;\"><b>Des stagiaires et beaucoup de formations !<\/b>\u00a0<\/span><\/p>\n<p><span data-contrast=\"auto\">Recevoir des stagiaires a \u00e9t\u00e9 <\/span><span data-contrast=\"auto\">aussi un point clef dans le d\u00e9veloppement de cette vision, cela a permis de motiver l\u2019\u00e9glise et d\u2019entendre de nouvelles id\u00e9es.<\/span><br \/>\n<span data-contrast=\"auto\">Pour G\u00e9rald, \u201c<\/span><i><span data-contrast=\"auto\">Notre grand d\u00e9fi a \u00e9t\u00e9 celui de la formation des membres pour \u201c\u00eatre\u201d r\u00e9ellement des disciples.\u201d\u00a0<\/span><\/i><span data-ccp-props=\"{&quot;134233117&quot;:false,&quot;134233118&quot;:false,&quot;201341983&quot;:0,&quot;335559738&quot;:0,&quot;335559739&quot;:160,&quot;335559740&quot;:257}\">\u00a0<\/span><\/p>\n<p><span data-contrast=\"auto\">Pour les y pr\u00e9parer, un parcours en interne a \u00e9t\u00e9 propos\u00e9, avec notamment le fait de les associer en bin\u00f4me, au pilotage de \u00ab\u00a0groupes d\u00e9couverte\u201d par exemple ou aux pr\u00e9parations de bapt\u00eames. <\/span><\/p>\n<blockquote><p><span data-contrast=\"auto\">Il est important <\/span><b><span data-contrast=\"auto\">d\u2019accompagner les personnes dans la prise de responsabilit\u00e9s dans l\u2019\u00e9glise et dans la transmission de la Parole.<\/span><\/b><span data-ccp-props=\"{&quot;134233117&quot;:false,&quot;134233118&quot;:false,&quot;201341983&quot;:0,&quot;335559738&quot;:0,&quot;335559739&quot;:160,&quot;335559740&quot;:257}\">\u00a0<\/span><\/p><\/blockquote>\n<p><span data-contrast=\"auto\">\u201c<\/span><i><span data-contrast=\"auto\">Plusieurs membres ont \u00e9galement suivi des formations, via Formapr\u00e9 ou via les formations au Counseling Biblique ou des cursus en instituts mais&#8230; ne sont pas forc\u00e9ment revenus. Cela a \u00e9t\u00e9 l\u2019occasion d\u2019ailleurs d\u2019une r\u00e9elle prise de conscience de la notion \u201cd\u2019Eglise Une\u201d, au sein de notre communaut\u00e9.<\/span><\/i><span data-contrast=\"auto\">\u201d ajoute G\u00e9rald.<\/span><\/p>\n<p><span style=\"color: #009999;\"><b>Un d\u00e9fi : comment multiplier \u00e0 partir de ses ressources propres&#8230;<\/b>\u00a0<\/span><\/p>\n<p><span data-contrast=\"auto\">\u201c<\/span><i><span data-contrast=\"auto\">Lancer des antennes sans leader ou visionnaire, c\u2019est en effet complexe ! <\/span><\/i><span data-contrast=\"auto\">\u201d convient G\u00e9rald.\u00a0<\/span><span data-ccp-props=\"{&quot;134233117&quot;:false,&quot;134233118&quot;:false,&quot;201341983&quot;:0,&quot;335551550&quot;:1,&quot;335551620&quot;:1,&quot;335559685&quot;:0,&quot;335559737&quot;:0,&quot;335559738&quot;:0,&quot;335559739&quot;:160,&quot;335559740&quot;:257}\">\u00a0<\/span><\/p>\n<p><span data-contrast=\"auto\">S\u2019il est indispensable de s\u2019appuyer sur des <\/span><span data-contrast=\"auto\">personnes form\u00e9es, pour enclencher la multiplication, force est de constater la p\u00e9nurie de \u201cmain d\u2019\u0153uvre\u201d, \u00e0 Nantes comme ailleurs ! Le Seigneur a permis l\u2019arriv\u00e9e de quelques-uns au fil des ann\u00e9es, mais c\u2019est aussi beaucoup \u201cen interne\u201d qu\u2019Il a suscit\u00e9 des leaders.\u00a0<\/span><span data-ccp-props=\"{&quot;134233117&quot;:false,&quot;134233118&quot;:false,&quot;201341983&quot;:0,&quot;335551550&quot;:1,&quot;335551620&quot;:1,&quot;335559685&quot;:0,&quot;335559737&quot;:0,&quot;335559738&quot;:0,&quot;335559739&quot;:160,&quot;335559740&quot;:257}\">\u00a0<\/span><\/p>\n<p><span data-contrast=\"auto\">\u201c S\u2019appuyer sur l<\/span><i><span data-contrast=\"auto\">es ressources en interne, ce n\u2019est peut-\u00eatre pas le plus rapide, au d\u00e9but, mais \u00e0 long terme, je peux dire que c\u2019est vraiment positif. \u201c <\/span><\/i><span data-contrast=\"auto\">ajoute-t-il\u00a0<\/span><span data-ccp-props=\"{&quot;134233117&quot;:false,&quot;134233118&quot;:false,&quot;201341983&quot;:0,&quot;335559738&quot;:0,&quot;335559739&quot;:160,&quot;335559740&quot;:257}\">\u00a0<\/span><\/p>\n<p><span style=\"color: #009999;\"><b>Emerveillements et&#8230; rebondissements du passage de 1 \u00e0 3 sites !<\/b>\u00a0<\/span><\/p>\n<p><span data-contrast=\"auto\">Conform\u00e9ment \u00e0 l\u2019un des points de leur vision \u201c<em>Une \u00e9glise qui rayonne avec plusieurs cultes dans des endroits o\u00f9 se trouvent les familles, membres de l\u2019\u00e9glise<\/em>\u201d, deux secteurs ont \u00e9t\u00e9 identifi\u00e9s : Carquefou\/Thouar\u00e9 et Orvault. En mars 2024, les premiers cultes ont d\u00e9marr\u00e9 sur ces deux sites.<\/span><span data-ccp-props=\"{&quot;134233117&quot;:false,&quot;134233118&quot;:false,&quot;201341983&quot;:0,&quot;335551550&quot;:1,&quot;335551620&quot;:1,&quot;335559685&quot;:0,&quot;335559737&quot;:0,&quot;335559738&quot;:0,&quot;335559739&quot;:160,&quot;335559740&quot;:257}\">\u00a0<\/span><\/p>\n<p><span data-contrast=\"auto\">Ambitieux de d\u00e9marrer deux sites en m\u00eame temps ? G\u00e9rald nous explique : \u201c<\/span><i><span data-contrast=\"auto\">Avec le conseil, on s\u2019est dit, on essaye avec les deux et on verra\u2026.\u00a0 Au final, l\u2019important est que chacun ait son rythme, son contexte. On a d\u00fb faire avec d\u2019un c\u00f4t\u00e9 des probl\u00e8mes de sant\u00e9, de l\u2019autre, un probl\u00e8me de d\u00e9finition de la vision.\u201d<\/span><\/i><span data-ccp-props=\"{&quot;134233117&quot;:false,&quot;134233118&quot;:false,&quot;201341983&quot;:0,&quot;335559738&quot;:0,&quot;335559739&quot;:160,&quot;335559740&quot;:257}\">\u00a0<\/span><\/p>\n<p><span data-contrast=\"auto\">Aujourd\u2019hui et de mani\u00e8re surprenante, Orvault a bien red\u00e9marr\u00e9 apr\u00e8s un temps de pause et propose d\u00e9sormais 2 cultes par mois. Carquefou, bien qu\u2019une pr\u00e9sence r\u00e9guli\u00e8re de 50 personnes soit constat\u00e9e, doit prendre un temps de pause pour bien red\u00e9finir sa vision et les contours du leadership en place.<\/span><span data-ccp-props=\"{&quot;134233117&quot;:false,&quot;134233118&quot;:false,&quot;201341983&quot;:0,&quot;335559738&quot;:0,&quot;335559739&quot;:160,&quot;335559740&quot;:257}\">\u00a0<\/span><\/p>\n<blockquote><p><span data-contrast=\"auto\">Quelles que soient les pr\u00e9visions ou les doutes, c\u2019est Christ qui conduit son \u00e9glise !<\/span><\/p><\/blockquote>\n<p><span data-contrast=\"auto\">\u00ab <\/span><i><span data-contrast=\"auto\">Nous sommes \u00e9merveill\u00e9s par la fa\u00e7on dont Dieu a pourvu dans l\u2019\u00e9quipe de direction pour Orvault, alors que nous avions des craintes : Dieu est intervenu, il nous a surpris !\u00a0 A l\u2019inverse pour Carquefou, tout semblait bien d\u2019\u00e9querre et&#8230; on prend une ann\u00e9e de pause en 2025.<\/span><\/i><span data-contrast=\"auto\">\u00bb<\/span><span data-ccp-props=\"{&quot;134233117&quot;:false,&quot;134233118&quot;:false,&quot;201341983&quot;:0,&quot;335559738&quot;:0,&quot;335559739&quot;:160,&quot;335559740&quot;:257}\">\u00a0<\/span><\/p>\n<p><span style=\"color: #009999;\"><b>Et du c\u00f4t\u00e9 de l\u2019\u00e9glise \u201cressource\u201d ? <\/b>\u00a0<\/span><\/p>\n<p><span data-contrast=\"auto\">Les liens restent forts avec G\u00e9n\u00e9rations La Beaujoire. Il est vrai que cela implique aussi un certain nombre de changements comme une r\u00e9organisation du conseil, avec \u00e0 la fois l\u2019int\u00e9gration des 2 sites mais aussi la d\u00e9finition du bon niveau d\u2019autonomie. <\/span><span data-contrast=\"auto\">A ce jour, 1 ancien est r\u00e9f\u00e9rent de chaque site ainsi qu\u2019un 1 coordinateur diacre en attendant que chaque site ait son propre conseil d\u2019anciens.<\/span><span data-ccp-props=\"{&quot;134233117&quot;:false,&quot;134233118&quot;:false,&quot;201341983&quot;:0,&quot;335559685&quot;:0,&quot;335559738&quot;:0,&quot;335559739&quot;:160,&quot;335559740&quot;:257}\">\u00a0<\/span><\/p>\n<p><span data-contrast=\"auto\">\u201c<\/span><i><span data-contrast=\"auto\">C\u2019est un v\u00e9ritable d\u00e9fi, il faut faire avec les diff\u00e9rentes personnalit\u00e9s, profils<\/span><\/i><i><span data-contrast=\"auto\"> et comp\u00e9tences pour occuper les postes clefs. Mais, <\/span><\/i><b><i><span data-contrast=\"auto\">la dynamique est bonne<\/span><\/i><\/b><i><span data-contrast=\"auto\">, <strong>D<\/strong><\/span><\/i><b><i><span data-contrast=\"auto\">ieu pourvoit \u00e0 des personnes qui se l\u00e8vent pour servir et c\u2019est tr\u00e8s encourageant. <\/span><\/i><\/b><i><span data-contrast=\"auto\">L<\/span><\/i><b><i><span data-contrast=\"auto\">\u2019<\/span><\/i><\/b><i><span data-contrast=\"auto\">Eglise rel\u00e8ve aussi le d\u00e9fi des finances de mani\u00e8re g\u00e9n\u00e9rale. Quand on sait o\u00f9 on va, quand la route est trac\u00e9e, c&rsquo;est plus facile de s\u2019engager aussi financi\u00e8rement. Le budget annuel pr\u00e9visionnel augmente de 10 \u00e0 15 % tous les ans et il est couvert chaque ann\u00e9e <\/span><\/i><span data-contrast=\"auto\">\u201d explique G\u00e9rald.<\/span><span data-ccp-props=\"{&quot;134233117&quot;:false,&quot;134233118&quot;:false,&quot;201341983&quot;:0,&quot;335559685&quot;:0,&quot;335559738&quot;:0,&quot;335559739&quot;:160,&quot;335559740&quot;:257}\">\u00a0<\/span><\/p>\n<p><strong>Un autre v\u00e9ritable d\u00e9fi est celui de la pri\u00e8re communautaire. \u00a0<\/strong><br \/>\n<i><span data-contrast=\"auto\">\u201cL\u2019\u00e9glise organise chaque ann\u00e9e, 2 semaines de pri\u00e8re :<\/span><\/i> <i><span data-contrast=\"auto\">1 semaine en septembre et 1 autre en janvier. Mais depuis peu, nous avons r\u00e9alis\u00e9 que nous ne priions pas assez, nous relan\u00e7ons un projet de pri\u00e8re d\u00e9di\u00e9 aux nouveaux sites : le b\u00e2ton de pri\u00e8re entre les diff\u00e9rents groupes de maison.\u201d\u00a0<\/span><\/i><span data-ccp-props=\"{&quot;134233117&quot;:false,&quot;134233118&quot;:false,&quot;201341983&quot;:0,&quot;335559738&quot;:0,&quot;335559739&quot;:160,&quot;335559740&quot;:257}\">\u00a0<\/span><\/p>\n<p><span data-contrast=\"auto\">Si structurer et tracer la route, avoir des apports ext\u00e9rieurs et puiser dans les ressources internes, accompagner les personnes \u00e0 vivre en disciples, prier pour rester \u00e0 l\u2019\u00e9coute du Seigneur et d\u00e9pendre de Lui sont indispensables, G\u00e9rald Seed n\u2019h\u00e9site pas \u00e0 rajouter que \u201c<\/span><strong><i>faire preuve de beaucoup de souplesse dans la mise en \u0153uvre et savoir s\u2019adapter aux circonstances est aussi indispensable !\u201d<\/i>\u00a0<\/strong><\/p>\n<p><span data-contrast=\"auto\"><span style=\"color: #009999;\">Prions pour G\u00e9n\u00e9rations Carquefou<\/span> afin qu\u2019ils voient comment avancer, avec une \u00e9quipe soud\u00e9e et vision claire.<\/span><span data-ccp-props=\"{&quot;134233117&quot;:false,&quot;134233118&quot;:false,&quot;201341983&quot;:0,&quot;335559738&quot;:0,&quot;335559739&quot;:160,&quot;335559740&quot;:257}\">\u00a0<\/span><\/p>\n<p><span data-contrast=\"auto\"><span style=\"color: #009999;\">Prions pour G\u00e9n\u00e9rations Orvault<\/span> et leur besoin d\u2019un local \u00e0 louer ou acheter alors qu\u2019ils sont pr\u00eats \u00e0 assurer 4 cultes par mois.<\/span><\/p>\n","protected":false},"excerpt":{"rendered":"<p>Voir le royaume de Dieu avancer en divers lieux, \u00eatre une \u00e9glise qui grandit et se multiplie : c\u2019est le but de toute \u00e9glise. Si chaque contexte est diff\u00e9rent et s\u2019il n\u2019y a pas qu\u2019un seul chemin (en dehors de J\u00e9sus, bien s\u00fbr !) pour y parvenir, ce que l\u2019\u00e9glise de Nantes la Beaujoire a [&hellip;]<\/p>\n","protected":false},"author":4,"featured_media":2606,"comment_status":"closed","ping_status":"closed","sticky":false,"template":"","format":"standard","meta":{"footnotes":""},"categories":[17,9],"tags":[],"class_list":["post-2605","post","type-post","status-publish","format-standard","has-post-thumbnail","hentry","category-a-la-une","category-action"],"_links":{"self":[{"href":"https:\/\/enews.caef.net\/index.php?rest_route=\/wp\/v2\/posts\/2605","targetHints":{"allow":["GET"]}}],"collection":[{"href":"https:\/\/enews.caef.net\/index.php?rest_route=\/wp\/v2\/posts"}],"about":[{"href":"https:\/\/enews.caef.net\/index.php?rest_route=\/wp\/v2\/types\/post"}],"author":[{"embeddable":true,"href":"https:\/\/enews.caef.net\/index.php?rest_route=\/wp\/v2\/users\/4"}],"replies":[{"embeddable":true,"href":"https:\/\/enews.caef.net\/index.php?rest_route=%2Fwp%2Fv2%2Fcomments&post=2605"}],"version-history":[{"count":7,"href":"https:\/\/enews.caef.net\/index.php?rest_route=\/wp\/v2\/posts\/2605\/revisions"}],"predecessor-version":[{"id":2618,"href":"https:\/\/enews.caef.net\/index.php?rest_route=\/wp\/v2\/posts\/2605\/revisions\/2618"}],"wp:featuredmedia":[{"embeddable":true,"href":"https:\/\/enews.caef.net\/index.php?rest_route=\/wp\/v2\/media\/2606"}],"wp:attachment":[{"href":"https:\/\/enews.caef.net\/index.php?rest_route=%2Fwp%2Fv2%2Fmedia&parent=2605"}],"wp:term":[{"taxonomy":"category","embeddable":true,"href":"https:\/\/enews.caef.net\/index.php?rest_route=%2Fwp%2Fv2%2Fcategories&post=2605"},{"taxonomy":"post_tag","embeddable":true,"href":"https:\/\/enews.caef.net\/index.php?rest_route=%2Fwp%2Fv2%2Ftags&post=2605"}],"curies":[{"name":"wp","href":"https:\/\/api.w.org\/{rel}","templated":true}]}}