{"id":2573,"date":"2025-01-21T16:30:55","date_gmt":"2025-01-21T15:30:55","guid":{"rendered":"https:\/\/enews.caef.net\/?p=2573"},"modified":"2025-01-22T11:55:05","modified_gmt":"2025-01-22T10:55:05","slug":"2573","status":"publish","type":"post","link":"https:\/\/enews.caef.net\/?p=2573","title":{"rendered":"Un Psaume d&rsquo;esp\u00e9rance pour 2025"},"content":{"rendered":"<p style=\"text-align: center;\"><span style=\"color: #009999;\">\u00ab Pourquoi donc, \u00f4 mon \u00e2me, es-tu si abattue et g\u00e9mis-tu sur moi ?<\/span><br \/>\n<span style=\"color: #009999;\">Mets ton espoir en Dieu ! je le louerai encore, car il est mon Sauveur. \u00bb<\/span><br \/>\n<span style=\"color: #009999;\"><strong>Psaume 42.6<\/strong><\/span><\/p>\n<p>C\u2019est avec ces paroles du Psaume 42 nous invitant \u00e0 placer notre espoir en Dieu que je voudrais vous souhaiter \u00e0 tous une belle ann\u00e9e 2025. Ce verset revient deux fois dans le psaume (v6 et 12) et m\u00eame une troisi\u00e8me fois en 43.5, ce qui pousse les sp\u00e9cialistes \u00e0 consid\u00e9rer les deux psaumes comme n\u2019en faisant qu\u2019un originellement.<\/p>\n<p>Dans ce double psaume, le psalmiste lutte avec une grande d\u00e9tresse int\u00e9rieure. Il aimerait se tenir dans la pr\u00e9sence de Dieu qu\u2019il associe au Temple de J\u00e9rusalem et pour une raison ou une autre, le psalmiste n\u2019y est pas.<\/p>\n<ul>\n<li>Etait-ce un p\u00e8lerin qui avait h\u00e2te de se tenir l\u00e0 ?<\/li>\n<li>Etait-ce un homme du Royaume du Nord emp\u00each\u00e9 d\u2019aller au Sud \u00e0 J\u00e9rusalem ?<\/li>\n<li>Etait-ce un exil\u00e9 loin de sa terre ?<\/li>\n<li>Etait-ce un malade qui ne pouvait plus se d\u00e9placer ?<\/li>\n<li>Etait-ce David chass\u00e9 par Absalom (2 Sam.15.25-26) ?<\/li>\n<\/ul>\n<p>Peu importe, plusieurs situations peuvent \u00eatre imagin\u00e9es, et c\u2019est peut-\u00eatre d\u2019ailleurs le but pour que tous les lecteurs puissent s\u2019associer \u00e0 lui.<\/p>\n<p><span style=\"color: #009999;\"><strong>Le psalmiste a soif de Dieu.<\/strong><\/span><br \/>\nSon \u00e2me a besoin d\u2019\u00eatre nourrie. <strong>Il sait qu\u2019hors de la pr\u00e9sence du Seigneur, il n\u2019y a pas de vie<\/strong>. Le souvenir de la joie pass\u00e9e de la communion avec Dieu s\u2019est effac\u00e9 par la r\u00e9alit\u00e9 de sa situation actuelle, difficile, douloureuse. Il a bien exp\u00e9riment\u00e9 la fid\u00e9lit\u00e9 de Dieu, mais il lutte avec les pens\u00e9es qui l\u2019\u00e9crasent, avec les doutes, les projets qui n\u2019avancent pas aussi vite que souhait\u00e9, les limitations, la fragilit\u00e9, le p\u00e9ch\u00e9\u2026 \u00ab Les d\u00e9sastres dans sa vie ont failli l\u2019engloutir, et il a besoin d\u2019un rocher, d\u2019un endroit solide et stable o\u00f9 il puisse se tenir \u00bb<sup>1<\/sup>.<\/p>\n<p>C\u2019est dans ce contexte qu\u2019il s\u2019exhorte et nous exhorte avec lui, \u00ab Mets ton espoir en Dieu ! \u00bb<\/p>\n<p><strong><span style=\"color: #009999;\">Une nouvelle ann\u00e9e commence pour chacun de nous\u2026<br \/>\n<\/span><\/strong>mais par rapport \u00e0 l\u2019habitude des v\u0153ux, des souhaits, de la joie du renouveau, on entend ici et l\u00e0 tr\u00e8s peu d\u2019enthousiasme. <strong>Une morosit\u00e9 ambiante a gagn\u00e9 les c\u0153urs<\/strong>, dans une sorte de r\u00e9signation sur les crises, les \u00e9pisodes climatiques extr\u00eames, les guerres, les catastrophes, et je ne parle pas des scandales en tous genres, et autres crises plus locales ou personnelles\u2026<\/p>\n<blockquote><p>Mais \u00e0 l\u2019image du psalmiste, nous sommes un peuple d\u2019esp\u00e9rants !<br \/>\nLa lumi\u00e8re du Sauveur s\u2019est lev\u00e9e \u00e0 Bethleem.<\/p><\/blockquote>\n<p>J\u00e9sus-Christ a march\u00e9 dans ce monde. Il a montr\u00e9 son amour pour l\u2019humanit\u00e9 et manifest\u00e9 sa force pour tirer des situations les plus terribles tous ceux qui placent leur espoir en lui.<br \/>\nIl a vaincu le d\u00e9sespoir du p\u00e9ch\u00e9 \u00e0 la croix et la mort par sa r\u00e9surrection.<br \/>\nEn consid\u00e9rant son minist\u00e8re terrestre, <strong>nous affirmons avec joie qu\u2019il est venu au secours de son peuple qui \u00e9tait esclave, et par sa force triomphante, il l\u2019a lib\u00e9r\u00e9.<\/strong><\/p>\n<p>L\u2019\u0153uvre de J\u00e9sus-Christ a tout chang\u00e9. Devant le peuple qui place son esp\u00e9rance en lui, Christ a fendu la mer du d\u00e9sespoir en tra\u00e7ant un chemin vers la terre promise du Royaume. L\u00e0 o\u00f9 r\u00e9gnaient les t\u00e9n\u00e8bres, avec une humanit\u00e9 qui marchait dans la nuit, il a mandat\u00e9 son Eglise pour partager la Bonne nouvelle de sa r\u00e9surrection. Et pour \u00e9quiper son peuple, <strong>il a r\u00e9pandu son Esprit<\/strong> et promis qu\u2019il serait lui-m\u00eame avec nous jusqu\u2019au jour de son retour triomphal.<\/p>\n<p>Alors \u00e0 l\u2019aube de 2025, et malgr\u00e9 tout ce qui peut se vivre dans le monde, dans l\u2019Eglise et dans nos vies personnelles\u2026 que comme le psalmiste nous consid\u00e9rions Celui qui \u00e9tait, qui est et qui vient !<\/p>\n<p><span style=\"color: #009999;\">\u00abPourquoi donc, \u00f4 mon \u00e2me, es-tu si abattue et g\u00e9mis-tu sur moi ?<\/span><br \/>\n<span style=\"color: #009999;\">Mets ton espoir en Dieu ! je le louerai encore, car il est mon Sauveur. \u00bb<\/span><br \/>\n<span style=\"color: #009999;\">Psaume 42.6<\/span><\/p>\n<p>Matthieu Gangloff<\/p>\n<p><sup>1<\/sup> <sup>Nupanga Weanzana et al., \u00ab Psaumes \u00bb, in Commentaire biblique contemporain, ed. Tokunboh Adeyemo (Marne la Vall\u00e9e: \u00c9ditions Farel, 2008), 680.<\/sup><\/p>\n","protected":false},"excerpt":{"rendered":"<p>\u00ab Pourquoi donc, \u00f4 mon \u00e2me, es-tu si abattue et g\u00e9mis-tu sur moi ? Mets ton espoir en Dieu ! je le louerai encore, car il est mon Sauveur. \u00bb Psaume 42.6 C\u2019est avec ces paroles du Psaume 42 nous invitant \u00e0 placer notre espoir en Dieu que je voudrais vous souhaiter \u00e0 tous une [&hellip;]<\/p>\n","protected":false},"author":4,"featured_media":2602,"comment_status":"closed","ping_status":"closed","sticky":false,"template":"","format":"standard","meta":{"footnotes":""},"categories":[17,7],"tags":[216,217,215],"class_list":["post-2573","post","type-post","status-publish","format-standard","has-post-thumbnail","hentry","category-a-la-une","category-actu","tag-espoir-en-dieu","tag-psaume-42","tag-voeux"],"_links":{"self":[{"href":"https:\/\/enews.caef.net\/index.php?rest_route=\/wp\/v2\/posts\/2573","targetHints":{"allow":["GET"]}}],"collection":[{"href":"https:\/\/enews.caef.net\/index.php?rest_route=\/wp\/v2\/posts"}],"about":[{"href":"https:\/\/enews.caef.net\/index.php?rest_route=\/wp\/v2\/types\/post"}],"author":[{"embeddable":true,"href":"https:\/\/enews.caef.net\/index.php?rest_route=\/wp\/v2\/users\/4"}],"replies":[{"embeddable":true,"href":"https:\/\/enews.caef.net\/index.php?rest_route=%2Fwp%2Fv2%2Fcomments&post=2573"}],"version-history":[{"count":5,"href":"https:\/\/enews.caef.net\/index.php?rest_route=\/wp\/v2\/posts\/2573\/revisions"}],"predecessor-version":[{"id":2579,"href":"https:\/\/enews.caef.net\/index.php?rest_route=\/wp\/v2\/posts\/2573\/revisions\/2579"}],"wp:featuredmedia":[{"embeddable":true,"href":"https:\/\/enews.caef.net\/index.php?rest_route=\/wp\/v2\/media\/2602"}],"wp:attachment":[{"href":"https:\/\/enews.caef.net\/index.php?rest_route=%2Fwp%2Fv2%2Fmedia&parent=2573"}],"wp:term":[{"taxonomy":"category","embeddable":true,"href":"https:\/\/enews.caef.net\/index.php?rest_route=%2Fwp%2Fv2%2Fcategories&post=2573"},{"taxonomy":"post_tag","embeddable":true,"href":"https:\/\/enews.caef.net\/index.php?rest_route=%2Fwp%2Fv2%2Ftags&post=2573"}],"curies":[{"name":"wp","href":"https:\/\/api.w.org\/{rel}","templated":true}]}}