{"id":2540,"date":"2024-11-14T09:59:27","date_gmt":"2024-11-14T08:59:27","guid":{"rendered":"https:\/\/enews.caef.net\/?p=2540"},"modified":"2024-11-14T10:55:19","modified_gmt":"2024-11-14T09:55:19","slug":"2540","status":"publish","type":"post","link":"https:\/\/enews.caef.net\/?p=2540","title":{"rendered":"Destination Pologne !"},"content":{"rendered":"<p><b><span data-contrast=\"auto\">Une partie de l\u2019\u00e9quipe AJC et des acteurs clefs de la dynamique jeunesse CAEF ont particip\u00e9 au congr\u00e8s IBCM jeunesse en Pologne. <\/span><\/b>\u00a0<b><span data-contrast=\"auto\">Pourquoi prendre le temps d\u2019aller si loin ? Quels b\u00e9n\u00e9fices en retirer ?\u00a0<\/span><\/b><span data-ccp-props=\"{&quot;134233117&quot;:false,&quot;134233118&quot;:false,&quot;335559685&quot;:0,&quot;335559738&quot;:220,&quot;335559739&quot;:220}\">\u00a0<\/span><\/p>\n<p><span data-contrast=\"auto\">Parmi 400 jeunes en provenance d&rsquo;\u00e9glises de fr\u00e8res du monde entier, 5 jeunes de nos \u00e9glises CAEF ont suivi en septembre dernier le \u201cforum leader\u201d puis les conf\u00e9rences propos\u00e9es par le r\u00e9seau IBCM, r\u00e9seau international auquel appartient notre union.\u00a0<\/span><span data-ccp-props=\"{&quot;134233117&quot;:false,&quot;134233118&quot;:false,&quot;335559685&quot;:0,&quot;335559738&quot;:220,&quot;335559739&quot;:220}\">\u00a0<\/span><\/p>\n<p><span style=\"color: #a10d59;\"><b>Prendre conscience des b\u00e9n\u00e9dictions dont nous sommes l\u2019objet !<\/b>\u00a0\u00a0<\/span><\/p>\n<p><span data-contrast=\"auto\">Intervenant \u00e0 l\u2019une des tables rondes sur \u201cLes influences sur l\u2019identit\u00e9 des jeunes\u201d, puis \u00e0 l\u2019atelier \u201cQuelle strat\u00e9gie pour les minist\u00e8res jeunesse ?\u201d, Timoth\u00e9e Dobozy, coordinateur AJC, t\u00e9moigne combien il est \u00e9difiant de prendre un peu de recul et de constater toute l\u2019\u0153uvre accomplie par notre Dieu aupr\u00e8s de la jeunesse, dans nos \u00e9glises en France. <\/span><br \/>\n<span data-contrast=\"none\">\u201c<\/span><i><span data-contrast=\"none\">Avec l&rsquo;Allemagne, nous sommes probablement les 2 pays en Europe parmi les \u00e9glises de fr\u00e8res, dont le minist\u00e8re jeunesse est le plus d\u00e9velopp\u00e9. Nous avons pu partager notre v\u00e9cu, expliquer comment nous avons commenc\u00e9, exposer les bonnes pratiques et surtout t\u00e9moigner de l&rsquo;\u0153uvre de Dieu, dans tout \u00e7a ! <\/span><\/i><br \/>\n<b><i><\/i><\/b><\/p>\n<blockquote><p><b><i><span data-contrast=\"none\">L\u2019occasion pour nous aussi, de reconna\u00eetre comment nous avons \u00e9t\u00e9 b\u00e9nis et comment nous pouvons b\u00e9nir \u00e0 notre tour <\/span><\/i><\/b><i><span data-contrast=\"none\">en mutualisant et collaborant avec ceux qui sont nettement moins avanc\u00e9s dans le d\u00e9veloppement de ce minist\u00e8re<\/span><\/i><span data-contrast=\"none\">.\u201d<\/span><span data-ccp-props=\"{&quot;134233117&quot;:false,&quot;134233118&quot;:false,&quot;335559685&quot;:0,&quot;335559738&quot;:220,&quot;335559739&quot;:220}\">\u00a0<\/span><\/p><\/blockquote>\n<p><span data-contrast=\"auto\">Matthieu Castagno et Stacy Millet (\u00e9tudiants \u00e0 l\u2019IBN, en stage avec AJC) ont pu, par exemple, pr\u00e9senter le pourquoi et le comment des CFB (Cycles de Formation Biblique) mais aussi tous les fruits qui en d\u00e9coulent, pour les jeunes et pour le d\u00e9veloppement de l\u2019\u00e9glise. L\u2019occasion l\u00e0 encore de constater combien la collaboration entre nos \u00e9glises est pr\u00e9cieuse et dynamise les projets !<\/span><span data-ccp-props=\"{&quot;134233117&quot;:false,&quot;134233118&quot;:false,&quot;335559685&quot;:0,&quot;335559738&quot;:220,&quot;335559739&quot;:220}\">\u00a0<\/span><\/p>\n<p><span style=\"color: #a10d59;\"><b>Encourager <\/b>\u00a0<\/span><br \/>\n<span data-contrast=\"auto\">Aupr\u00e8s de ceux qui \u201crament\u201d pour impulser une dynamique jeunesse, l\u2019exp\u00e9rience de nos \u00e9glises en France a permis de rappeler quelques encouragements bibliques de base, en mode \u201cv\u00e9cu\u201d <\/span><span data-contrast=\"none\">:<\/span><span data-ccp-props=\"{&quot;134233117&quot;:false,&quot;134233118&quot;:false,&quot;201341983&quot;:0,&quot;335551550&quot;:1,&quot;335551620&quot;:1,&quot;335559685&quot;:0,&quot;335559737&quot;:0,&quot;335559738&quot;:220,&quot;335559739&quot;:220,&quot;335559740&quot;:279}\">\u00a0<\/span><\/p>\n<ul>\n<li data-leveltext=\"\uf0b7\" data-font=\"Symbol\" data-listid=\"6\" data-list-defn-props=\"{&quot;335552541&quot;:1,&quot;335559685&quot;:720,&quot;335559991&quot;:360,&quot;469769226&quot;:&quot;Symbol&quot;,&quot;469769242&quot;:[8226],&quot;469777803&quot;:&quot;left&quot;,&quot;469777804&quot;:&quot;\uf0b7&quot;,&quot;469777815&quot;:&quot;hybridMultilevel&quot;}\" aria-setsize=\"-1\" data-aria-posinset=\"1\" data-aria-level=\"1\"><span data-contrast=\"none\">Ne pas m\u00e9priser les petits commencements, \u00eatre fid\u00e8le dans les petites choses et voir Dieu agir selon Sa volont\u00e9 et Ses plans&#8230;<\/span><span data-ccp-props=\"{&quot;134233117&quot;:false,&quot;134233118&quot;:false,&quot;201341983&quot;:0,&quot;335551550&quot;:1,&quot;335551620&quot;:1,&quot;335559737&quot;:0,&quot;335559738&quot;:220,&quot;335559739&quot;:220,&quot;335559740&quot;:279}\">\u00a0<\/span><\/li>\n<\/ul>\n<ul>\n<li data-leveltext=\"\uf0b7\" data-font=\"Symbol\" data-listid=\"6\" data-list-defn-props=\"{&quot;335552541&quot;:1,&quot;335559685&quot;:720,&quot;335559991&quot;:360,&quot;469769226&quot;:&quot;Symbol&quot;,&quot;469769242&quot;:[8226],&quot;469777803&quot;:&quot;left&quot;,&quot;469777804&quot;:&quot;\uf0b7&quot;,&quot;469777815&quot;:&quot;hybridMultilevel&quot;}\" aria-setsize=\"-1\" data-aria-posinset=\"2\" data-aria-level=\"1\"><span data-contrast=\"none\">Continuer \u00e0 aimer ces jeunes, prier pour eux, prendre du temps avec chacun pour leur enseigner la Parole, parfois pendant des ann\u00e9es avant de voir le moindre fruit&#8230;<\/span><span data-ccp-props=\"{&quot;134233117&quot;:false,&quot;134233118&quot;:false,&quot;201341983&quot;:0,&quot;335551550&quot;:1,&quot;335551620&quot;:1,&quot;335559737&quot;:0,&quot;335559738&quot;:220,&quot;335559739&quot;:220,&quot;335559740&quot;:279}\">\u00a0<\/span><\/li>\n<\/ul>\n<ul>\n<li data-leveltext=\"\uf0b7\" data-font=\"Symbol\" data-listid=\"6\" data-list-defn-props=\"{&quot;335552541&quot;:1,&quot;335559685&quot;:720,&quot;335559991&quot;:360,&quot;469769226&quot;:&quot;Symbol&quot;,&quot;469769242&quot;:[8226],&quot;469777803&quot;:&quot;left&quot;,&quot;469777804&quot;:&quot;\uf0b7&quot;,&quot;469777815&quot;:&quot;hybridMultilevel&quot;}\" aria-setsize=\"-1\" data-aria-posinset=\"3\" data-aria-level=\"1\"><span data-contrast=\"none\">Ne jamais oublier que&#8230;\u00a0 Tout est dans entre Ses mains !\u00a0<\/span><span data-ccp-props=\"{&quot;134233117&quot;:false,&quot;134233118&quot;:false,&quot;201341983&quot;:0,&quot;335551550&quot;:1,&quot;335551620&quot;:1,&quot;335559737&quot;:0,&quot;335559738&quot;:220,&quot;335559739&quot;:220,&quot;335559740&quot;:279}\"><br \/>\n<\/span><\/li>\n<\/ul>\n<p><span style=\"color: #a10d59;\"><b>C&rsquo;est \u00e7a aussi vivre l\u2019Eglise Une !<\/b><\/span><\/p>\n","protected":false},"excerpt":{"rendered":"<p>Une partie de l\u2019\u00e9quipe AJC et des acteurs clefs de la dynamique jeunesse CAEF ont particip\u00e9 au congr\u00e8s IBCM jeunesse en Pologne. \u00a0Pourquoi prendre le temps d\u2019aller si loin ? Quels b\u00e9n\u00e9fices en retirer ?\u00a0\u00a0 Parmi 400 jeunes en provenance d&rsquo;\u00e9glises de fr\u00e8res du monde entier, 5 jeunes de nos \u00e9glises CAEF ont suivi en [&hellip;]<\/p>\n","protected":false},"author":4,"featured_media":2542,"comment_status":"closed","ping_status":"closed","sticky":false,"template":"","format":"standard","meta":{"footnotes":""},"categories":[17,10],"tags":[68,209,181,92],"class_list":["post-2540","post","type-post","status-publish","format-standard","has-post-thumbnail","hentry","category-a-la-une","category-pole-jeunesse","tag-ajc","tag-benir","tag-ibcm","tag-jeunesse"],"_links":{"self":[{"href":"https:\/\/enews.caef.net\/index.php?rest_route=\/wp\/v2\/posts\/2540","targetHints":{"allow":["GET"]}}],"collection":[{"href":"https:\/\/enews.caef.net\/index.php?rest_route=\/wp\/v2\/posts"}],"about":[{"href":"https:\/\/enews.caef.net\/index.php?rest_route=\/wp\/v2\/types\/post"}],"author":[{"embeddable":true,"href":"https:\/\/enews.caef.net\/index.php?rest_route=\/wp\/v2\/users\/4"}],"replies":[{"embeddable":true,"href":"https:\/\/enews.caef.net\/index.php?rest_route=%2Fwp%2Fv2%2Fcomments&post=2540"}],"version-history":[{"count":3,"href":"https:\/\/enews.caef.net\/index.php?rest_route=\/wp\/v2\/posts\/2540\/revisions"}],"predecessor-version":[{"id":2544,"href":"https:\/\/enews.caef.net\/index.php?rest_route=\/wp\/v2\/posts\/2540\/revisions\/2544"}],"wp:featuredmedia":[{"embeddable":true,"href":"https:\/\/enews.caef.net\/index.php?rest_route=\/wp\/v2\/media\/2542"}],"wp:attachment":[{"href":"https:\/\/enews.caef.net\/index.php?rest_route=%2Fwp%2Fv2%2Fmedia&parent=2540"}],"wp:term":[{"taxonomy":"category","embeddable":true,"href":"https:\/\/enews.caef.net\/index.php?rest_route=%2Fwp%2Fv2%2Fcategories&post=2540"},{"taxonomy":"post_tag","embeddable":true,"href":"https:\/\/enews.caef.net\/index.php?rest_route=%2Fwp%2Fv2%2Ftags&post=2540"}],"curies":[{"name":"wp","href":"https:\/\/api.w.org\/{rel}","templated":true}]}}