{"id":2533,"date":"2024-11-14T09:41:47","date_gmt":"2024-11-14T08:41:47","guid":{"rendered":"https:\/\/enews.caef.net\/?p=2533"},"modified":"2024-11-15T15:43:45","modified_gmt":"2024-11-15T14:43:45","slug":"soleil-au-sud-est","status":"publish","type":"post","link":"https:\/\/enews.caef.net\/?p=2533","title":{"rendered":"Grand soleil au Sud Est ?"},"content":{"rendered":"<p><span data-contrast=\"auto\">Qui de nous n\u2019a jamais \u201cenvi\u00e9\u201d, lors des bulletins m\u00e9t\u00e9o du 20h, le quart Sud Est de la France, cette r\u00e9gion o\u00f9 le soleil et les temp\u00e9ratures semblent toujours au beau fixe ? Portons un autre regard vers cette r\u00e9gion, celui de la lumi\u00e8re que font briller nos \u00e9glises CAEF&#8230;\u00a0<\/span><\/p>\n<p><span style=\"color: #009999;\"><b>L\u2019h\u00e9ritage du pass\u00e9 <\/b>\u00a0<\/span><br \/>\n<span data-contrast=\"auto\">La r\u00e9gion, au sens large, compte \u00e0 ce jour, environ 23 \u00e9glises et implantations de notre union CAEF, et force est d&rsquo;y constater une <\/span><b><span data-contrast=\"auto\">r\u00e9elle vitalit\u00e9 du t\u00e9moignage \u00e0 la gloire de Dieu.<\/span><\/b><span data-contrast=\"auto\"> Le fruit d\u2019un travail de longue haleine : \u201c<\/span><i><span data-contrast=\"auto\">Nous sommes aujourd&rsquo;hui au b\u00e9n\u00e9fice du travail de nos a\u00een\u00e9s : la g\u00e9n\u00e9ration qui nous a pr\u00e9c\u00e9d\u00e9s avait le souci d\u2019enseigner, de former, de se visiter entre \u00e9glises, d\u2019organiser des pastorales, une v\u00e9ritable culture du faire ensemble&#8230;\u201d <\/span><\/i><span data-contrast=\"auto\">rappelle Philippe Perrilliat, pasteur implanteur \u00e0 Aix en Provence.<\/span><span data-ccp-props=\"{}\">\u00a0<\/span><\/p>\n<p><span data-contrast=\"auto\">La situation est diff\u00e9rente selon les d\u00e9partements, certes, mais si certaines terres sont plus difficiles \u00e0 labourer, pour David Loch\u00e9, pasteur \u00e0 Istres <\/span><i><span data-contrast=\"auto\">\u201cle fait de se connaitre et de se rencontrer facilite la prise de conscience des r\u00e9alit\u00e9s et enjeux de chacun, mais aussi le d\u00e9sir de s\u2019aider et se soutenir&#8230; C\u2019est une excellente habitude qui perdure depuis bien longtemps dans la r\u00e9gion, chacun donne et re\u00e7oit tour \u00e0 tour !\u201d.<\/span><\/i><\/p>\n<p><strong><span style=\"color: #009999;\">\u00a0Zoom sur un \u00e9v\u00e8nement : le culte en commun\u00a0<\/span><\/strong><br \/>\n<span data-contrast=\"auto\">Une tradition de longue date, port\u00e9e depuis 4 ans, par la <\/span><b><span data-contrast=\"auto\">plateforme \u201cEnsemble Pour Multiplier\u201d (EPM)<\/span><\/b><span data-contrast=\"auto\">. Cette ann\u00e9e, plus de 350 personnes se sont retrouv\u00e9es \u00e0 Istres pour une journ\u00e9e en commun : culte, agape, d\u00e9tente et activit\u00e9s sportives mais aussi des temps de partage et de discussions informelles. D\u2019Antibes \u00e0 Salon de Provence, de Valence \u00e0 Marseille, beaucoup ont eu \u00e0 c\u0153ur de se d\u00e9placer pour vivre ce temps. Les \u00e9glises d\u2019Orange et d\u2019Antibes sont venues&#8230; en bus ! Une belle occasion d\u2019ailleurs, de vivre aussi la coh\u00e9sion intra \u00e9glise.<\/span><\/p>\n<p><span data-contrast=\"auto\">Le culte en commun oui, mais pas que. EPM propose aussi chaque ann\u00e9e aux membres des \u00e9glises de la r\u00e9gion <\/span><b><span data-contrast=\"auto\">des formations d\u2019une journ\u00e9e sur des th\u00e8mes li\u00e9s au discipulat<\/span><\/b><span data-contrast=\"auto\"> : Comment accompagner les nouveaux chr\u00e9tiens ? Comment int\u00e9grer des non chr\u00e9tiens dans nos groupes de quartier ? &#8230;\u00a0<\/span><span data-ccp-props=\"{}\">\u00a0<\/span><\/p>\n<p><span data-contrast=\"auto\">Une r\u00e9flexion au sujet de la <\/span><b><span data-contrast=\"auto\">pertinence de faire vivre les \u201cbassins d\u2019\u00e9glises\u201d<\/span><\/b><span data-contrast=\"auto\"> est \u00e9galement en cours actuellement. En effet, malgr\u00e9 cette dynamique encourageante, plusieurs \u00e9glises du Sud-Est sont en difficult\u00e9 et ont besoin de revitalisation, ce qui pourrait \u00eatre pens\u00e9 et mis en \u0153uvre \u00e0 ce niveau.<\/span><\/p>\n<p><span style=\"color: #009999;\"><b>Zoom sur un projet : le CFRI (Centre de Formation R\u00e9gional pour Implantations)<\/b>\u00a0<\/span><br \/>\n<span data-contrast=\"auto\">Commen\u00e7ons par dire que le CFRI &#8211; un \u201cproduit\u201d con\u00e7u par l\u2019\u00e9quipe \u201c1 \u00e9glise pour 10000 habitants\u201d du CNEF &#8211; est v\u00e9cu dans le Sud Est en mode 2.0 et ce, d\u00e8s ses d\u00e9buts !<\/span><span data-ccp-props=\"{}\">\u00a0<\/span><\/p>\n<p><span data-contrast=\"auto\">Au CFRI, si<\/span><b><span data-contrast=\"auto\"> on se forme aux pratiques concr\u00e8tes de la croissance de l\u2019\u00e9glise,<\/span><\/b><span data-contrast=\"auto\"> cela ne concerne pas que l\u2019implantation. Les participants d\u00e9ploieront, en ann\u00e9e 2, tant des projets d\u2019implantations que des projets de postes avanc\u00e9s d\u2019\u00e9vang\u00e9lisation, d\u2019essaimage ou de multisites, mais aussi de revitalisation d\u2019\u00e9glises.<\/span><span data-ccp-props=\"{}\">\u00a0<\/span><\/p>\n<p><span data-contrast=\"auto\">Le 4\u00e8me CFRI ne compte pas moins de <\/span><b><span data-contrast=\"auto\">39 participants<\/span><\/b><span data-contrast=\"auto\">, pour beaucoup des \u201cbi-vocationnels\u201d, tous d\u00e9cid\u00e9s \u00e0 consacrer pendant 2 ans un samedi par mois (entre deux devoirs !) pour se former \u00e0 ces pratiques. Ils \u00e9taient 3 participants, puis 8, puis 13&#8230;\u00a0 <\/span><\/p>\n<p><span data-contrast=\"auto\">Au-del\u00e0 d\u2019\u00eatre un v\u00e9ritable \u201cbooster\u201d pour les \u00e9quipes d\u2019\u00e9glises, (car oui, on s\u2019inscrit \u00e0 ce cycle de formation pratique, plut\u00f4t en groupe d\u2019une m\u00eame \u00e9glise),<\/span><b><span data-contrast=\"auto\"> toute la r\u00e9gion en b\u00e9n\u00e9ficie. <\/span><\/b><i><span data-contrast=\"auto\">\u201cLe \u201csouffle nouveau\u201d apport\u00e9 par un projet d\u2019implantation ou de multisites donne la vie, peut r\u00e9veiller le souvenir du 1er amour pour d\u2019autres. Une implantation se pense, avant tout, comme une plateforme pour multiplier&#8230;\u201d<\/span><\/i><span data-contrast=\"auto\">\u00a0 aime \u00e0 rappeler Philippe Perrilliat, directeur du CFRI.<\/span><span data-ccp-props=\"{}\">\u00a0<\/span><\/p>\n<p><b><span data-contrast=\"auto\">C\u2019est aussi une excellente fa\u00e7on de vivre l\u2019Eglise Une au sein du r\u00e9seau FEF<\/span><\/b><span data-contrast=\"auto\"> : les apprenants viennent \u00e9galement d\u2019\u00e9glises de l\u2019union Charis, de l\u2019Association Baptiste ou de l\u2019Action biblique.<\/span><span data-ccp-props=\"{}\">\u00a0<\/span><\/p>\n<p><span data-contrast=\"auto\">Merci aux \u00e9glises du Sud Est de nous montrer ainsi un bel exemple de vitalit\u00e9 et de t\u00e9moignage, gr\u00e2ce aux relations inter \u00e9glises au sein d\u2019une r\u00e9gion. Terminons ce rapide regard vers le Sud Est, par une note d\u2019humour de Philippe,\u201d S<\/span><i><span data-contrast=\"auto\">i la France \u201cse pense\u201d \u00e0 Paris, elle \u201cse chante\u201d avec&#8230; la Marseillaise!\u201d\u00a0 <\/span><\/i><\/p>\n<p><span style=\"background-color: #009999; color: #009999;\"><span style=\"background-color: #ffffff;\">Prions que, \u00e0 l\u2019Ouest, au centre ou au Nord, nos \u00e9glises puissent composer ou continuer \u00e0 entonner \u00e9galement ensemble, selon leur contexte et leur histoire, un hymne \u00e0 la gloire de J\u00e9sus, lumi\u00e8re du monde.<\/span><\/span><\/p>\n","protected":false},"excerpt":{"rendered":"<p>Qui de nous n\u2019a jamais \u201cenvi\u00e9\u201d, lors des bulletins m\u00e9t\u00e9o du 20h, le quart Sud Est de la France, cette r\u00e9gion o\u00f9 le soleil et les temp\u00e9ratures semblent toujours au beau fixe ? Portons un autre regard vers cette r\u00e9gion, celui de la lumi\u00e8re que font briller nos \u00e9glises CAEF&#8230;\u00a0 L\u2019h\u00e9ritage du pass\u00e9 \u00a0 La [&hellip;]<\/p>\n","protected":false},"author":4,"featured_media":2535,"comment_status":"closed","ping_status":"closed","sticky":false,"template":"","format":"standard","meta":{"footnotes":""},"categories":[17,9],"tags":[212,213,211],"class_list":["post-2533","post","type-post","status-publish","format-standard","has-post-thumbnail","hentry","category-a-la-une","category-action","tag-cfri","tag-culte-en-commun","tag-sud-est"],"_links":{"self":[{"href":"https:\/\/enews.caef.net\/index.php?rest_route=\/wp\/v2\/posts\/2533","targetHints":{"allow":["GET"]}}],"collection":[{"href":"https:\/\/enews.caef.net\/index.php?rest_route=\/wp\/v2\/posts"}],"about":[{"href":"https:\/\/enews.caef.net\/index.php?rest_route=\/wp\/v2\/types\/post"}],"author":[{"embeddable":true,"href":"https:\/\/enews.caef.net\/index.php?rest_route=\/wp\/v2\/users\/4"}],"replies":[{"embeddable":true,"href":"https:\/\/enews.caef.net\/index.php?rest_route=%2Fwp%2Fv2%2Fcomments&post=2533"}],"version-history":[{"count":7,"href":"https:\/\/enews.caef.net\/index.php?rest_route=\/wp\/v2\/posts\/2533\/revisions"}],"predecessor-version":[{"id":2565,"href":"https:\/\/enews.caef.net\/index.php?rest_route=\/wp\/v2\/posts\/2533\/revisions\/2565"}],"wp:featuredmedia":[{"embeddable":true,"href":"https:\/\/enews.caef.net\/index.php?rest_route=\/wp\/v2\/media\/2535"}],"wp:attachment":[{"href":"https:\/\/enews.caef.net\/index.php?rest_route=%2Fwp%2Fv2%2Fmedia&parent=2533"}],"wp:term":[{"taxonomy":"category","embeddable":true,"href":"https:\/\/enews.caef.net\/index.php?rest_route=%2Fwp%2Fv2%2Fcategories&post=2533"},{"taxonomy":"post_tag","embeddable":true,"href":"https:\/\/enews.caef.net\/index.php?rest_route=%2Fwp%2Fv2%2Ftags&post=2533"}],"curies":[{"name":"wp","href":"https:\/\/api.w.org\/{rel}","templated":true}]}}