{"id":2514,"date":"2024-11-13T14:58:14","date_gmt":"2024-11-13T13:58:14","guid":{"rendered":"https:\/\/enews.caef.net\/?p=2514"},"modified":"2024-11-20T09:35:20","modified_gmt":"2024-11-20T08:35:20","slug":"doctrine-et-confession-de-foi-en-pratique","status":"publish","type":"post","link":"https:\/\/enews.caef.net\/?p=2514","title":{"rendered":"Doctrine et confession de foi&#8230; En pratique !"},"content":{"rendered":"<p>Le Docteur en th\u00e9ologie Kevin Vanhoozer a \u00e9t\u00e9 invit\u00e9 pour introduire l\u2019une des s\u00e9ances de travail des th\u00e9ologiens du R\u00e9seau FEF sur la d\u00e9clinaison pratique de notre confession de foi. Son enseignement portait sur la centralit\u00e9 de la doctrine dans le processus de croissance du disciple de J\u00e9sus-Christ.<br \/>\nEn voici quelques extraits :<\/p>\n<p><span style=\"color: #009999; font-size: 12pt;\"><strong>Nous avons besoin d\u2019apprendre le Christ<\/strong><\/span><br \/>\nLa doctrine, c\u2019est de l\u2019enseignement, et comme le dit James Innell Packer, personne ne grandit en Christ par instinct : nous avons besoin de l\u2019enseignement. L\u2019ap\u00f4tre Paul le dit aussi en <em>\u00c9ph\u00e9siens 4.20<\/em>, nous avons besoin<em> d\u2019apprendre le Christ<\/em>. Et donc l\u2019id\u00e9e la plus importante que j\u2019aimerais vous sugg\u00e9rer, c\u2019est que <strong>le but de la doctrine est d\u2019instruire des disciples sur le chemin<\/strong> \u00e0 la suite de J\u00e9sus.<br \/>\nEn r\u00e9ponse au mandat missionnaire que J\u00e9sus nous a laiss\u00e9, on pourrait dire qu\u2019il n\u2019y a rien de plus pratique que l\u2019\u00c9glise puisse faire que d\u2019enseigner la doctrine. Regardons\u00a0<em>Jacques 1.22-24<\/em>\u00a0:<\/p>\n<blockquote class=\"wp-block-quote is-layout-flow wp-block-quote-is-layout-flow\"><p><em>Mettez en pratique la parole, et ne vous bornez pas \u00e0 l\u2019\u00e9couter, en vous trompant vous-m\u00eames par de faux raisonnements. Car, si quelqu\u2019un \u00e9coute la parole et ne la met pas en pratique, il est semblable \u00e0 un homme qui regarde dans un miroir son visage naturel, et qui, apr\u00e8s s\u2019\u00eatre regard\u00e9, s\u2019en va et oublie aussit\u00f4t quel il \u00e9tait. <\/em>Jc 1 v22-24<\/p><\/blockquote>\n<p>Je pense qu\u2019il est important de rappeler aux membres de nos \u00c9glises que <strong>vivre une doctrine est incontournable.<\/strong> Nous n\u2019avons pas besoin d\u2019\u00eatre un philosophe professionnel pour avoir une philosophie de la vie. Tout le monde est en train de mettre en pratique l\u2019enseignement de quelqu\u2019un ; ce ne sera pas forc\u00e9ment celui de Dieu, mais ce sera dans ce cas l\u2019enseignement de quelqu\u2019un d\u2019autre que l\u2019on cherchera \u00e0 mettre en pratique. Pensez \u00e0 toutes les paroles que les personnes \u00e9coutent : l\u2019horoscope, les publicit\u00e9s, les conseils dans les journaux&#8230; La question est donc : de qui suis-je en train d\u2019\u00e9couter les paroles ? Tout le monde est \u00e0 l\u2019\u00e9coute d\u2019une parole et cherche \u00e0 la mettre en pratique.<br \/>\n(&#8230;)\u00a0 <a href=\"https:\/\/reseaufef.com\/reflexions-theologiques-sur-le-travail-de-declinaison-pratique-de-notre-confession-de-foi\/\">Lire la totalit\u00e9 de l&rsquo;article sur le site du r\u00e9seau FEF<\/a><\/p>\n<p><strong><span style=\"color: #009999;\"><br \/>\nNotre confesssion de foi, comme vous ne l&rsquo;avez encore jamais lue !<br \/>\n<\/span><\/strong>La confession de foi de notre Union (confession de foi commune \u00e0 toutes les unions du R\u00e9seau FEF) pr\u00e9sente les\u00a0<strong>r\u00e9alit\u00e9s essentielles de la foi chr\u00e9tienne, <\/strong>re\u00e7ues en d\u00e9p\u00f4t au travers de l\u2019enseignement de la Bible.<\/p>\n<p>Pour nous faire r\u00e9fl\u00e9chir aux implications de cette foi chr\u00e9tienne, le comit\u00e9 th\u00e9ologique, aid\u00e9 par des th\u00e9ologiens du R\u00e9seau FEF, a travaill\u00e9 sur cette s\u00e9rie d\u2019articles <strong>\u201cNous croyons\u2026 et alors ?\u201d <\/strong>qui d\u00e9cline chaque article de notre confession de foi, de mani\u00e8re pratique.<\/p>\n<h3 class=\"wp-block-heading has-large-font-size\">Sommaire<\/h3>\n<ul class=\"wp-block-list\">\n<li><strong>Pr\u00e9ambule<\/strong>\u00a0\u2013\u00a0<a href=\"https:\/\/reseaufef.com\/declinaison-pratique-de-la-confession-de-foi-du-reseau-fef\/\" target=\"_blank\" rel=\"noopener\" data-type=\"post\" data-id=\"5803\"><strong>Les th\u00e9ologiens du R-FEF d\u00e9clinent la confession de foi de mani\u00e8re pratique<\/strong><\/a>\u00a0\u2013 Matthieu Gangloff<\/li>\n<\/ul>\n<ul class=\"wp-block-list\">\n<li><strong>Article 1\u00a0:\u00a0<\/strong><a href=\"https:\/\/reseaufef.com\/?p=6002\" target=\"_blank\" rel=\"noopener\" data-type=\"link\" data-id=\"https:\/\/reseaufef.com\/?p=6002\"><strong>Le Dieu trinitaire<\/strong><\/a><strong>\u00a0<\/strong>\u2013 Matthieu SANDERS<\/li>\n<li><strong>Article 2\u00a0:\u00a0<a href=\"https:\/\/reseaufef.com\/?p=6055\" target=\"_blank\" rel=\"noopener\">La Bible, Parole de Dieu<\/a><\/strong>\u00a0\u2013 C\u00e9dric EUG\u00c8NE<\/li>\n<li><strong>Article 3\u00a0:\u00a0<a href=\"https:\/\/reseaufef.com\/?p=6073\" target=\"_blank\" rel=\"noopener\">Le Dieu cr\u00e9ateur<\/a><\/strong>\u00a0\u2013 Serge OULA\u00cf<\/li>\n<li><strong>Article 4\u00a0:\u00a0<a href=\"https:\/\/reseaufef.com\/?p=6098\" target=\"_blank\" rel=\"noopener\">Le p\u00e9ch\u00e9<\/a><\/strong>\u00a0\u2013 Matthieu GANGLOFF<\/li>\n<li><strong>Article 5\u00a0:\u00a0<a href=\"https:\/\/reseaufef.com\/?p=6119\" target=\"_blank\" rel=\"noopener\">J\u00e9sus-Christ<\/a><\/strong>\u00a0\u2013 Roy REESE<\/li>\n<li><strong>Article 6\u00a0:\u00a0<a href=\"https:\/\/reseaufef.com\/?p=6133\" target=\"_blank\" rel=\"noopener\">L\u2019\u0153uvre du salut &#8211; <\/a><\/strong>Jacques Nussbaumer<\/li>\n<li><strong>Article 7\u00a0:\u00a0<a href=\"https:\/\/reseaufef.com\/?p=6609\" target=\"_blank\" rel=\"noopener\">Le Saint Esprit<\/a>\u00a0\u2013 <\/strong>Roy REESE<\/li>\n<li><strong>Articles 8-9 :\u00a0<a href=\"https:\/\/reseaufef.com\/?p=6630\" target=\"_blank\" rel=\"noopener\">L\u2019\u00c9glise et les sacrements<\/a>\u00a0\u2013 <\/strong>Matthieu SANDERS<\/li>\n<li><strong>Article 10\u00a0:<\/strong>\u00a0<strong><a href=\"https:\/\/reseaufef.com\/?p=6666\" target=\"_blank\" rel=\"noopener\">Vivre selon la volont\u00e9 de Dieu<\/a><\/strong>\u00a0\u2013 Serge OULA\u00cf<\/li>\n<li><strong>Article 11\u00a0:\u00a0<a href=\"https:\/\/reseaufef.com\/?p=6708\" target=\"_blank\" rel=\"noopener\">La r\u00e9surrection, le jugement final et l\u2019\u00e9ternit\u00e9<\/a>\u00a0\u2013 <\/strong>Matthieu GANGLOFF<\/li>\n<\/ul>\n","protected":false},"excerpt":{"rendered":"<p>Le Docteur en th\u00e9ologie Kevin Vanhoozer a \u00e9t\u00e9 invit\u00e9 pour introduire l\u2019une des s\u00e9ances de travail des th\u00e9ologiens du R\u00e9seau FEF sur la d\u00e9clinaison pratique de notre confession de foi. Son enseignement portait sur la centralit\u00e9 de la doctrine dans le processus de croissance du disciple de J\u00e9sus-Christ. En voici quelques extraits : Nous avons [&hellip;]<\/p>\n","protected":false},"author":4,"featured_media":2515,"comment_status":"closed","ping_status":"closed","sticky":false,"template":"","format":"standard","meta":{"footnotes":""},"categories":[17,8],"tags":[],"class_list":["post-2514","post","type-post","status-publish","format-standard","has-post-thumbnail","hentry","category-a-la-une","category-refexions"],"_links":{"self":[{"href":"https:\/\/enews.caef.net\/index.php?rest_route=\/wp\/v2\/posts\/2514","targetHints":{"allow":["GET"]}}],"collection":[{"href":"https:\/\/enews.caef.net\/index.php?rest_route=\/wp\/v2\/posts"}],"about":[{"href":"https:\/\/enews.caef.net\/index.php?rest_route=\/wp\/v2\/types\/post"}],"author":[{"embeddable":true,"href":"https:\/\/enews.caef.net\/index.php?rest_route=\/wp\/v2\/users\/4"}],"replies":[{"embeddable":true,"href":"https:\/\/enews.caef.net\/index.php?rest_route=%2Fwp%2Fv2%2Fcomments&post=2514"}],"version-history":[{"count":9,"href":"https:\/\/enews.caef.net\/index.php?rest_route=\/wp\/v2\/posts\/2514\/revisions"}],"predecessor-version":[{"id":2517,"href":"https:\/\/enews.caef.net\/index.php?rest_route=\/wp\/v2\/posts\/2514\/revisions\/2517"}],"wp:featuredmedia":[{"embeddable":true,"href":"https:\/\/enews.caef.net\/index.php?rest_route=\/wp\/v2\/media\/2515"}],"wp:attachment":[{"href":"https:\/\/enews.caef.net\/index.php?rest_route=%2Fwp%2Fv2%2Fmedia&parent=2514"}],"wp:term":[{"taxonomy":"category","embeddable":true,"href":"https:\/\/enews.caef.net\/index.php?rest_route=%2Fwp%2Fv2%2Fcategories&post=2514"},{"taxonomy":"post_tag","embeddable":true,"href":"https:\/\/enews.caef.net\/index.php?rest_route=%2Fwp%2Fv2%2Ftags&post=2514"}],"curies":[{"name":"wp","href":"https:\/\/api.w.org\/{rel}","templated":true}]}}