{"id":2438,"date":"2024-09-11T09:07:35","date_gmt":"2024-09-11T07:07:35","guid":{"rendered":"https:\/\/enews.caef.net\/?p=2438"},"modified":"2024-09-12T09:43:34","modified_gmt":"2024-09-12T07:43:34","slug":"bonne-rentree-a-tous","status":"publish","type":"post","link":"https:\/\/enews.caef.net\/?p=2438","title":{"rendered":"Ce qui change&#8230; ou pas, en cette rentr\u00e9e !"},"content":{"rendered":"<p aria-level=\"1\"><strong><span style=\"color: #009999;\">Les ann\u00e9es se suivent et ne se ressemblent pas&#8230; ?\u00a0<\/span><\/strong><\/p>\n<p><span data-contrast=\"auto\">En ce d\u00e9but d\u2019ann\u00e9e scolaire et pour la premi\u00e8re fois depuis que je l&rsquo;ai cr\u00e9\u00e9e, il y a un peu plus de 15 ans, ma bo\u00eete email \u00e9tait presque pleine&#8230; J\u2019ai d\u00fb y faire du tri. L\u2019exp\u00e9rience f\u00fbt tr\u00e8s int\u00e9ressante ! Certes, en regardant \u201cnum\u00e9riquement\u201d aux r\u00e9alit\u00e9s visibles, aucune des ann\u00e9es qui se sont suivies ne ressemblait \u00e0 la pr\u00e9c\u00e9dente. Mais en trame de fond invisible, ann\u00e9e apr\u00e8s ann\u00e9e, sans jamais faire d\u00e9faut, j\u2019y ai vu :<\/span><span data-ccp-props=\"{&quot;134233117&quot;:false,&quot;134233118&quot;:false,&quot;201341983&quot;:0,&quot;335551550&quot;:1,&quot;335551620&quot;:1,&quot;335559685&quot;:0,&quot;335559737&quot;:0,&quot;335559738&quot;:0,&quot;335559739&quot;:160,&quot;335559740&quot;:279}\">\u00a0<\/span><\/p>\n<ul>\n<li data-leveltext=\"\uf0b7\" data-font=\"Symbol\" data-listid=\"1\" data-list-defn-props=\"{&quot;335552541&quot;:1,&quot;335559685&quot;:720,&quot;335559991&quot;:360,&quot;469769226&quot;:&quot;Symbol&quot;,&quot;469769242&quot;:[8226],&quot;469777803&quot;:&quot;left&quot;,&quot;469777804&quot;:&quot;\uf0b7&quot;,&quot;469777815&quot;:&quot;hybridMultilevel&quot;}\" aria-setsize=\"-1\" data-aria-posinset=\"1\" data-aria-level=\"1\"><span data-contrast=\"auto\"><span style=\"color: #009999;\">La gr\u00e2ce de Dieu qui<\/span> &#8211; malgr\u00e9 mes faiblesses &#8211; m&rsquo;a permis de vivre des choses merveilleuses avec Lui, pour Sa Gloire, l\u2019\u00e9dification de Son Eglise et l\u2019annonce de la bonne nouvelle de J\u00e9sus-Christ ;<\/span><span data-ccp-props=\"{&quot;201341983&quot;:0,&quot;335559739&quot;:160,&quot;335559740&quot;:279}\">\u00a0<\/span><\/li>\n<\/ul>\n<ul>\n<li data-leveltext=\"\uf0b7\" data-font=\"Symbol\" data-listid=\"1\" data-list-defn-props=\"{&quot;335552541&quot;:1,&quot;335559685&quot;:720,&quot;335559991&quot;:360,&quot;469769226&quot;:&quot;Symbol&quot;,&quot;469769242&quot;:[8226],&quot;469777803&quot;:&quot;left&quot;,&quot;469777804&quot;:&quot;\uf0b7&quot;,&quot;469777815&quot;:&quot;hybridMultilevel&quot;}\" aria-setsize=\"-1\" data-aria-posinset=\"2\" data-aria-level=\"1\"><span data-contrast=\"auto\"><span style=\"color: #009999;\">La fid\u00e9lit\u00e9 de Dieu<\/span> qui m&rsquo;a soutenu, accompagn\u00e9, dans les nombreuses \u0153uvres bonnes qu\u2019Il avait pr\u00e9vues\u2013 et certaines \u00e0 l\u2019\u00e9poque me paraissaient bien au-del\u00e0 de mes forces !<\/span><span data-ccp-props=\"{&quot;201341983&quot;:0,&quot;335559739&quot;:160,&quot;335559740&quot;:279}\">\u00a0<\/span><\/li>\n<\/ul>\n<ul>\n<li data-leveltext=\"\uf0b7\" data-font=\"Symbol\" data-listid=\"1\" data-list-defn-props=\"{&quot;335552541&quot;:1,&quot;335559685&quot;:720,&quot;335559991&quot;:360,&quot;469769226&quot;:&quot;Symbol&quot;,&quot;469769242&quot;:[8226],&quot;469777803&quot;:&quot;left&quot;,&quot;469777804&quot;:&quot;\uf0b7&quot;,&quot;469777815&quot;:&quot;hybridMultilevel&quot;}\" aria-setsize=\"-1\" data-aria-posinset=\"3\" data-aria-level=\"1\"><span data-contrast=\"auto\"><span style=\"color: #009999;\">La beaut\u00e9 de l\u2019Eglise !<\/span> Des vies transform\u00e9es, des fr\u00e8res et s\u0153urs aim\u00e9s, des collaborateurs dans le service. Il est beau ce corps o\u00f9 tous ont part \u00e0 la m\u00eame promesse, par le moyen de l\u2019Evangile !<\/span><span data-ccp-props=\"{&quot;134233117&quot;:false,&quot;134233118&quot;:false,&quot;201341983&quot;:0,&quot;335551550&quot;:1,&quot;335551620&quot;:1,&quot;335559685&quot;:720,&quot;335559737&quot;:0,&quot;335559738&quot;:0,&quot;335559739&quot;:160,&quot;335559740&quot;:279,&quot;335559991&quot;:360}\">\u00a0<\/span><\/li>\n<\/ul>\n<p><span data-contrast=\"auto\">Alors oui, en regardant aux r\u00e9alit\u00e9s visibles, les ann\u00e9es se suivent et ne se ressemblent pas et cela peut nous effrayer. Mais, en ce d\u00e9but d\u2019ann\u00e9e scolaire, <\/span><\/p>\n<blockquote><p><span data-contrast=\"auto\">ensemble, regardons aux r\u00e9alit\u00e9s invisibles : Dieu est \u00e9ternel et ne conna\u00eet ni changement, ni ombre due \u00e0 des variations.<\/span><\/p><\/blockquote>\n<p><span data-contrast=\"auto\"> J\u00e9sus-Christ est le m\u00eame hier, aujourd\u2019hui et pour toujours ; <\/span><span data-contrast=\"auto\">et le m\u00eame Esprit continue d\u2019agir dans l\u2019Eglise et en dehors pour appeler \u00e0 la vie nouvelle en J\u00e9sus-Christ. Notre Dieu est toujours digne de confiance pour cette nouvelle rentr\u00e9e scolaire ! Alors, bonne rentr\u00e9e \u00e0 tous !<\/span><span data-ccp-props=\"{&quot;201341983&quot;:0,&quot;335559739&quot;:160,&quot;335559740&quot;:279}\">\u00a0<\/span><\/p>\n<p aria-level=\"1\"><strong><span style=\"color: #009999;\">Et pour l\u2019Union, les ann\u00e9es se suivent et&#8230; ?\u00a0<\/span><\/strong><\/p>\n<p><span data-contrast=\"auto\">Nous nous appuyons sur les r\u00e9alit\u00e9s invisibles cit\u00e9es pr\u00e9c\u00e9demment pour vivre :<\/span><span data-ccp-props=\"{&quot;134233117&quot;:false,&quot;134233118&quot;:false,&quot;201341983&quot;:0,&quot;335551550&quot;:1,&quot;335551620&quot;:1,&quot;335559685&quot;:0,&quot;335559737&quot;:0,&quot;335559738&quot;:0,&quot;335559739&quot;:160,&quot;335559740&quot;:279}\">\u00a0<\/span><\/p>\n<p aria-level=\"2\"><span style=\"color: #009999;\">Ce qui va ressembler \u00e0 l\u2019ann\u00e9e pass\u00e9e :<\/span><\/p>\n<ul>\n<li data-leveltext=\"\uf0b7\" data-font=\"Symbol\" data-listid=\"2\" data-list-defn-props=\"{&quot;335552541&quot;:1,&quot;335559685&quot;:720,&quot;335559991&quot;:360,&quot;469769226&quot;:&quot;Symbol&quot;,&quot;469769242&quot;:[8226],&quot;469777803&quot;:&quot;left&quot;,&quot;469777804&quot;:&quot;\uf0b7&quot;,&quot;469777815&quot;:&quot;hybridMultilevel&quot;}\" aria-setsize=\"-1\" data-aria-posinset=\"1\" data-aria-level=\"1\"><span data-contrast=\"auto\">Notre <strong>d\u00e9sir de mieux comprendre et vivre ensemble l\u2019Eglise UNE<\/strong> au sein de l&rsquo;Union &#8211; suite \u00e0 notre dernier congr\u00e8s &#8211; mais aussi au-del\u00e0, en avan\u00e7ant vers le concret de la d\u00e9claration commune du R\u00e9seau FEF \u2013 la seconde partie, \u201cvivre l\u2019Eglise \u2018une\u00a0\u00bb.<br \/>\n<\/span><\/li>\n<li data-leveltext=\"\uf0b7\" data-font=\"Symbol\" data-listid=\"2\" data-list-defn-props=\"{&quot;335552541&quot;:1,&quot;335559685&quot;:720,&quot;335559991&quot;:360,&quot;469769226&quot;:&quot;Symbol&quot;,&quot;469769242&quot;:[8226],&quot;469777803&quot;:&quot;left&quot;,&quot;469777804&quot;:&quot;\uf0b7&quot;,&quot;469777815&quot;:&quot;hybridMultilevel&quot;}\" aria-setsize=\"-1\" data-aria-posinset=\"2\" data-aria-level=\"1\"><span data-contrast=\"auto\">Notre pr\u00e9occupation concernant le <strong>besoin de serviteurs plein-temps et\/ou anciens,<\/strong> responsables pour nos assembl\u00e9es, auquel est li\u00e9 <strong>le besoin de formation<\/strong> \u00e9galement. Jonathan A. continue ainsi le d\u00e9veloppement du p\u00f4le <\/span><span data-contrast=\"auto\"><span data-contrast=\"auto\">Minist\u00e8re, entour\u00e9 de la commission recrutement, et avec, dans sa bo\u00eete \u00e0 outils, les formations de l\u2019Union, celles des centres de formation valid\u00e9s par la CSR, et celle du r\u00e9seau FEF et <a href=\"https:\/\/www.ibnogent.org\/formation-continue\/#FITE\" target=\"_blank\" rel=\"noopener\">F-ITE.<\/a><\/span><\/span><\/li>\n<li data-leveltext=\"\uf0b7\" data-font=\"Symbol\" data-listid=\"2\" data-list-defn-props=\"{&quot;335552541&quot;:1,&quot;335559685&quot;:720,&quot;335559991&quot;:360,&quot;469769226&quot;:&quot;Symbol&quot;,&quot;469769242&quot;:[8226],&quot;469777803&quot;:&quot;left&quot;,&quot;469777804&quot;:&quot;\uf0b7&quot;,&quot;469777815&quot;:&quot;hybridMultilevel&quot;}\" aria-setsize=\"-1\" data-aria-posinset=\"2\" data-aria-level=\"1\"><span data-contrast=\"none\">Le soutien financier et la p\u00e9rennisation des postes transversaux restent un pas de foi puisque l\u2019Entente supportera d\u2019ici la fin d\u2019ann\u00e9e, l\u2019\u00e9quivalent de 6 postes \u00e0 plein temps. Donc une charge financi\u00e8re en augmentation. Cela ne prend cependant pas en compte la totalit\u00e9 des serviteurs actuels au service de l\u2019ensemble des commissions (environ 9 \u00e9quivalents plein temps).<\/span><span data-ccp-props=\"{&quot;134233117&quot;:false,&quot;134233118&quot;:false,&quot;201341983&quot;:0,&quot;335551550&quot;:1,&quot;335551620&quot;:1,&quot;335559737&quot;:0,&quot;335559738&quot;:0,&quot;335559739&quot;:160,&quot;335559740&quot;:279}\">\u00a0<\/span><\/li>\n<\/ul>\n<p aria-level=\"2\"><span style=\"color: #009999;\">Ce qui ne va pas ressembler \u00e0 l\u2019ann\u00e9e pass\u00e9e :<\/span><\/p>\n<ul>\n<li data-leveltext=\"\uf0b7\" data-font=\"Symbol\" data-listid=\"3\" data-list-defn-props=\"{&quot;335552541&quot;:1,&quot;335559685&quot;:720,&quot;335559991&quot;:360,&quot;469769226&quot;:&quot;Symbol&quot;,&quot;469769242&quot;:[8226],&quot;469777803&quot;:&quot;left&quot;,&quot;469777804&quot;:&quot;\uf0b7&quot;,&quot;469777815&quot;:&quot;hybridMultilevel&quot;}\" aria-setsize=\"-1\" data-aria-posinset=\"1\" data-aria-level=\"1\">Le fonctionnement de la CSR et du bureau \u00e0 Valence \u00e9voluent depuis le d\u00e9part de Pierre B., et c&rsquo;est normal. Il nous faut nous ordonner pour un bon fonctionnement et pour le bien des \u00e9glises et personnes de notre Union. <strong>Une r\u00e9organisation est en cours<\/strong>&#8230;<\/li>\n<\/ul>\n<ul>\n<li data-leveltext=\"\uf0b7\" data-font=\"Symbol\" data-listid=\"3\" data-list-defn-props=\"{&quot;335552541&quot;:1,&quot;335559685&quot;:720,&quot;335559991&quot;:360,&quot;469769226&quot;:&quot;Symbol&quot;,&quot;469769242&quot;:[8226],&quot;469777803&quot;:&quot;left&quot;,&quot;469777804&quot;:&quot;\uf0b7&quot;,&quot;469777815&quot;:&quot;hybridMultilevel&quot;}\" aria-setsize=\"-1\" data-aria-posinset=\"3\" data-aria-level=\"1\"><span data-contrast=\"auto\">La <strong>structuration du p\u00f4le Eglise <\/strong>est lanc\u00e9e et prise en charge par Pierre B. avant son d\u00e9part \u00e0 la retraite (fin 2025). Nous vous invitons l\u00e0-dessus \u00e0 lire l\u2019article <a href=\"https:\/\/enews.caef.net\/?p=2430\" target=\"_blank\" rel=\"noopener\">\u201cVie de l\u2019Union\u201d<\/a> pour en savoir plus.<\/span><span data-ccp-props=\"{&quot;134233117&quot;:false,&quot;134233118&quot;:false,&quot;201341983&quot;:0,&quot;335551550&quot;:1,&quot;335551620&quot;:1,&quot;335559737&quot;:0,&quot;335559738&quot;:0,&quot;335559739&quot;:160,&quot;335559740&quot;:279}\">\u00a0<\/span><\/li>\n<\/ul>\n<p><strong><span style=\"color: #009999;\">Alors oui, en regardant aux r\u00e9alit\u00e9s visibles, le temps semble court parfois, nos ressources semblent d\u00e9risoires et bien limit\u00e9es, mais nous savons que nous pouvons compter sur la gr\u00e2ce de Dieu, sa fid\u00e9lit\u00e9, et son Eglise !\u00a0<\/span><\/strong><\/p>\n<p><span data-contrast=\"auto\">Bonne rentr\u00e9e \u00e0 tous !<\/span><span data-ccp-props=\"{&quot;134233117&quot;:false,&quot;134233118&quot;:false,&quot;201341983&quot;:0,&quot;335551550&quot;:1,&quot;335551620&quot;:1,&quot;335559737&quot;:0,&quot;335559738&quot;:0,&quot;335559739&quot;:160,&quot;335559740&quot;:279}\">\u00a0<\/span><\/p>\n<p>Jean-Daniel Pikus,<br \/>\n<span style=\"font-size: 10pt;\"><em>Pasteur \u00e0 Villfranche sur Sa\u00f4ne et membre de la CSR (Commission de Service et de R\u00e9f\u00e9rence &#8211; CA de notre Union d&rsquo;\u00e9glises)<\/em><\/span><\/p>\n","protected":false},"excerpt":{"rendered":"<p>Les ann\u00e9es se suivent et ne se ressemblent pas&#8230; ?\u00a0 En ce d\u00e9but d\u2019ann\u00e9e scolaire et pour la premi\u00e8re fois depuis que je l&rsquo;ai cr\u00e9\u00e9e, il y a un peu plus de 15 ans, ma bo\u00eete email \u00e9tait presque pleine&#8230; J\u2019ai d\u00fb y faire du tri. L\u2019exp\u00e9rience f\u00fbt tr\u00e8s int\u00e9ressante ! Certes, en regardant \u201cnum\u00e9riquement\u201d [&hellip;]<\/p>\n","protected":false},"author":4,"featured_media":2439,"comment_status":"closed","ping_status":"closed","sticky":false,"template":"","format":"standard","meta":{"footnotes":""},"categories":[17,7],"tags":[203,204,84,93],"class_list":["post-2438","post","type-post","status-publish","format-standard","has-post-thumbnail","hentry","category-a-la-une","category-actu","tag-changements","tag-confiance","tag-csr","tag-rentree"],"_links":{"self":[{"href":"https:\/\/enews.caef.net\/index.php?rest_route=\/wp\/v2\/posts\/2438","targetHints":{"allow":["GET"]}}],"collection":[{"href":"https:\/\/enews.caef.net\/index.php?rest_route=\/wp\/v2\/posts"}],"about":[{"href":"https:\/\/enews.caef.net\/index.php?rest_route=\/wp\/v2\/types\/post"}],"author":[{"embeddable":true,"href":"https:\/\/enews.caef.net\/index.php?rest_route=\/wp\/v2\/users\/4"}],"replies":[{"embeddable":true,"href":"https:\/\/enews.caef.net\/index.php?rest_route=%2Fwp%2Fv2%2Fcomments&post=2438"}],"version-history":[{"count":12,"href":"https:\/\/enews.caef.net\/index.php?rest_route=\/wp\/v2\/posts\/2438\/revisions"}],"predecessor-version":[{"id":2491,"href":"https:\/\/enews.caef.net\/index.php?rest_route=\/wp\/v2\/posts\/2438\/revisions\/2491"}],"wp:featuredmedia":[{"embeddable":true,"href":"https:\/\/enews.caef.net\/index.php?rest_route=\/wp\/v2\/media\/2439"}],"wp:attachment":[{"href":"https:\/\/enews.caef.net\/index.php?rest_route=%2Fwp%2Fv2%2Fmedia&parent=2438"}],"wp:term":[{"taxonomy":"category","embeddable":true,"href":"https:\/\/enews.caef.net\/index.php?rest_route=%2Fwp%2Fv2%2Fcategories&post=2438"},{"taxonomy":"post_tag","embeddable":true,"href":"https:\/\/enews.caef.net\/index.php?rest_route=%2Fwp%2Fv2%2Ftags&post=2438"}],"curies":[{"name":"wp","href":"https:\/\/api.w.org\/{rel}","templated":true}]}}