{"id":2417,"date":"2024-09-09T11:44:35","date_gmt":"2024-09-09T09:44:35","guid":{"rendered":"https:\/\/enews.caef.net\/?p=2417"},"modified":"2024-09-12T15:47:57","modified_gmt":"2024-09-12T13:47:57","slug":"nos-eglises-partent-en-mission","status":"publish","type":"post","link":"https:\/\/enews.caef.net\/?p=2417","title":{"rendered":"Partir en \u00ab\u00a0courte\u00a0\u00bb mission&#8230;\u00a0T\u00e9moignages."},"content":{"rendered":"<p><strong><span style=\"color: #000000;\">Vivre l\u2019\u00c9glise au loin et autrement, d\u00e9velopper des relations fraternelles interculturelles, d\u00e9couvrir et participer au minist\u00e8re de missionnaires et d\u2019\u00e9glises locales&#8230; c\u2019est ce que plusieurs \u00c9glises CAEF ou groupe de jeunes ont pu r\u00e9cemment exp\u00e9rimenter en partant ensemble en courte mission !<\/span><\/strong><\/p>\n<p><span style=\"color: #009999;\"><span style=\"color: #000000;\">Pour vous donner une id\u00e9e de ce que l&rsquo;on peut vivre et faire dans ces missions courte dur\u00e9e, nous avons recueilli les t\u00e9moignages de plusieurs participants, \u00e0 l&rsquo;occasion de 3 missions diff\u00e9rentes<\/span>.<\/span><\/p>\n<p>\u00ab<em>Durant notre s\u00e9jour \u00e0 Parakou, nous avons collabor\u00e9 \u00e0 l\u2019\u00e9vang\u00e9lisation avec les jeunes de Gounin, ils nous ont donc appris des chants en Yoruba que nous avons chant\u00e9 au culte le dimanche suivant en tenue traditionnelle b\u00e9ninoise. Quelle joie de louer le Seigneur tous ensemble.<\/em>\u00bb\u00a0 &#8211; Rachel, \u00e0 propos d\u2019une courte mission au B\u00e9nin<\/p>\n<p><span style=\"color: #96bd0d;\"><strong>Groupe de jeunes de l\u2019\u00c9glise En chemin Montpellier<\/strong><\/span><\/p>\n<p><img loading=\"lazy\" decoding=\"async\" class=\"size-medium wp-image-2419 alignleft\" src=\"http:\/\/enews.caef.net\/wp-content\/uploads\/2024\/09\/thumbnail_GDJ-Mtp-300x250.jpg\" alt=\"\" width=\"300\" height=\"250\" srcset=\"https:\/\/enews.caef.net\/wp-content\/uploads\/2024\/09\/thumbnail_GDJ-Mtp-300x250.jpg 300w, https:\/\/enews.caef.net\/wp-content\/uploads\/2024\/09\/thumbnail_GDJ-Mtp.jpg 444w\" sizes=\"auto, (max-width: 300px) 100vw, 300px\" \/> Dans le cadre d\u2019une mission d\u00e9couverte avec SIM, 7 jeunes (de 17 \u00e0 19 ans) et 3 adultes accompagnateurs sont partis au B\u00e9nin durant 3 semaines en ao\u00fbt. Au programme, plusieurs actions d\u2019\u00e9vang\u00e9lisation en lien avec l\u2019\u00c9glise du village de Parakou, mais aussi la d\u00e9couverte d\u2019autres projets missionnaires comme une ferme pilote et un h\u00f4pital \u00e0 Bemb\u00e9r\u00e9k\u00e9.<\/p>\n<p>\u00ab <em>Au d\u00e9part, j\u2019appr\u00e9hendais beaucoup (d\u2019\u00e9vang\u00e9liser), ne l\u2019ayant jamais r\u00e9ellement fait en France, je ne savais pas vraiment \u00e0 quoi m\u2019attendre. Mais avec l\u2019aide de Dieu, ces apr\u00e8s-midis <\/em><em>ont \u00e9t\u00e9 inoubliables. Tellement d\u2019amour, de joie et de partage entre les enfants, les adultes, les ados et nous.<\/em> \u00bb &#8211; Maryanna<\/p>\n<p>\u00ab <em>Je n&rsquo;ai pas l&rsquo;habitude de divertir et \u00e9vang\u00e9liser des enfants mais pendant cette mission j&rsquo;en ai eu l&rsquo;opportunit\u00e9 de nombreuses fois.<\/em> \u00bb &#8211; Alex<\/p>\n<p>\u00ab <em>Nous avons particip\u00e9 au minist\u00e8re de Sabrina (missionnaire SIM \u00e0 Parakou) avec les enfants Talib\u00e9s. J\u2019ai aim\u00e9 leur apprendre \u00e0 \u00e9crire, lire, compter en fran\u00e7ais et en anglais.<\/em> \u00bb &#8211; Typhen<\/p>\n<p>\u00ab <em>Rencontrer les enfants Talib\u00e9s, partager des moments de joie, les voir \u00e9norm\u00e9ment sourire juste en jouant au football, malgr\u00e9 leur situation tr\u00e8s difficile (&#8230;) \u00e7a m\u2019a beaucoup encourag\u00e9 \u00e0 toujours remercier Dieu pour tout qu\u2019il a fait pour moi<\/em>. \u00bb &#8211; Sam<\/p>\n<p>\u00ab <em>Pouvoir mettre en pratique ma foi en donnant de la joie \u00e0 ces enfants m\u2019a beaucoup apport\u00e9. Et chaque rencontre avec le groupe de jeunes de l\u2019\u00e9glise de Parakou \u00e9tait exceptionnelle.<\/em> \u00bb -Abigail L.<\/p>\n<p>\u00ab <em>C\u2019\u00e9tait super de partager des moments avec les enfants \u00e0 l\u2019\u00e9cole de Bemb\u00e9r\u00e9k\u00e9 et ensuite chanter avec eux et les \u00e9vang\u00e9liser malgr\u00e9 la r\u00e9ticence de certains \u00e0 entendre le simple nom de J\u00e9sus.<\/em> \u00bb &#8211; Abi P.<\/p>\n<p>\u00ab <em>Un moment qui m\u2019a beaucoup plu depuis notre arriv\u00e9e \u00e0 Bemb\u00e9r\u00e9k\u00e9 \u00e9tait la visite de la ferme avec les missionnaires SIM, B\u00e9atrice et Manass\u00e9.<\/em> \u00bb &#8211; Ben<\/p>\n<p>\u00ab<em> Notre visite au service p\u00e9diatrique de l\u2019h\u00f4pital a \u00e9t\u00e9 un moment difficile pour tout le groupe. Mais l\u2019apr\u00e8s-midi nous avons pu chanter pour les patients et faire un atelier cr\u00e9atif avec les enfants malades. La joie sur le visage d\u2019un grand-p\u00e8re de l\u2019enfant avec qui je dessinais m\u2019a \u00e9norm\u00e9ment touch\u00e9. Malgr\u00e9 la barri\u00e8re de la langue, j\u2019esp\u00e8re qu\u2019il a vu l\u2019amour de J\u00e9sus \u00e0 travers nos jeux et chants.<\/em> \u00bb &#8211; Asha<\/p>\n<p><span style=\"color: #96bd0d;\"><strong>Groupe de jeunes du CEP Le Mans<\/strong><\/span><\/p>\n<p><img loading=\"lazy\" decoding=\"async\" class=\"size-medium wp-image-2418 alignleft\" src=\"http:\/\/enews.caef.net\/wp-content\/uploads\/2024\/09\/GDJ-Mans-300x252.jpeg\" alt=\"\" width=\"300\" height=\"252\" srcset=\"https:\/\/enews.caef.net\/wp-content\/uploads\/2024\/09\/GDJ-Mans-300x252.jpeg 300w, https:\/\/enews.caef.net\/wp-content\/uploads\/2024\/09\/GDJ-Mans-768x645.jpeg 768w, https:\/\/enews.caef.net\/wp-content\/uploads\/2024\/09\/GDJ-Mans.jpeg 894w\" sizes=\"auto, (max-width: 300px) 100vw, 300px\" \/> Fin juillet, 5 jeunes \u00e9tudiants \/ jeunes actifs ont particip\u00e9 \u00e0 une mission court terme pendant 9 jours en Irlande, avec une \u00e9quipe GLO. Ils ont anim\u00e9 un club d\u2019enfants durant 5 jours (avec plus de 150 enfants) cl\u00f4tur\u00e9 par une grande kermesse. Le groupe a \u00e9galement particip\u00e9 \u00e0 la vie d\u2019une \u00c9glise locale : h\u00e9bergement dans les familles, cultes, soir\u00e9es avec le Groupe de Jeunes, soir\u00e9e musique d\u2019\u00e9vang\u00e9lisation&#8230;<\/p>\n<p>\u00ab J<em>\u2019ai \u00e9t\u00e9 encourag\u00e9 par le minist\u00e8re de Andrew, Lorna et Maggie qui \u00e9taient vraiment z\u00e9l\u00e9s et qui avaient \u00e0 c\u0153ur de partager aux enfants avec de la passion pour la Parole de Dieu.<\/em> \u00bb &#8211; Odran<\/p>\n<p>\u00ab <em>Ce qui m\u2019a surprise en Irlande c\u2019\u00e9tait vraiment l\u2019accueil de l\u2019\u00e9quipe missionnaire et les moments de partages qu\u2019on a pu avoir. (&#8230;) ce que je retiens c\u2019est aussi l\u2019importance de l\u2019\u00e9vang\u00e9lisation sur le long terme et le fait de planter des graines dans le c\u0153ur des enfants, pour potentiellement toucher leurs familles derri\u00e8re.<\/em> \u00bb &#8211; No\u00e9mie<\/p>\n<p>\u00ab <em>Apprendre \u00e0 conna\u00eetre des chr\u00e9tiens remplis d&rsquo;amour pour Dieu et pour les autres donnait envie d&rsquo;en faire tout autant, et de leur rendre cet amour au centuple. \u00c7a m&rsquo;a donn\u00e9 envie de me rapprocher de Dieu encore plus, de l&rsquo;aimer plus et de le conna\u00eetre plus.<\/em> \u00bb &#8211; Sol\u00e8ne<\/p>\n<p><span style=\"color: #96bd0d;\"><strong>CEP Marseille<\/strong><\/span><br \/>\n<span style=\"color: #009999;\"><span style=\"color: #96bd0d;\">Pour un aper\u00e7u en vid\u00e9o de leur s\u00e9jour :<\/span> <a href=\"https:\/\/youtu.be\/xlPd8kuAmbc\">https:\/\/youtu.be\/xlPd8kuAmbc<\/a><\/span><\/p>\n<p>En partenariat avec une \u00e9glise albanaise \u00e0 Vlore, un orphelinat \u00e0 Gjirokaster et des missionnaires fran\u00e7ais \u00e0 Tirana, 51 personnes du CEP Marseille (de 1 \u00e0 74 ans !), dont le groupe de jeunes, sont parties pour une mission court terme au mois d&rsquo;Avril 2024. C&rsquo;\u00e9tait une exp\u00e9rience forte qui a beaucoup marqu\u00e9 les participants et profond\u00e9ment renouvel\u00e9 notre vision pour la mission, au loin, et au pr\u00e8s maintenant que nous sommes de retour. Le leitmotiv de nos partages bibliques pendant la semaine \u00e9tait : \u00ab\u00a0b\u00e9nis pour b\u00e9nir\u00a0\u00bb ; et c&rsquo;est ce que nous avons exp\u00e9riment\u00e9 ! Nous avons pu contribuer \u00e0 des \u00e9v\u00e8nements d&rsquo;\u00e9vang\u00e9lisation, des visites dans des maisons, un concert dans une prison, des ateliers pour les familles, des \u00e9v\u00e8nements sportifs pour les jeunes et les enfants, des travaux dans l&rsquo;orphelinat&#8230; autant d&rsquo;occasions de t\u00e9moignage et de partage de l&rsquo;Evangile. \u00bb &#8211; Mayeul<\/p>\n<p style=\"text-align: center;\"><span style=\"color: #96bd0d;\"><strong>Le p\u00f4le Mission est disponible pour vous accompagner sur un projet de courte mission en \u00c9glise,<\/strong> <strong>GDJ ou personnel !<\/strong><br \/>\nQue vous ne sachiez pas par o\u00f9 commencer pour organiser un tel s\u00e9jour ou que vous ayez besoin de quelques conseils pratiques pour un projet en cours&#8230; Nous vous aidons dans la mesure de nos comp\u00e9tences ou pouvons vous rediriger vers d\u2019autres personnes qualifi\u00e9es en fonction de vos besoins.\u00a0<\/span><\/p>\n","protected":false},"excerpt":{"rendered":"<p>Vivre l\u2019\u00c9glise au loin et autrement, d\u00e9velopper des relations fraternelles interculturelles, d\u00e9couvrir et participer au minist\u00e8re de missionnaires et d\u2019\u00e9glises locales&#8230; c\u2019est ce que plusieurs \u00c9glises CAEF ou groupe de jeunes ont pu r\u00e9cemment exp\u00e9rimenter en partant ensemble en courte mission ! Pour vous donner une id\u00e9e de ce que l&rsquo;on peut vivre et faire [&hellip;]<\/p>\n","protected":false},"author":4,"featured_media":2486,"comment_status":"closed","ping_status":"closed","sticky":false,"template":"","format":"standard","meta":{"footnotes":""},"categories":[41],"tags":[200,202,201],"class_list":["post-2417","post","type-post","status-publish","format-standard","has-post-thumbnail","hentry","category-pole-mission","tag-courte-mission","tag-groupes-de-jeunes","tag-pole-mission-caef"],"_links":{"self":[{"href":"https:\/\/enews.caef.net\/index.php?rest_route=\/wp\/v2\/posts\/2417","targetHints":{"allow":["GET"]}}],"collection":[{"href":"https:\/\/enews.caef.net\/index.php?rest_route=\/wp\/v2\/posts"}],"about":[{"href":"https:\/\/enews.caef.net\/index.php?rest_route=\/wp\/v2\/types\/post"}],"author":[{"embeddable":true,"href":"https:\/\/enews.caef.net\/index.php?rest_route=\/wp\/v2\/users\/4"}],"replies":[{"embeddable":true,"href":"https:\/\/enews.caef.net\/index.php?rest_route=%2Fwp%2Fv2%2Fcomments&post=2417"}],"version-history":[{"count":9,"href":"https:\/\/enews.caef.net\/index.php?rest_route=\/wp\/v2\/posts\/2417\/revisions"}],"predecessor-version":[{"id":2497,"href":"https:\/\/enews.caef.net\/index.php?rest_route=\/wp\/v2\/posts\/2417\/revisions\/2497"}],"wp:featuredmedia":[{"embeddable":true,"href":"https:\/\/enews.caef.net\/index.php?rest_route=\/wp\/v2\/media\/2486"}],"wp:attachment":[{"href":"https:\/\/enews.caef.net\/index.php?rest_route=%2Fwp%2Fv2%2Fmedia&parent=2417"}],"wp:term":[{"taxonomy":"category","embeddable":true,"href":"https:\/\/enews.caef.net\/index.php?rest_route=%2Fwp%2Fv2%2Fcategories&post=2417"},{"taxonomy":"post_tag","embeddable":true,"href":"https:\/\/enews.caef.net\/index.php?rest_route=%2Fwp%2Fv2%2Ftags&post=2417"}],"curies":[{"name":"wp","href":"https:\/\/api.w.org\/{rel}","templated":true}]}}