{"id":2278,"date":"2024-03-25T12:01:43","date_gmt":"2024-03-25T11:01:43","guid":{"rendered":"https:\/\/enews.caef.net\/?p=2278"},"modified":"2024-03-26T08:54:38","modified_gmt":"2024-03-26T07:54:38","slug":"jeunesse-et-mission","status":"publish","type":"post","link":"https:\/\/enews.caef.net\/?p=2278","title":{"rendered":"Incroyable de voir l&rsquo;\u0153uvre de Dieu !"},"content":{"rendered":"<p>Ils ont particip\u00e9 \u00e0 l\u2019apr\u00e8s-midi <span style=\"color: #000000;\"><strong>Connect\u2019Ouest \u00ab\u00a0sp\u00e9cial Mission\u00a0\u00bb du 10 f\u00e9vrier dernier, \u00e0 Angers&#8230; <\/strong><\/span>Un WE qui semble avoir marqu\u00e9 les esprits de nos jeunes, au Nord, comme en t\u00e9moignent leurs propos, \u00e0 la sortie de cette journ\u00e9e !<\/p>\n<p style=\"padding-left: 40px;\"><em>\u00ab Il y a trop de gens qui n\u2019ont <span style=\"color: #96bd0d;\">jamais entendu parler de la bonne nouvelle de Dieu dans leur langue maternelle !\u00a0 \u00bb<\/span><\/em><\/p>\n<p style=\"padding-left: 40px;\"><em>\u00ab On n\u2019est pas oblig\u00e9 d\u2019attendre un certain \u00e2ge pour partir \u00bb<\/em><\/p>\n<p style=\"padding-left: 40px;\"><em>\u00ab Il reste encore tellement de choses \u00e0 faire pour le royaume de Dieu \u00bb.<\/em><\/p>\n<p style=\"padding-left: 40px;\"><em>\u00ab <span style=\"color: #96bd0d;\">Si tout le monde se dit \u00ab les autres partiront \u00bb<\/span>&#8230; au final, personne ne le fera !\u00bb<\/em><\/p>\n<p style=\"padding-left: 40px;\"><em>\u00ab Le moment qui m\u2019a le plus marqu\u00e9,\u00a0 c\u2019est quand on a pri\u00e9 pour diff\u00e9rents missionnaires qui sont partout dans le monde,\u00a0 <span style=\"color: #96bd0d;\">je trouve incroyable de voir l\u2019\u0153uvre de Dieu dans le monde entier<\/span> ! \u00bb<\/em><\/p>\n<p>Cette rencontre propos\u00e9e par AJC et le P\u00f4le Mission a rassembl\u00e9 80 \u00e0 90 jeunes de 7 \u00e9glises CAEF sur la th\u00e9matique de \u00ab\u00a0la mission au loin\u00a0\u00bb.<\/p>\n<p>Le verset cl\u00e9, Apocalypse 7.9-10<\/p>\n<p class=\"verse\" style=\"padding-left: 40px;\"><em><span id=\"fr-LSG-30820\" class=\"text Rev-7-9\"><sup>9<\/sup>Apr\u00e8s cela, je regardai, et voici, il y avait une grande foule, que personne ne pouvait compter, de toute nation, de toute tribu, de tout peuple, et de toute langue. Ils se tenaient devant le tr\u00f4ne et devant l&rsquo;agneau, rev\u00eatus de robes blanches, et des palmes dans leurs mains.<\/span><\/em><\/p>\n<p class=\"verse\" style=\"padding-left: 40px;\"><em><span id=\"fr-LSG-30821\" class=\"text Rev-7-10\"><sup class=\"versenum\">10\u00a0<\/sup>Et ils criaient d&rsquo;une voix forte, en disant: Le salut est \u00e0 notre Dieu qui est assis sur le tr\u00f4ne, et \u00e0 l&rsquo;agneau.<\/span><\/em><\/p>\n<p>a permis de bien mettre en perspective l&rsquo;ensemble de l&rsquo;apr\u00e8s-midi, qui s&rsquo;est compos\u00e9e de :<\/p>\n<ul>\n<li>\u00a0deux temps de louange anim\u00e9s par les jeunes,<\/li>\n<li>un partage biblique<\/li>\n<li>et plusieurs t\u00e9moignages marquants :\n<ul>\n<li>d\u2019abord celui de Jessica qui, apr\u00e8s avoir fini sa formation en mission transculturelle, se pr\u00e9pare \u00e0 partir \u00e0 plus long terme. Elle nous a partag\u00e9 son parcours et ses exp\u00e9riences du terrain. On retient notamment que l\u2019appel ne vient pas toujours de fa\u00e7on tonitruante mais peut aussi \u00eatre plus progressif !<\/li>\n<li>L\u00e9a et Nathaniel ont \u00e9galement partag\u00e9 leurs exp\u00e9riences de la mission, v\u00e9cues lors d\u2019ann\u00e9es de c\u00e9sure, et notamment\u00a0 la richesse des rencontres avec des chr\u00e9tiens d\u2019autres cultures.<\/li>\n<\/ul>\n<\/li>\n<\/ul>\n<p>La journ\u00e9e s\u2019est termin\u00e9e avec une s\u00e9rie de stands permettant de d\u00e9couvrir diff\u00e9rents aspects de la mission au loin, mais aussi un temps de pri\u00e8re pour les envoy\u00e9s issus des CAEF et nos unions d\u2019\u00e9glises partenaires au Tchad et \u00e0 Madagascar, ou m\u00eame la d\u00e9couverte de diff\u00e9rentes organisations missionnaires, un jeu autour des d\u00e9fis de la communication interculturelle ou encore des \u00e9changes sur&#8230;. la question du financement de la mission !<\/p>\n<p><strong><span style=\"color: #96bd0d;\">Mais \u00e7a, c&rsquo;\u00e9tait&#8230; \u00e0 l&rsquo;Ouest !<\/span><\/strong><br \/>\nBonne nouvelle,\u00a0 AJC et Le P\u00f4le Mission remettent \u00e7a, au Sud cette fois, d\u00e9but avril\u00a0 !<\/p>\n<p style=\"text-align: center;\"><img loading=\"lazy\" decoding=\"async\" class=\"aligncenter wp-image-2279 size-medium\" src=\"http:\/\/enews.caef.net\/wp-content\/uploads\/2024\/03\/WhatsApp-Image-2024-03-01-a-12.15.23_b45dc193-212x300.jpg\" alt=\"\" width=\"212\" height=\"300\" srcset=\"https:\/\/enews.caef.net\/wp-content\/uploads\/2024\/03\/WhatsApp-Image-2024-03-01-a-12.15.23_b45dc193-212x300.jpg 212w, https:\/\/enews.caef.net\/wp-content\/uploads\/2024\/03\/WhatsApp-Image-2024-03-01-a-12.15.23_b45dc193-724x1024.jpg 724w, https:\/\/enews.caef.net\/wp-content\/uploads\/2024\/03\/WhatsApp-Image-2024-03-01-a-12.15.23_b45dc193-768x1086.jpg 768w, https:\/\/enews.caef.net\/wp-content\/uploads\/2024\/03\/WhatsApp-Image-2024-03-01-a-12.15.23_b45dc193-1086x1536.jpg 1086w, https:\/\/enews.caef.net\/wp-content\/uploads\/2024\/03\/WhatsApp-Image-2024-03-01-a-12.15.23_b45dc193.jpg 1131w\" sizes=\"auto, (max-width: 212px) 100vw, 212px\" \/><a href=\"https:\/\/ajc.caef.net\/15-30\/\">https:\/\/ajc.caef.net\/15-30\/<\/a><\/p>\n<p>Et; si vivre un tel temps autour de la mission vous int\u00e9resse, que ce soit en groupe de jeunes ou en \u00e9glise, <span style=\"color: #96bd0d;\">n\u2019h\u00e9sitez pas \u00e0 contacter le p\u00f4le Mission : <a style=\"color: #96bd0d;\" href=\"mailto:mission@caef.net\">mission@caef.net<\/a><\/span><\/p>\n","protected":false},"excerpt":{"rendered":"<p>Ils ont particip\u00e9 \u00e0 l\u2019apr\u00e8s-midi Connect\u2019Ouest \u00ab\u00a0sp\u00e9cial Mission\u00a0\u00bb du 10 f\u00e9vrier dernier, \u00e0 Angers&#8230; Un WE qui semble avoir marqu\u00e9 les esprits de nos jeunes, au Nord, comme en t\u00e9moignent leurs propos, \u00e0 la sortie de cette journ\u00e9e ! \u00ab Il y a trop de gens qui n\u2019ont jamais entendu parler de la bonne nouvelle [&hellip;]<\/p>\n","protected":false},"author":4,"featured_media":2281,"comment_status":"closed","ping_status":"closed","sticky":false,"template":"","format":"standard","meta":{"footnotes":""},"categories":[17,41],"tags":[],"class_list":["post-2278","post","type-post","status-publish","format-standard","has-post-thumbnail","hentry","category-a-la-une","category-pole-mission"],"_links":{"self":[{"href":"https:\/\/enews.caef.net\/index.php?rest_route=\/wp\/v2\/posts\/2278","targetHints":{"allow":["GET"]}}],"collection":[{"href":"https:\/\/enews.caef.net\/index.php?rest_route=\/wp\/v2\/posts"}],"about":[{"href":"https:\/\/enews.caef.net\/index.php?rest_route=\/wp\/v2\/types\/post"}],"author":[{"embeddable":true,"href":"https:\/\/enews.caef.net\/index.php?rest_route=\/wp\/v2\/users\/4"}],"replies":[{"embeddable":true,"href":"https:\/\/enews.caef.net\/index.php?rest_route=%2Fwp%2Fv2%2Fcomments&post=2278"}],"version-history":[{"count":6,"href":"https:\/\/enews.caef.net\/index.php?rest_route=\/wp\/v2\/posts\/2278\/revisions"}],"predecessor-version":[{"id":2302,"href":"https:\/\/enews.caef.net\/index.php?rest_route=\/wp\/v2\/posts\/2278\/revisions\/2302"}],"wp:featuredmedia":[{"embeddable":true,"href":"https:\/\/enews.caef.net\/index.php?rest_route=\/wp\/v2\/media\/2281"}],"wp:attachment":[{"href":"https:\/\/enews.caef.net\/index.php?rest_route=%2Fwp%2Fv2%2Fmedia&parent=2278"}],"wp:term":[{"taxonomy":"category","embeddable":true,"href":"https:\/\/enews.caef.net\/index.php?rest_route=%2Fwp%2Fv2%2Fcategories&post=2278"},{"taxonomy":"post_tag","embeddable":true,"href":"https:\/\/enews.caef.net\/index.php?rest_route=%2Fwp%2Fv2%2Ftags&post=2278"}],"curies":[{"name":"wp","href":"https:\/\/api.w.org\/{rel}","templated":true}]}}