{"id":2264,"date":"2024-03-25T09:45:46","date_gmt":"2024-03-25T08:45:46","guid":{"rendered":"https:\/\/enews.caef.net\/?p=2264"},"modified":"2024-03-26T08:52:51","modified_gmt":"2024-03-26T07:52:51","slug":"2264","status":"publish","type":"post","link":"https:\/\/enews.caef.net\/?p=2264","title":{"rendered":"S\u00e9minaire des \u00ab\u00a0implanteurs\u00a0\u00bb"},"content":{"rendered":"<p>Face aux d\u00e9fis du minist\u00e8re en g\u00e9n\u00e9ral et de l\u2019implantation en particulier, la pers\u00e9v\u00e9rance c\u2019est&#8230; juste fondamental ! Les \u00e9quipes d\u2019implantation d\u2019\u00e9glises de notre Union se sont r\u00e9unies en janvier dernier, \u00e0 Grenoble, et ont pu r\u00e9fl\u00e9chir, \u00e0 la lumi\u00e8re des Ecritures expos\u00e9es par Rapha\u00ebl Charrier, sur comment vivre cette pers\u00e9v\u00e9rance.<\/p>\n<p>16 des 22 implantations y \u00e9taient repr\u00e9sent\u00e9es.<\/p>\n<p><strong><span style=\"color: #009999;\">O\u00f9 en sont les diff\u00e9rents projets ?<\/span><\/strong><br \/>\nCe s\u00e9minaire a \u00e9t\u00e9 l\u2019occasion de d\u00e9finir plus pr\u00e9cis\u00e9ment o\u00f9 se situe chacun selon les diff\u00e9rents stades de d\u00e9veloppement des implantations, d\u00e9finies par le CNEF.<\/p>\n<p><a href=\"https:\/\/www.google.com\/maps\/d\/viewer?mid=1QMWZcv9fNeK0cIIjyiyKuo3Q3XV24oU&amp;ll=46.665116475220216%2C2.2433902499999814&amp;z=6\" target=\"_blank\" rel=\"noopener\"><img loading=\"lazy\" decoding=\"async\" class=\"aligncenter wp-image-2265 size-medium\" src=\"http:\/\/enews.caef.net\/wp-content\/uploads\/2024\/03\/carte-implnatations-300x275.jpg\" alt=\"\" width=\"300\" height=\"275\" srcset=\"https:\/\/enews.caef.net\/wp-content\/uploads\/2024\/03\/carte-implnatations-300x275.jpg 300w, https:\/\/enews.caef.net\/wp-content\/uploads\/2024\/03\/carte-implnatations-768x704.jpg 768w, https:\/\/enews.caef.net\/wp-content\/uploads\/2024\/03\/carte-implnatations.jpg 931w\" sizes=\"auto, (max-width: 300px) 100vw, 300px\" \/><\/a><\/p>\n<p style=\"text-align: center;\"><a href=\"https:\/\/www.google.com\/maps\/d\/viewer?mid=1QMWZcv9fNeK0cIIjyiyKuo3Q3XV24oU&amp;ll=46.665116475220216%2C2.2433902499999814&amp;z=6\" target=\"_blank\" rel=\"noopener\">Aller sur la carte\u00a0<\/a><\/p>\n<p>A ce jour, l\u2019Union compte :<\/p>\n<ul>\n<li>2 projets au stade de l\u2019intention ou de la volont\u00e9 d\u2019implanter : Montauban et Vall\u00e9e de la Bruche.<\/li>\n<li>2 en sont au stade du projet : Bordeaux et Les Herbiers<\/li>\n<li>12 Eglises \u201cnaissantes\u201d( voir les pictos violets sur la <a href=\"https:\/\/www.google.com\/maps\/d\/viewer?mid=1QMWZcv9fNeK0cIIjyiyKuo3Q3XV24oU&amp;ll=46.665116475220216%2C2.2433902499999814&amp;z=6\">carte ci-dessous<\/a>)<\/li>\n<li>et 3 autres sont \u201cen formation\u201d : Jacou, Manosque et Grenoble<\/li>\n<li>3 \u00e9glises sont devenues majeures : Aix, Grenoble Est et Rennes<\/li>\n<\/ul>\n<p><strong><span style=\"color: #009999;\">Quelques mots sur les 3 \u00e9glises devenues \u201cmajeures\u201d<br \/>\n<\/span><\/strong>A Aix en Provence, le projet a germ\u00e9 en 2012, et le 1er culte public a eu lieu en 2014. Depuis 2 ans d\u00e9j\u00e0, l\u2019\u00e9glise r\u00e9pond aux crit\u00e8res CNEF de l\u2019\u00e9glise dite \u00ab\u00a0majeure\u00a0\u00bb. Aix a pu b\u00e9n\u00e9ficier d\u2019un contexte local plut\u00f4t favorable, avec notamment le soutien de plusieurs \u00e9glises alentours, mais aussi de la proximit\u00e9 du CFRI (Centre de Formation R\u00e9gional \u00e0 l\u2019Implantation).<\/p>\n<p>Pour Rennes, la situation de d\u00e9part \u00e9tait bien diff\u00e9rente : aucune \u00e9glise CAEF en Ille-et-Vilaine ni m\u00eame dans le Finist\u00e8re, une seule dans les C\u00f4tes d\u2019Armor, situ\u00e9e \u00e0 140 km. Apr\u00e8s un 1er culte public en 2018, l\u2019\u00e9glise Rennes Nord r\u00e9pond d\u00e9sormais \u00e9galement aux crit\u00e8res de l&rsquo; \u201c\u00e9glise dite majeure\u201d. Une croissance qui reste n\u00e9anmoins \u00e0 consolider.<\/p>\n<p>Le projet de Grenoble Est, quant \u00e0 lui, devait s\u2019implanter \u00e0 St Martin d&rsquo;H\u00e8res \u00e0 la base, pour t\u00e9moigner et rayonner dans la vall\u00e9e du Gr\u00e9sivaudan o\u00f9 il n&rsquo;y avait pas d&rsquo;\u00e9glises dans plusieurs communes de plus de 10 000 habitants. M\u00eame si la majorit\u00e9 des membres de l\u2019\u00e9glise vit dans cette vall\u00e9e et y partage de belles dynamiques de quartier, le rassemblement, le dimanche, se trouve aujourd&rsquo;hui plus au sud de Grenoble.<\/p>\n<p><strong><span style=\"color: #009999;\">Implantation \/ Revitalisation ?<br \/>\n<\/span><\/strong>Faut-il continuer aujourd&rsquo;hui \u00e0 implanter des \u00e9glises, alors que beaucoup d\u2019\u00e9glises de notre union peinent \u00e0 survivre, faute de serviteurs, ou de moyens&#8230; Le d\u00e9bat ne se pose pas en ces termes. Sans entrer ici dans une r\u00e9flexion approfondie sur la question, posons n\u00e9anmoins la n\u00e9cessit\u00e9, qu\u2019au niveau r\u00e9gional, l\u2019une et l\u2019autre peuvent et doivent se renforcer. C\u2019est du moins ce que les \u201cimplanteurs\u201d sont invit\u00e9s \u00e0 vivre.<\/p>\n<p>A cet \u00e9gard, pour les 3 \u00e9glises en implantation ayant atteint aujourd&rsquo;hui le stade dit d\u2019\u00e9glise majeure, (Aix, Grenoble Est et Rennes), l\u2019Eglise Une est toujours rest\u00e9e une pr\u00e9occupation.<\/p>\n<p>Pour Matthew Glock, qui anime la commission implantation CAEF (i-CAEF), il est indispensable que \u201c<em>le souffle nouveau amen\u00e9 par une implantation soit b\u00e9n\u00e9fique aux \u00e9glises alentours. Cela fait partie des \u00e9tapes de vie de l\u2019implantation : prendre sa place au sein de l\u2019Union d\u2019\u00e9glises, partager les ressources, et garder le souci de l\u2019autre !<\/em>\u00a0\u00bb<\/p>\n<p><strong><span style=\"color: #009999;\">Pers\u00e9v\u00e9rance et confiance en Dieu qui fait croitre !<br \/>\n<\/span><\/strong>Et pour toutes ces implantations, la pers\u00e9v\u00e9rance est de mise.<\/p>\n<p>\u201c<em>Pers\u00e9v\u00e9rance dans l\u2019annonce de l\u2019Evangile, LA puissance de Dieu par lequel IL transforme les c\u0153urs et sauve. Un message sans compromis, clair, accessible et empli de gr\u00e2ce&#8230; et c\u2019est Dieu qui fait cro\u00eetre !<\/em>\u201d comme aime \u00e0 le rappeler Naina ANDRIA, pasteur de l\u2019\u00e9glise Rennes Nord.<\/p>\n<p>&nbsp;<\/p>\n<blockquote>\n<p style=\"text-align: left;\"><span style=\"color: #009999;\">Prions pour tous ces projets, quel que soit leur stade de d\u00e9veloppement :<\/span><\/p>\n<\/blockquote>\n<ul>\n<li style=\"text-align: left;\">Prions pour la croissance spirituelle des responsables et de leurs \u00e9quipes,<\/li>\n<li style=\"text-align: left;\">Prions pour la bonne mise en place et la consolidation des \u201ctreillis\u201d, qu\u2019ils soient adapt\u00e9s \u00e0 la croissance de chacune de ces vignes\u201d,<\/li>\n<li style=\"text-align: left;\">Prions pour que ces \u00e9glises puissent aussi en encourager d\u2019autres localement et continuent de viser la multiplication.<\/li>\n<\/ul>\n","protected":false},"excerpt":{"rendered":"<p>Face aux d\u00e9fis du minist\u00e8re en g\u00e9n\u00e9ral et de l\u2019implantation en particulier, la pers\u00e9v\u00e9rance c\u2019est&#8230; juste fondamental ! Les \u00e9quipes d\u2019implantation d\u2019\u00e9glises de notre Union se sont r\u00e9unies en janvier dernier, \u00e0 Grenoble, et ont pu r\u00e9fl\u00e9chir, \u00e0 la lumi\u00e8re des Ecritures expos\u00e9es par Rapha\u00ebl Charrier, sur comment vivre cette pers\u00e9v\u00e9rance. 16 des 22 implantations [&hellip;]<\/p>\n","protected":false},"author":4,"featured_media":2272,"comment_status":"closed","ping_status":"closed","sticky":false,"template":"","format":"standard","meta":{"footnotes":""},"categories":[17,9],"tags":[],"class_list":["post-2264","post","type-post","status-publish","format-standard","has-post-thumbnail","hentry","category-a-la-une","category-action"],"_links":{"self":[{"href":"https:\/\/enews.caef.net\/index.php?rest_route=\/wp\/v2\/posts\/2264","targetHints":{"allow":["GET"]}}],"collection":[{"href":"https:\/\/enews.caef.net\/index.php?rest_route=\/wp\/v2\/posts"}],"about":[{"href":"https:\/\/enews.caef.net\/index.php?rest_route=\/wp\/v2\/types\/post"}],"author":[{"embeddable":true,"href":"https:\/\/enews.caef.net\/index.php?rest_route=\/wp\/v2\/users\/4"}],"replies":[{"embeddable":true,"href":"https:\/\/enews.caef.net\/index.php?rest_route=%2Fwp%2Fv2%2Fcomments&post=2264"}],"version-history":[{"count":6,"href":"https:\/\/enews.caef.net\/index.php?rest_route=\/wp\/v2\/posts\/2264\/revisions"}],"predecessor-version":[{"id":2301,"href":"https:\/\/enews.caef.net\/index.php?rest_route=\/wp\/v2\/posts\/2264\/revisions\/2301"}],"wp:featuredmedia":[{"embeddable":true,"href":"https:\/\/enews.caef.net\/index.php?rest_route=\/wp\/v2\/media\/2272"}],"wp:attachment":[{"href":"https:\/\/enews.caef.net\/index.php?rest_route=%2Fwp%2Fv2%2Fmedia&parent=2264"}],"wp:term":[{"taxonomy":"category","embeddable":true,"href":"https:\/\/enews.caef.net\/index.php?rest_route=%2Fwp%2Fv2%2Fcategories&post=2264"},{"taxonomy":"post_tag","embeddable":true,"href":"https:\/\/enews.caef.net\/index.php?rest_route=%2Fwp%2Fv2%2Ftags&post=2264"}],"curies":[{"name":"wp","href":"https:\/\/api.w.org\/{rel}","templated":true}]}}