{"id":2202,"date":"2024-01-11T10:37:51","date_gmt":"2024-01-11T09:37:51","guid":{"rendered":"https:\/\/enews.caef.net\/?p=2202"},"modified":"2024-01-12T12:54:41","modified_gmt":"2024-01-12T11:54:41","slug":"revitalisation-temoignages-du-havre","status":"publish","type":"post","link":"https:\/\/enews.caef.net\/?p=2202","title":{"rendered":"REVITALISATION : t\u00e9moignages du Havre\u00a0\u00a0"},"content":{"rendered":"<ul>\n<li><b><span data-contrast=\"auto\">Des d\u00e9m\u00e9nagements intentionnels<\/span><\/b><span data-contrast=\"auto\">\u202f: 2 familles devraient s\u2019installer prochainement au Havre, dans le but de venir renforcer et soutenir l\u2019\u00e9glise, <\/span><\/li>\n<li><b><span data-contrast=\"auto\">15 \u00e9glises, de Lille \u00e0 Nantes<\/span><\/b><b><span data-contrast=\"auto\">, qui se mobilisent<\/span><\/b><span data-contrast=\"auto\"> pour maintenir les cultes,<\/span><\/li>\n<li><b><span data-contrast=\"auto\">2 nouvelles personnes<\/span><\/b><span data-contrast=\"auto\"> qui fr\u00e9quentent le culte,\u00a0<\/span><\/li>\n<\/ul>\n<p><span data-contrast=\"auto\">Autant de sujets de reconnaissance et d\u2019encouragement qui permettent de tracer une perspective positive pour l\u2019\u00e9glise de <a href=\"https:\/\/enews.caef.net\/?p=1232\">la \u00ab\u202fBonne Nouvelle\u202f\u00bb au Havre,<\/a> en 2024. <\/span><span data-contrast=\"none\">\u202fGloire \u00e0 Dieu\u202f!<\/span><span data-ccp-props=\"{&quot;201341983&quot;:0,&quot;335559739&quot;:160,&quot;335559740&quot;:259}\">\u00a0<\/span><\/p>\n<p><span style=\"color: #009999;\"><b>3 objectifs clairs <\/b><\/span><br \/>\n<span data-contrast=\"auto\">Fort des nouvelles encourageantes de cette fin d\u2019ann\u00e9e, le bureau de l\u2019Eglise de la Bonne <\/span><span data-contrast=\"none\">N<\/span><span data-contrast=\"auto\">ouvelle du Havre a pu d\u00e9gager 3 pistes d\u2019actions prioritaires\u202f:<\/span><span data-ccp-props=\"{&quot;201341983&quot;:0,&quot;335559739&quot;:160,&quot;335559740&quot;:259}\">\u00a0<\/span><\/p>\n<ul>\n<li data-leveltext=\"-\" data-font=\"Calibri\" data-listid=\"2\" data-list-defn-props=\"{&quot;335551671&quot;:2,&quot;335552541&quot;:1,&quot;335559684&quot;:-2,&quot;335559685&quot;:720,&quot;335559991&quot;:360,&quot;469769226&quot;:&quot;Calibri&quot;,&quot;469769242&quot;:[8226],&quot;469777803&quot;:&quot;left&quot;,&quot;469777804&quot;:&quot;-&quot;,&quot;469777815&quot;:&quot;hybridMultilevel&quot;}\" aria-setsize=\"-1\" data-aria-posinset=\"2\" data-aria-level=\"1\"><b><span data-contrast=\"auto\">Une 3\u00e8me famille<\/span><\/b><span data-contrast=\"auto\"> \u00ab\u202f<\/span><i><span data-contrast=\"auto\">Nous prions pour l\u2019arriv\u00e9e d\u2019une 3\u00e8me famille pr\u00eate \u00e0 rejoindre le projet. Avec les personnes actuelles fr\u00e9quentant l\u2019\u00e9glise et 2 familles nouvelles, mais aussi <\/span><\/i><i><span data-contrast=\"none\">des aides ponctuelles diverses<\/span><\/i><i><span data-contrast=\"auto\">, nous aurions alors une v\u00e9ritable \u00ab\u202f\u00e9quipe de revitalisation\u202f\u00bb explique Jean Pascal Vanzo, secr\u00e9taire.<\/span><\/i><br \/>\n<span data-ccp-props=\"{&quot;201341983&quot;:0,&quot;335559739&quot;:160,&quot;335559740&quot;:259}\">\u00a0<\/span><\/li>\n<li data-leveltext=\"-\" data-font=\"Calibri\" data-listid=\"2\" data-list-defn-props=\"{&quot;335551671&quot;:2,&quot;335552541&quot;:1,&quot;335559684&quot;:-2,&quot;335559685&quot;:720,&quot;335559991&quot;:360,&quot;469769226&quot;:&quot;Calibri&quot;,&quot;469769242&quot;:[8226],&quot;469777803&quot;:&quot;left&quot;,&quot;469777804&quot;:&quot;-&quot;,&quot;469777815&quot;:&quot;hybridMultilevel&quot;}\" aria-setsize=\"-1\" data-aria-posinset=\"2\" data-aria-level=\"1\"><b><span data-contrast=\"auto\">Visibilit\u00e9<\/span><\/b><span data-contrast=\"auto\">\u202f: rechercher davantage de visibilit\u00e9 dans le quartier et cr\u00e9er du lien avec les personnes qui y vivent.<br \/>\n<\/span><span data-ccp-props=\"{&quot;201341983&quot;:0,&quot;335559739&quot;:160,&quot;335559740&quot;:259}\">\u00a0<\/span><\/li>\n<li data-leveltext=\"-\" data-font=\"Calibri\" data-listid=\"2\" data-list-defn-props=\"{&quot;335551671&quot;:2,&quot;335552541&quot;:1,&quot;335559684&quot;:-2,&quot;335559685&quot;:720,&quot;335559991&quot;:360,&quot;469769226&quot;:&quot;Calibri&quot;,&quot;469769242&quot;:[8226],&quot;469777803&quot;:&quot;left&quot;,&quot;469777804&quot;:&quot;-&quot;,&quot;469777815&quot;:&quot;hybridMultilevel&quot;}\" aria-setsize=\"-1\" data-aria-posinset=\"2\" data-aria-level=\"1\"><b><span data-contrast=\"auto\">Un budget de 400 euros mensuel*<\/span><\/b><span data-contrast=\"auto\"> pour notamment r\u00e9nover le logement situ\u00e9 au-dessus de l\u2019\u00e9glise, afin de loger l\u2019une des familles.<\/span><br \/>\n<span data-ccp-props=\"{&quot;201341983&quot;:0,&quot;335559739&quot;:160,&quot;335559740&quot;:259}\">\u00a0<\/span><\/li>\n<\/ul>\n<p><span style=\"color: #009999;\"><b>T\u00e9moignage d\u2019un membre, en renfort au CA, depuis 2022<\/b><br \/>\n<\/span><span data-contrast=\"auto\">Jean-Pascal Vanzo, de l\u2019\u00e9glise de Palaiseau (91) est devenu membre de l\u2019Eglise du Havre, puis a int\u00e9gr\u00e9 le CA en 2022, afin d&rsquo;aider \u00e0 maintenir l\u2019existence associative de l\u2019Eglise. <\/span><span data-ccp-props=\"{&quot;201341983&quot;:0,&quot;335559739&quot;:160,&quot;335559740&quot;:259}\">\u00a0<\/span><\/p>\n<p><span data-contrast=\"auto\">\u00ab\u202f<\/span><i><span data-contrast=\"auto\">L\u2019histoire de notre attachement \u00e0 cette petite communaut\u00e9 du Havre a commenc\u00e9, il y a pr\u00e8s de 15 ans. Avec H\u00e9l\u00e8ne, mon \u00e9pouse, nous appr\u00e9ciions particuli\u00e8rement venir pr\u00eater main forte, quand cela \u00e9tait n\u00e9cessaire et petit \u00e0 petit, nous avons tiss\u00e9 des liens d\u2019amiti\u00e9 avec les quelques familles de l\u2019\u00e9glise et en sommes devenus membres<\/span><\/i><span data-contrast=\"auto\">.\u202f<\/span><span data-ccp-props=\"{&quot;201341983&quot;:0,&quot;335559739&quot;:160,&quot;335559740&quot;:259}\">\u00a0<\/span><\/p>\n<p><i><span data-contrast=\"auto\">Quand, en 2022, il s\u2019est agi, lors d\u2019une AG de prendre part au CA, en renfort, afin de maintenir l\u2019existence administrative de l\u2019association cultuelle, j\u2019ai rapidement sollicit\u00e9 l\u2019aval d\u2019H\u00e9l\u00e8ne et nous avons convenu d\u2019avancer en ce sens. \u00bb<\/span><\/i><span data-ccp-props=\"{&quot;201341983&quot;:0,&quot;335559739&quot;:160,&quot;335559740&quot;:259}\">\u00a0<\/span><\/p>\n<p><i><span data-contrast=\"auto\">Une situation professionnelle compliqu\u00e9e ne m\u2019a malheureusement pas permis d\u2019\u00eatre aussi pr\u00e9sent que je l\u2019aurais souhait\u00e9 en 2023. Mais 2024 s\u2019annonce de bien meilleur augure\u202f!\u202f\u00bb<\/span><\/i><\/p>\n<p>&nbsp;<\/p>\n<p><span style=\"color: #009999;\"><b>Fortifi\u00e9s par un WE au Havre\u202f!<\/b>\u00a0<\/span><\/p>\n<p><span data-contrast=\"auto\"><img loading=\"lazy\" decoding=\"async\" class=\"size-medium wp-image-2207 alignleft\" src=\"http:\/\/enews.caef.net\/wp-content\/uploads\/2024\/01\/LE-Havre-jeunes-300x169.jpg\" alt=\"\" width=\"300\" height=\"169\" srcset=\"https:\/\/enews.caef.net\/wp-content\/uploads\/2024\/01\/LE-Havre-jeunes-300x169.jpg 300w, https:\/\/enews.caef.net\/wp-content\/uploads\/2024\/01\/LE-Havre-jeunes-1024x576.jpg 1024w, https:\/\/enews.caef.net\/wp-content\/uploads\/2024\/01\/LE-Havre-jeunes-768x432.jpg 768w, https:\/\/enews.caef.net\/wp-content\/uploads\/2024\/01\/LE-Havre-jeunes-1536x864.jpg 1536w, https:\/\/enews.caef.net\/wp-content\/uploads\/2024\/01\/LE-Havre-jeunes.jpg 2040w\" sizes=\"auto, (max-width: 300px) 100vw, 300px\" \/>Pour Timoth\u00e9e Dobozy, pasteur Jeunesse \u00e0 l\u2019\u00e9glise de la Beaujoire de Nantes, venir animer un culte au Havre a \u00e9t\u00e9 une exp\u00e9rience particuli\u00e8rement enrichissante pour lui-m\u00eame et les 4 jeunes adultes qui l\u2019ont accompagn\u00e9.<\/span><span data-ccp-props=\"{&quot;201341983&quot;:0,&quot;335559739&quot;:160,&quot;335559740&quot;:259}\">\u00a0<\/span><\/p>\n<p><span data-contrast=\"auto\">\u00a0\u00ab\u202f<\/span><i><span data-contrast=\"auto\">Vivre un culte dans un autre contexte que le n\u00f4tre nous a permis de r\u00e9aliser c<\/span><\/i><i><span data-contrast=\"auto\">ombien nous \u00e9tions privil\u00e9gi\u00e9s et aussi d&rsquo;<\/span><\/i><b><i><span data-contrast=\"auto\">\u00eatre encourag\u00e9s par ces quelques personnes qui louent Dieu de tout leur c\u0153ur<\/span><\/i><\/b><i><span data-contrast=\"auto\">.<\/span><\/i><\/p>\n<p><em>Pour nous, c\u2019\u00e9tait \u00e9difiant de venir et d&rsquo;\u00eatre en b\u00e9n\u00e9diction pour une petite \u00e9glise, alors que l\u2019on peut parfois se sentir \u201clambda\u201d, dans notre \u00e9glise. Partager avec 2 jeunes \u00e9tudiants qui ont rejoint r\u00e9cemment l\u2019Eglise nous a aussi permis de voir combien Dieu est \u00e0 l\u2019\u0153uvre, m\u00eame dans des situations difficiles<\/em>.<span data-ccp-props=\"{&quot;201341983&quot;:0,&quot;335559739&quot;:160,&quot;335559740&quot;:259}\">\u00a0<\/span><\/p>\n<p><i><span data-contrast=\"auto\">\u201c<\/span><\/i><b><i><span data-contrast=\"auto\">C\u2019est \u00e9galement un projet qui nous a f\u00e9d\u00e9r\u00e9s <\/span><\/i><\/b><i><span data-contrast=\"auto\">: nous avons con\u00e7u le culte ensemble, pri\u00e9 ensemble et, au final, on ne regrette absolument pas les 8 heures de route aller-retour ! Nous avons re\u00e7u au moins autant que nous avons apport\u00e9. \u201d<\/span><\/i><span data-ccp-props=\"{&quot;201341983&quot;:0,&quot;335559739&quot;:160,&quot;335559740&quot;:259}\">\u00a0<\/span><\/p>\n<p><span data-contrast=\"auto\">Ils sont revenus de ce WE au Havre, fortifi\u00e9s dans leur foi\u202fet leur volont\u00e9 de servir le Maitre de la moisson !<\/span><br \/>\n<span data-ccp-props=\"{&quot;201341983&quot;:0,&quot;335559739&quot;:160,&quot;335559740&quot;:259}\">\u00a0<\/span><\/p>\n<p><span style=\"color: #009999;\"><b>Prier et esp\u00e9rer<\/b><\/span><\/p>\n<p><span data-contrast=\"auto\">Les sujets de pri\u00e8re ne manquent pas\u202f: les ressources humaines et financi\u00e8res, le t\u00e9moignage dans la ville et le quartier, l\u2019int\u00e9gration des familles qui arriveront en septembre 2024, les 2 nouvelles personnes\u2026 <\/span><\/p>\n<p><span data-contrast=\"auto\">Mais, pour Jean-Pascal, \u00ab\u202f<\/span><strong><i>il est essentiel de<\/i> <\/strong><i><span data-contrast=\"auto\"><strong>prier pour ceux qui ont port\u00e9 cette \u00e9glise<\/strong> par le pass\u00e9, pour ceux d\u2019entre eux qui y ont tant donn\u00e9 et tant souffert aussi, personnellement et collectivement<\/span><\/i><span data-contrast=\"auto\">. <\/span><i><span data-contrast=\"auto\">Prions pour ceux qui sont partis, prions pour ceux qui restent. Prions pour que chacun puisse \u00eatre dans la paix et, nous l\u2019esp\u00e9rons, puisse voir des fruits de sa pers\u00e9v\u00e9rance.\u202f\u00bb\u00a0<\/span><\/i><span data-ccp-props=\"{&quot;201341983&quot;:0,&quot;335559739&quot;:160,&quot;335559740&quot;:259}\">\u00a0<\/span><\/p>\n<p><span data-contrast=\"auto\">Et Jean-Pascal de conclure\u00a0 : \u00ab\u202f<\/span><i><span data-contrast=\"auto\">Nous sommes encourag\u00e9s par le formidable \u00e9lan de solidarit\u00e9 qui s\u2019est mis en place pour maintenir \u00ab\u202fla Bonne Nouvelle\u202f\u00bb. Il est beau de constater que, quand une \u00e9glise souffre, d\u2019autres souffrent avec elle.<strong> Puisse l\u2019\u00e9glise du Havre, un jour \u00e0 son tour, soutenir et encourager d\u2019autres \u00e9glises\u202f!<\/strong> C\u2019est cela l\u2019Eglise, l\u2019\u00e9pouse de Christ dont nous sommes membres. \u00bb<\/span><\/i><span data-ccp-props=\"{&quot;201341983&quot;:0,&quot;335559739&quot;:160,&quot;335559740&quot;:259}\">\u00a0<\/span><\/p>\n<p>* Pour y participer, <a href=\"https:\/\/www.caef.net\/index.php\/don-en-ligne.html\">c&rsquo;est ICI<\/a><\/p>\n","protected":false},"excerpt":{"rendered":"<p>Des d\u00e9m\u00e9nagements intentionnels\u202f: 2 familles devraient s\u2019installer prochainement au Havre, dans le but de venir renforcer et soutenir l\u2019\u00e9glise, 15 \u00e9glises, de Lille \u00e0 Nantes, qui se mobilisent pour maintenir les cultes, 2 nouvelles personnes qui fr\u00e9quentent le culte,\u00a0 Autant de sujets de reconnaissance et d\u2019encouragement qui permettent de tracer une perspective positive pour l\u2019\u00e9glise [&hellip;]<\/p>\n","protected":false},"author":4,"featured_media":2205,"comment_status":"closed","ping_status":"closed","sticky":false,"template":"","format":"standard","meta":{"footnotes":""},"categories":[17,9,1],"tags":[],"class_list":["post-2202","post","type-post","status-publish","format-standard","has-post-thumbnail","hentry","category-a-la-une","category-action","category-non-classe"],"_links":{"self":[{"href":"https:\/\/enews.caef.net\/index.php?rest_route=\/wp\/v2\/posts\/2202","targetHints":{"allow":["GET"]}}],"collection":[{"href":"https:\/\/enews.caef.net\/index.php?rest_route=\/wp\/v2\/posts"}],"about":[{"href":"https:\/\/enews.caef.net\/index.php?rest_route=\/wp\/v2\/types\/post"}],"author":[{"embeddable":true,"href":"https:\/\/enews.caef.net\/index.php?rest_route=\/wp\/v2\/users\/4"}],"replies":[{"embeddable":true,"href":"https:\/\/enews.caef.net\/index.php?rest_route=%2Fwp%2Fv2%2Fcomments&post=2202"}],"version-history":[{"count":7,"href":"https:\/\/enews.caef.net\/index.php?rest_route=\/wp\/v2\/posts\/2202\/revisions"}],"predecessor-version":[{"id":2223,"href":"https:\/\/enews.caef.net\/index.php?rest_route=\/wp\/v2\/posts\/2202\/revisions\/2223"}],"wp:featuredmedia":[{"embeddable":true,"href":"https:\/\/enews.caef.net\/index.php?rest_route=\/wp\/v2\/media\/2205"}],"wp:attachment":[{"href":"https:\/\/enews.caef.net\/index.php?rest_route=%2Fwp%2Fv2%2Fmedia&parent=2202"}],"wp:term":[{"taxonomy":"category","embeddable":true,"href":"https:\/\/enews.caef.net\/index.php?rest_route=%2Fwp%2Fv2%2Fcategories&post=2202"},{"taxonomy":"post_tag","embeddable":true,"href":"https:\/\/enews.caef.net\/index.php?rest_route=%2Fwp%2Fv2%2Ftags&post=2202"}],"curies":[{"name":"wp","href":"https:\/\/api.w.org\/{rel}","templated":true}]}}