{"id":2195,"date":"2024-01-10T16:58:27","date_gmt":"2024-01-10T15:58:27","guid":{"rendered":"https:\/\/enews.caef.net\/?p=2195"},"modified":"2024-01-12T12:57:14","modified_gmt":"2024-01-12T11:57:14","slug":"parler-de-sexualite","status":"publish","type":"post","link":"https:\/\/enews.caef.net\/?p=2195","title":{"rendered":"Parler de sexualit\u00e9&#8230;"},"content":{"rendered":"<p><b>Parler de sexualit\u00e9 avec les enfants et les jeunes&#8230; <\/b><b>Et si on organisait une Masterclass sur ce sujet ?!<br \/>\n<\/b><span style=\"font-weight: 400;\">\u201cQuoi ?!\u201d<br \/>\n<\/span><span style=\"font-weight: 400;\">\u201cMais c\u2019est g\u00eanant\u2026\u201d<\/span><span style=\"font-weight: 400;\"><br \/>\n<\/span><span style=\"font-weight: 400;\">\u00ab\u00a0Je ne sais ni par quoi commencer, ni quoi leur dire !\u00a0\u00bb<\/span><span style=\"font-weight: 400;\"><br \/>\n<\/span><span style=\"font-weight: 400;\">\u201cJe ne suis pas psychologue !\u201d<\/span><span style=\"font-weight: 400;\"><br \/>\n<\/span><span style=\"font-weight: 400;\">\u201cJe pr\u00e9f\u00e8re attendre qu\u2019ils soient plus grands.\u201d<\/span><span style=\"font-weight: 400;\"><br \/>\n<\/span><span style=\"font-weight: 400;\">\u2026<\/span><\/p>\n<p>La sexualit\u00e9 est un sujet qui est loin d\u2019\u00eatre facile \u00e0 aborder avec nos enfants et nos jeunes, et nous constatons souvent que les parents ne se sentent pas toujours confortables pour le faire eux-m\u00eames.<span style=\"font-weight: 400;\"><br \/>\n<\/span><span style=\"font-weight: 400;\"><br \/>\n<\/span><b>Pourtant, s&rsquo;ils ne le font pas\u2026<\/b><\/p>\n<ul>\n<li style=\"font-weight: 400;\" aria-level=\"1\"><span style=\"font-weight: 400;\"><span style=\"font-weight: 400;\">Il est tr\u00e8s probable que nos enfants et nos jeunes exp\u00e9rimenteront une approche de la sexualit\u00e9 un jour ou l\u2019autre sans ressources s\u00e9curisantes et vraies,<\/span><\/span><\/li>\n<li style=\"font-weight: 400;\" aria-level=\"1\"><span style=\"font-weight: 400;\">Nos enfants et nos jeunes seront \u201c\u00e9duqu\u00e9s\u201d sur le sujet par leurs amis, les films, les s\u00e9ries, la musique et Internet. (Le <\/span><a href=\"https:\/\/www.senat.fr\/rap\/r21-900-1\/r21-900-1-syn.pdf\"><span style=\"font-weight: 400;\">rapport s\u00e9natorial<\/span><\/a><span style=\"font-weight: 400;\"> paru en d\u00e9cembre 2022 affirme que les enfants sont expos\u00e9s \u00e0 des informations et des images \u00e0 caract\u00e8re pornographique, m\u00eame avant l\u2019\u00e2ge de 11 ans.)<\/span><\/li>\n<\/ul>\n<p><b>\u00c2ge apr\u00e8s \u00e2ge, tellement de questions s\u2019imposent \u00e0 eux :<\/b><span style=\"font-weight: 400;\">\u00a0<\/span><\/p>\n<ul>\n<li style=\"font-weight: 400;\" aria-level=\"1\"><span style=\"font-weight: 400;\">\u201c\u00e0 quoi \u00e7a sert ?\u201d<\/span><\/li>\n<li style=\"font-weight: 400;\" aria-level=\"1\"><span style=\"font-weight: 400;\">\u201cqu\u2019est-ce que c\u2019est l\u2019intimit\u00e9 ?\u201d<\/span><\/li>\n<li style=\"font-weight: 400;\" aria-level=\"1\"><span style=\"font-weight: 400;\">\u201ccomment on fait les b\u00e9b\u00e9s ?\u201d<\/span><\/li>\n<li style=\"font-weight: 400;\" aria-level=\"1\"><span style=\"font-weight: 400;\">\u201cd\u2019o\u00f9 est-ce que je viens ?\u201d<\/span><\/li>\n<li style=\"font-weight: 400;\" aria-level=\"1\"><span style=\"font-weight: 400;\">\u201cpourquoi mon corps change ?\u201d<\/span><\/li>\n<li style=\"font-weight: 400;\" aria-level=\"1\"><span style=\"font-weight: 400;\">\u201cc\u2019est quoi la pubert\u00e9 ?\u201d<\/span><\/li>\n<li style=\"font-weight: 400;\" aria-level=\"1\"><span style=\"font-weight: 400;\">\u201cque penser de l\u2019orientation sexuelle ? de l\u2019identit\u00e9 genr\u00e9e ?\u201d<\/span><\/li>\n<li style=\"font-weight: 400;\" aria-level=\"1\"><span style=\"font-weight: 400;\">\u2026<\/span><\/li>\n<\/ul>\n<p><span style=\"font-weight: 400;\">Et bien d\u2019autres encore. <\/span><span style=\"font-weight: 400;\"><br \/>\n<\/span><span style=\"font-weight: 400;\">Et parfois, avec des blessures profondes.<\/span><\/p>\n<p style=\"text-align: left;\"><span style=\"color: #a10d59;\"><b>Que dit la Bible ?<br \/>\nComment Dieu veut nous utiliser en tant que parents, animateurs, enseignants, responsables d\u2019\u00e9glise ?<\/b><\/span><\/p>\n<p>&nbsp;<\/p>\n<blockquote><p><b>Parler de ce sujet est une n\u00e9cessit\u00e9 ! <\/b>Voil\u00e0 pourquoi l\u2019\u00e9quipe AJC pr\u00e9pare une Masterclass, courant octobre 2024, autour de ces trois questions :<br \/>\nPourquoi parler de sexualit\u00e9 ?<br \/>\nQuand parler de sexualit\u00e9 ?<br \/>\nQuels aspects devraient \u00eatre abord\u00e9s et \u00e0 quel \u00e2ge ?<\/p><\/blockquote>\n<p><b>Plus d\u2019informations \u00e0 venir\u2026\u00a0 Et s<\/b><b>i cette Masterclass peut, d&rsquo;ores et d\u00e9j\u00e0, vous int\u00e9resser, cliquez <\/b><a href=\"https:\/\/forms.gle\/X7tYNRM8NJJkib676\"><b>ICI<\/b><\/a><b> !<\/b><\/p>\n","protected":false},"excerpt":{"rendered":"<p>Parler de sexualit\u00e9 avec les enfants et les jeunes&#8230; Et si on organisait une Masterclass sur ce sujet ?! \u201cQuoi ?!\u201d \u201cMais c\u2019est g\u00eanant\u2026\u201d \u00ab\u00a0Je ne sais ni par quoi commencer, ni quoi leur dire !\u00a0\u00bb \u201cJe ne suis pas psychologue !\u201d \u201cJe pr\u00e9f\u00e8re attendre qu\u2019ils soient plus grands.\u201d \u2026 La sexualit\u00e9 est un sujet [&hellip;]<\/p>\n","protected":false},"author":4,"featured_media":2199,"comment_status":"closed","ping_status":"closed","sticky":false,"template":"","format":"standard","meta":{"footnotes":""},"categories":[17,10],"tags":[],"class_list":["post-2195","post","type-post","status-publish","format-standard","has-post-thumbnail","hentry","category-a-la-une","category-pole-jeunesse"],"_links":{"self":[{"href":"https:\/\/enews.caef.net\/index.php?rest_route=\/wp\/v2\/posts\/2195","targetHints":{"allow":["GET"]}}],"collection":[{"href":"https:\/\/enews.caef.net\/index.php?rest_route=\/wp\/v2\/posts"}],"about":[{"href":"https:\/\/enews.caef.net\/index.php?rest_route=\/wp\/v2\/types\/post"}],"author":[{"embeddable":true,"href":"https:\/\/enews.caef.net\/index.php?rest_route=\/wp\/v2\/users\/4"}],"replies":[{"embeddable":true,"href":"https:\/\/enews.caef.net\/index.php?rest_route=%2Fwp%2Fv2%2Fcomments&post=2195"}],"version-history":[{"count":7,"href":"https:\/\/enews.caef.net\/index.php?rest_route=\/wp\/v2\/posts\/2195\/revisions"}],"predecessor-version":[{"id":2226,"href":"https:\/\/enews.caef.net\/index.php?rest_route=\/wp\/v2\/posts\/2195\/revisions\/2226"}],"wp:featuredmedia":[{"embeddable":true,"href":"https:\/\/enews.caef.net\/index.php?rest_route=\/wp\/v2\/media\/2199"}],"wp:attachment":[{"href":"https:\/\/enews.caef.net\/index.php?rest_route=%2Fwp%2Fv2%2Fmedia&parent=2195"}],"wp:term":[{"taxonomy":"category","embeddable":true,"href":"https:\/\/enews.caef.net\/index.php?rest_route=%2Fwp%2Fv2%2Fcategories&post=2195"},{"taxonomy":"post_tag","embeddable":true,"href":"https:\/\/enews.caef.net\/index.php?rest_route=%2Fwp%2Fv2%2Ftags&post=2195"}],"curies":[{"name":"wp","href":"https:\/\/api.w.org\/{rel}","templated":true}]}}