{"id":2168,"date":"2024-01-05T16:04:16","date_gmt":"2024-01-05T15:04:16","guid":{"rendered":"https:\/\/enews.caef.net\/?p=2168"},"modified":"2024-01-11T11:10:09","modified_gmt":"2024-01-11T10:10:09","slug":"etre-dire-et-faire-levangile","status":"publish","type":"post","link":"https:\/\/enews.caef.net\/?p=2168","title":{"rendered":"\u00catre, dire et faire l\u2019\u00c9vangile !"},"content":{"rendered":"<p><strong><em>(Les extraits vid\u00e9os sont propos\u00e9es ci-dessous, dans le texte.)<\/em><br \/>\nRetour sur le webinaire du P\u00f4le Mission du 24 novembre.<\/strong><\/p>\n<p>Une vingtaine d\u2019\u00e9glises CAEF \u00e9taient repr\u00e9sent\u00e9es lors du dernier webinaire du P\u00f4le Mission sur le th\u00e8me de l\u2019engagement social du chr\u00e9tien : un domaine o\u00f9 nous avons beaucoup \u00e0 apprendre de nos fr\u00e8res et s\u0153urs qui vivent dans des contextes de pr\u00e9carit\u00e9 ! Nous \u00e9tions ainsi heureux de pouvoir b\u00e9n\u00e9ficier de l\u2019apport d\u2019envoy\u00e9s, mais aussi des dirigeants de nos unions d\u2019\u00e9glises partenaires au Tchad et \u00e0 Madagascar. En voici quelques extraits, en texte et en vid\u00e9o.<\/p>\n<p><strong><span style=\"color: #96bd0d;\">Pauvret\u00e9 et foi<br \/>\n<\/span><\/strong>Aga Andrianarijaona, pr\u00e9sident de l\u2019union d\u2019\u00e9glises CEIM \u00e0 Madagascar, a soulign\u00e9 qu\u2019<strong>une certaine forme de pr\u00e9carit\u00e9 peut aiguiser la confiance en Dieu<\/strong>.\u00a0 Beaucoup de chr\u00e9tiens malgaches, par exemple, vivent sans protection sociale ce qui les conduit \u00e0 vivre au quotidien \u00ab en r\u00e9gime de foi \u00bb.<\/p>\n<p><strong>Mais une trop grande pauvret\u00e9 est aussi un frein au d\u00e9veloppement d\u2019une vie de disciple m\u00fbr<\/strong>, car la n\u00e9cessit\u00e9 de couvrir les besoins mat\u00e9riels accapare les pens\u00e9es au d\u00e9triment du d\u00e9veloppement d\u2019une relation avec Dieu : les actions de chr\u00e9tiens permettant \u00e0 leurs fr\u00e8res et s\u0153urs les plus d\u00e9munis de sortir de cette pauvret\u00e9 extr\u00eame (par exemple en leur proposant un emploi) ont ainsi non seulement un impact social, mais aussi spirituel !<\/p>\n<p><strong><span style=\"color: #96bd0d;\">Une vie de compassion<br \/>\n<\/span><\/strong>En d\u00e9but de soir\u00e9e, Natalie Revol (ancienne envoy\u00e9e au Tchad) nous avait rappel\u00e9, \u00e0 partir de Matthieu 25, que la compassion doit faire partie int\u00e9grante de la vie du chr\u00e9tien. Les diff\u00e9rents t\u00e9moignages qui se sont succ\u00e9d\u00e9s ont illustr\u00e9 ce point et ont particuli\u00e8rement soulign\u00e9 l\u2019\u00e9tat d\u2019esprit sp\u00e9cifique dans lequel se vit la compassion chr\u00e9tienne :<\/p>\n<ul>\n<li><strong><span style=\"color: #96bd0d;\">des \u0153uvres de compassion \u00ab comme pour le Seigneur \u00bb :<\/span><\/strong> on a beaucoup entendu parler de la motivation du chr\u00e9tien dans ses actions. Le pasteur K\u00e9phas, secr\u00e9taire g\u00e9n\u00e9ral de l\u2019union d\u2019\u00e9glises ACT au Tchad, a notamment r\u00e9sum\u00e9 la vision holistique (ou int\u00e9grale) de la mission mise en \u0153uvre par les ACT : \u00ab s\u2019occuper de l\u2019Homme dans toutes ses dimensions \u00bb<strong><sup>1<\/sup><\/strong>. Il nous l\u2019explique ici :<br \/>\n<div style=\"width: 640px;\" class=\"wp-video\"><video class=\"wp-video-shortcode\" id=\"video-2168-1\" width=\"640\" height=\"360\" preload=\"metadata\" controls=\"controls\"><source type=\"video\/mp4\" src=\"http:\/\/enews.caef.net\/wp-content\/uploads\/2024\/01\/extrait_video_Kephas1.mp4?_=1\" \/><a href=\"http:\/\/enews.caef.net\/wp-content\/uploads\/2024\/01\/extrait_video_Kephas1.mp4\">http:\/\/enews.caef.net\/wp-content\/uploads\/2024\/01\/extrait_video_Kephas1.mp4<\/a><\/video><\/div><\/li>\n<li>Cela se concr\u00e9tise par une \u0153uvre m\u00e9dicale d\u00e9velopp\u00e9e, mais aussi dans le minist\u00e8re des Sentinelles (pr\u00e9vention du VIH\/Sida parmi les jeunes, accompagnement de personnes touch\u00e9es par le VIH). Annie, coordinatrice des Sentinelles, pr\u00e9sente ainsi sa motivation premi\u00e8re, c\u2019est d\u2019abord l\u2019amour de Dieu qui l\u2019anime dans son travail.<br \/>\n<div style=\"width: 640px;\" class=\"wp-video\"><video class=\"wp-video-shortcode\" id=\"video-2168-2\" width=\"640\" height=\"360\" preload=\"metadata\" controls=\"controls\"><source type=\"video\/mp4\" src=\"http:\/\/enews.caef.net\/wp-content\/uploads\/2024\/01\/extrait_video_Annie1.mp4?_=2\" \/><a href=\"http:\/\/enews.caef.net\/wp-content\/uploads\/2024\/01\/extrait_video_Annie1.mp4\">http:\/\/enews.caef.net\/wp-content\/uploads\/2024\/01\/extrait_video_Annie1.mp4<\/a><\/video><\/div><\/li>\n<li><strong><span style=\"color: #96bd0d;\">une compassion \u00e0 vivre sans calcul :<\/span><\/strong> plusieurs participants ont \u00e9t\u00e9 interpell\u00e9s par les t\u00e9moignages d\u2019engagement co\u00fbteux que nous avons entendus : par exemple, c\u2019est le cas des \u00e9glises ACT au Tchad qui choisissent, malgr\u00e9 le d\u00e9fi que cela repr\u00e9sente, de privil\u00e9gier l\u2019installation de leurs centres de sant\u00e9 dans les zones les plus recul\u00e9es. C\u2019est aussi le cas de la famille Scivoli qui habite dans une favela \u00e0 Belo Horizonte au Br\u00e9sil. Nicola nous parle ici de cet engagement tr\u00e8s concret :<br \/>\n<div style=\"width: 640px;\" class=\"wp-video\"><video class=\"wp-video-shortcode\" id=\"video-2168-3\" width=\"640\" height=\"360\" preload=\"metadata\" controls=\"controls\"><source type=\"video\/mp4\" src=\"http:\/\/enews.caef.net\/wp-content\/uploads\/2024\/01\/extrait_video_Nico_S1.mp4?_=3\" \/><a href=\"http:\/\/enews.caef.net\/wp-content\/uploads\/2024\/01\/extrait_video_Nico_S1.mp4\">http:\/\/enews.caef.net\/wp-content\/uploads\/2024\/01\/extrait_video_Nico_S1.mp4<\/a><\/video><\/div><\/li>\n<li>\u00a0<strong><span style=\"color: #96bd0d;\">une compassion \u00e0 vivre en esp\u00e9rant la moisson :<\/span><\/strong> tous ces efforts ne sont pas en vain ! Le Dr Os\u00e9e, directeur de l\u2019h\u00f4pital de Koyom, nous a notamment expliqu\u00e9 que les malades comme l\u2019\u00e9tat tchadien reconnaissent la qualit\u00e9 particuli\u00e8re des services m\u00e9dicaux assur\u00e9s par les \u00e9glises :<br \/>\n<div style=\"width: 640px;\" class=\"wp-video\"><video class=\"wp-video-shortcode\" id=\"video-2168-4\" width=\"640\" height=\"360\" preload=\"metadata\" controls=\"controls\"><source type=\"video\/mp4\" src=\"http:\/\/enews.caef.net\/wp-content\/uploads\/2024\/01\/extrait_video_Osee1.mp4?_=4\" \/><a href=\"http:\/\/enews.caef.net\/wp-content\/uploads\/2024\/01\/extrait_video_Osee1.mp4\">http:\/\/enews.caef.net\/wp-content\/uploads\/2024\/01\/extrait_video_Osee1.mp4<\/a><\/video><\/div><\/li>\n<\/ul>\n<p style=\"text-align: center;\"><strong>Ainsi, comme nous a interpell\u00e9s Natalie Revol, soyons chacun \u00ab pr\u00eat \u00e0 nous mouiller \u00bb pour vivre de mani\u00e8re concr\u00e8te la compassion,<br \/>\nen suivant le mod\u00e8le de J\u00e9sus.<\/strong><\/p>\n<p>&nbsp;<\/p>\n<p>* Pour entendre plus de nouvelles, n\u2019h\u00e9sitez pas \u00e0 nous rejoindre lors des prochaines r\u00e9unions de pri\u00e8re en ligne du P\u00f4le Mission, les 22 et 25 janvier prochains.<br \/>\n<a href=\"https:\/\/url-r.fr\/eyqjl\">Inscriptions ICI<\/a><\/p>\n<p>* Notre prochain webinaire aura lieu en mai ou juin : plus d\u2019infos \u00e0 venir sur nos r\u00e9seaux (Facebook \/ Instagram) et notre site <a href=\"http:\/\/mission.caef.net\">mission.caef.net<\/a><\/p>\n","protected":false},"excerpt":{"rendered":"<p>(Les extraits vid\u00e9os sont propos\u00e9es ci-dessous, dans le texte.) Retour sur le webinaire du P\u00f4le Mission du 24 novembre. Une vingtaine d\u2019\u00e9glises CAEF \u00e9taient repr\u00e9sent\u00e9es lors du dernier webinaire du P\u00f4le Mission sur le th\u00e8me de l\u2019engagement social du chr\u00e9tien : un domaine o\u00f9 nous avons beaucoup \u00e0 apprendre de nos fr\u00e8res et s\u0153urs qui [&hellip;]<\/p>\n","protected":false},"author":4,"featured_media":2175,"comment_status":"closed","ping_status":"closed","sticky":false,"template":"","format":"standard","meta":{"footnotes":""},"categories":[17,41],"tags":[],"class_list":["post-2168","post","type-post","status-publish","format-standard","has-post-thumbnail","hentry","category-a-la-une","category-pole-mission"],"_links":{"self":[{"href":"https:\/\/enews.caef.net\/index.php?rest_route=\/wp\/v2\/posts\/2168","targetHints":{"allow":["GET"]}}],"collection":[{"href":"https:\/\/enews.caef.net\/index.php?rest_route=\/wp\/v2\/posts"}],"about":[{"href":"https:\/\/enews.caef.net\/index.php?rest_route=\/wp\/v2\/types\/post"}],"author":[{"embeddable":true,"href":"https:\/\/enews.caef.net\/index.php?rest_route=\/wp\/v2\/users\/4"}],"replies":[{"embeddable":true,"href":"https:\/\/enews.caef.net\/index.php?rest_route=%2Fwp%2Fv2%2Fcomments&post=2168"}],"version-history":[{"count":5,"href":"https:\/\/enews.caef.net\/index.php?rest_route=\/wp\/v2\/posts\/2168\/revisions"}],"predecessor-version":[{"id":2215,"href":"https:\/\/enews.caef.net\/index.php?rest_route=\/wp\/v2\/posts\/2168\/revisions\/2215"}],"wp:featuredmedia":[{"embeddable":true,"href":"https:\/\/enews.caef.net\/index.php?rest_route=\/wp\/v2\/media\/2175"}],"wp:attachment":[{"href":"https:\/\/enews.caef.net\/index.php?rest_route=%2Fwp%2Fv2%2Fmedia&parent=2168"}],"wp:term":[{"taxonomy":"category","embeddable":true,"href":"https:\/\/enews.caef.net\/index.php?rest_route=%2Fwp%2Fv2%2Fcategories&post=2168"},{"taxonomy":"post_tag","embeddable":true,"href":"https:\/\/enews.caef.net\/index.php?rest_route=%2Fwp%2Fv2%2Ftags&post=2168"}],"curies":[{"name":"wp","href":"https:\/\/api.w.org\/{rel}","templated":true}]}}