{"id":2026,"date":"2023-09-18T14:31:48","date_gmt":"2023-09-18T12:31:48","guid":{"rendered":"https:\/\/enews.caef.net\/?p=2026"},"modified":"2023-09-25T14:14:01","modified_gmt":"2023-09-25T12:14:01","slug":"eglise-et-evangelisation","status":"publish","type":"post","link":"https:\/\/enews.caef.net\/?p=2026","title":{"rendered":"Bient\u00f4t Lausanne IV&#8230;"},"content":{"rendered":"<p style=\"text-align: center;\"><b><span data-contrast=\"auto\">Eglise et Evang\u00e9lisation<br \/>\nMises en perspectives avant le Congr\u00e8s de Lausanne IV,<br \/>\nen Cor\u00e9e<\/span><\/b><strong> du Sud.<\/strong><\/p>\n<p><span style=\"color: #009999;\"><b>R\u00e9fl\u00e9chir en \u00c9glise<\/b><\/span><span data-ccp-props=\"{&quot;134245417&quot;:true,&quot;335551550&quot;:1,&quot;335551620&quot;:1,&quot;335559738&quot;:0,&quot;335559739&quot;:0}\"><br \/>\n<\/span><span data-contrast=\"auto\">Quand on parle d\u2019\u00e9vang\u00e9lisation, certains veulent <\/span><span data-contrast=\"auto\">de suite aborder les questions pratiques et surtout, surtout, ne pas perdre <\/span><span data-contrast=\"auto\">de<\/span><span data-contrast=\"auto\"> temps en r\u00e9flexion<\/span><span data-contrast=\"auto\">. Le mouvement \u00e9vang\u00e9lique, qui s\u2019est construit en grande partie en r\u00e9action contre les milieux acad\u00e9miques lib\u00e9raux du 19<\/span><span data-contrast=\"auto\">e<\/span><span data-contrast=\"auto\"> si\u00e8cle<\/span><span data-contrast=\"auto\"> a souvent oppos\u00e9 la pratique \u00e0 la r\u00e9flexion. R\u00e9fl\u00e9chir serait une perte de temps, alors m\u00eame que des personnes se perdent et sont condamn\u00e9es \u00e0 l\u2019enfer\u2026\u00a0 Ainsi, plut\u00f4t que de parler d\u2019\u00e9vang\u00e9lisation, nous devrions aller r\u00e9ellement sur le terrain. <\/span><\/p>\n<p><span data-contrast=\"auto\">Pourtant, dans de nombreux passages bibliques, nous sommes invit\u00e9s \u00e0 prendre un temps d\u2019arr\u00eat et \u00e0 r\u00e9fl\u00e9chir \u00e0 notre pratique. Il y a m\u00eame des avertissements \u00e0 ne surtout pas aller vite (Proverbe 19.2 par exemple). En m\u00eame temps, il faut aussi dire que parfois, la r\u00e9flexion est un pr\u00e9texte pour ne surtout pas vivre le t\u00e9moignage\u2026 Passer des heures et des heures \u00e0 d\u00e9battre de que<\/span><span data-contrast=\"auto\">l <\/span><span data-contrast=\"auto\">serait le meilleur moyen de t\u00e9moigner sans jamais trancher, est une mani\u00e8re subtile de&#8230; ne pas le faire !<\/span><\/p>\n<blockquote><p><span data-contrast=\"auto\">Mais<\/span><span data-contrast=\"auto\">,<\/span><span data-contrast=\"auto\"> on ne peut n\u00e9gliger ce devoir et cette responsabilit\u00e9 que Dieu a confi\u00e9<\/span><span data-contrast=\"auto\">s<\/span><span data-contrast=\"auto\"> \u00e0 son \u00c9glise.\u00a0<\/span><span data-ccp-props=\"{&quot;134233117&quot;:false,&quot;134233118&quot;:false,&quot;134245417&quot;:true,&quot;201341983&quot;:0,&quot;335551550&quot;:6,&quot;335551620&quot;:6,&quot;335559685&quot;:0,&quot;335559737&quot;:0,&quot;335559738&quot;:0,&quot;335559739&quot;:0,&quot;335559740&quot;:259}\">\u00a0<\/span><\/p><\/blockquote>\n<p><span data-contrast=\"auto\"><strong>L\u2019Eglise doit penser son action<\/strong>. Pr\u00e9cis\u00e9ment, l&rsquo;histoire du christianisme a \u00e9t\u00e9 marqu\u00e9e par de grands conciles<\/span><sup><span data-contrast=\"auto\">1<\/span><\/sup><span data-contrast=\"auto\">. Ces rassemblements permettaient justement de r\u00e9fl\u00e9chir collectivement, en \u00c9glise, aux grands enjeux du moment. Nous serions bien inspir\u00e9s, nous qui pr\u00f4nons la coll\u00e9gialit\u00e9, de l<\/span><span data-contrast=\"auto\">a<\/span><span data-contrast=\"auto\"> vivre plus franchement encore.\u00a0<\/span><span data-ccp-props=\"{&quot;134233117&quot;:false,&quot;134233118&quot;:false,&quot;134245417&quot;:true,&quot;201341983&quot;:0,&quot;335551550&quot;:6,&quot;335551620&quot;:6,&quot;335559685&quot;:0,&quot;335559737&quot;:0,&quot;335559738&quot;:0,&quot;335559739&quot;:0,&quot;335559740&quot;:259}\">\u00a0<\/span><\/p>\n<p><span data-contrast=\"auto\">Le congr\u00e8s international pour l\u2019\u00e9vang\u00e9lisation mondiale organis\u00e9 en 1974<\/span><span data-contrast=\"auto\">,<\/span><span data-contrast=\"auto\"> puis les congr\u00e8s suivants sont mod\u00e9lisants en ce sens, \u00e0 la fois par le contenu et par la forme de<\/span><span data-contrast=\"auto\">s<\/span><span data-contrast=\"auto\"> ces<\/span><span data-contrast=\"auto\"> r\u00e9flexions partag\u00e9es. <strong>En tant qu\u2019Union, nous pouvons nous en inspirer, recevoir collectivement ce qui a \u00e9t\u00e9 pens\u00e9 mondialement (et traduit en Fran\u00e7ais\u202faujourd\u2019hui !), mais aussi y contribuer, au niveau local, r\u00e9gional, national et mondial\u2026 <\/strong><\/span><strong>\u00a0<\/strong><\/p>\n<p><span data-contrast=\"auto\">Alors que s\u2019annonce le Congr\u00e8s de Lausanne IV, quelques pistes des 3 premiers opus sont encore \u00e0 m\u00e9diter en \u00c9glise. <\/span><\/p>\n<p><span style=\"color: #009999;\"><b>L\u2019action sociale et humanitaire<\/b><br \/>\n<\/span><\/p>\n<ul>\n<li><span style=\"color: #009999;\">Lors du 1<sup>er<\/sup><\/span><span data-contrast=\"auto\"><span style=\"color: #009999;\"> congr\u00e8s, \u00e0 Lausanne,<\/span> les \u00e9vang\u00e9liques ont renou\u00e9 avec l\u2019action sociale. Historiquement, les \u00e9vang\u00e9liques ont un pass\u00e9 remarquable d\u2019action sociale. Mais les r\u00e9veils spirituels successifs<\/span><span data-contrast=\"auto\">,<\/span><span data-contrast=\"auto\"> depuis la moiti\u00e9 du XIXe et au d\u00e9but du XXe si\u00e8cle<\/span><span data-contrast=\"auto\">,<\/span><span data-contrast=\"auto\"> avaient <\/span><span data-contrast=\"auto\">davantage<\/span><span data-contrast=\"auto\"> mis l\u2019accent sur l\u2019\u00e9vang\u00e9lisation et avaient dissoci\u00e9, voire m\u00eame oppos\u00e9, \u00e9vang\u00e9lisation et action sociale. <strong>Lausanne 74 a \u00e9t\u00e9 d\u2019abord l\u2019occasion d\u2019une repentance collective, et l\u2019affirmation claire que l\u2019\u00c9vangile contraint l\u2019\u00c9glise \u00e0 se pr\u00e9occuper aussi des questions de justice sociale.<\/strong> Puisque Dieu ne s\u2019int\u00e9resse pas simplement \u00e0 l\u2019\u00e9glise, mais au monde, nous devrions partager toute l\u2019\u00e9tendue des pr\u00e9occupations de Dieu<\/span><span data-contrast=\"auto\">. Or,<\/span> <span data-contrast=\"auto\">i<\/span><span data-contrast=\"auto\"><span data-contrast=\"auto\">l consid\u00e8re la justice, la r\u00e9conciliation, la lib\u00e9ration de l\u2019oppression, le soin des plus fragiles comme particuli\u00e8rement importants.<\/span><\/span><\/li>\n<li><span data-contrast=\"auto\"><span style=\"color: #009999;\">Le Congr\u00e8s de Manille (Lausanne II)<\/span> a mis l\u2019accent sur l\u2019\u00c9vangile int\u00e9gral, la mission int\u00e9grale, la mission holistique&#8230; Suite \u00e0 ce congr\u00e8s, de nombreux ouvrages ont \u00e9t\u00e9 produits et la notion s\u2019est diffus\u00e9e dans le monde \u00e9vang\u00e9lique et au-del\u00e0. Cela a port\u00e9 beaucoup de fruits, dans bien des pays. L&rsquo;id\u00e9e<\/span><span data-contrast=\"auto\">,<\/span> <span data-contrast=\"auto\">toujours d\u2019actualit\u00e9<\/span><span data-contrast=\"auto\">,<\/span><span data-contrast=\"auto\"> est la suivante<\/span><span data-contrast=\"auto\">\u202f: <strong>L\u2019\u00c9vangile authentique doit se manifester par des vies transform\u00e9es, avec un service plein d&rsquo;amour qui doit n\u00e9cessairement accompagner notre proclamation de l&rsquo;amour de Dieu.<\/strong> Dit autrement, la mise en pratique des exigences divines de justice et de paix doit accompagner notre annonce du Royaume de Dieu<\/span><sup><span data-contrast=\"auto\">2<\/span><\/sup><span data-contrast=\"auto\">. Si l\u2019\u00c9vangile tout entier doit \u00eatre proclam\u00e9, il doit, en m\u00eame temps, \u00eatre port\u00e9 par l&rsquo;\u00c9glise tout<\/span><span data-contrast=\"auto\">e<\/span><span data-contrast=\"auto\"> enti\u00e8re. <strong>Le manifeste de Manille rappelle que c\u2019est la totalit\u00e9 du peuple de Dieu <\/strong><\/span><strong>qui <\/strong><span data-contrast=\"auto\"><span data-contrast=\"auto\"><strong>est appel\u00e9e \u00e0 prendre part \u00e0 l&rsquo;\u0153uvre.<\/strong><\/span><\/span><\/li>\n<li><span data-contrast=\"auto\"><span style=\"color: #009999;\">Lausanne III, au Cap<\/span>, a ainsi d\u00e9clin\u00e9 cette implication de l\u2019\u00c9glise \u00e0 toutes les sph\u00e8res de la soci\u00e9t\u00e9. Or, dans une p\u00e9riode post-covid marqu\u00e9e par des tensions et une fragmentation de la soci\u00e9t\u00e9, le message de l\u2019\u00c9vangile a particuli\u00e8rement sa place et devrait pouvoir \u00eatre vu. En ce sens, il y a peut-\u00eatre un travail \u00e0 faire au sein des CAEF (voire du R\u00e9<\/span><span data-contrast=\"auto\">seau<\/span><span data-contrast=\"auto\">&#8211;<\/span><span data-contrast=\"auto\">FEF\u202f) pour recenser tout ce qui est fait,<\/span><span data-contrast=\"auto\">\u00a0valoriser des actions humanitaires et sociales, p<\/span><span data-contrast=\"auto\">our<\/span><span data-contrast=\"auto\"> ensuite le<\/span><span data-contrast=\"auto\">s<\/span><span data-contrast=\"auto\"> d\u00e9velopper.\u00a0<\/span><span data-ccp-props=\"{&quot;134233117&quot;:false,&quot;134233118&quot;:false,&quot;134245417&quot;:true,&quot;201341983&quot;:0,&quot;335551550&quot;:6,&quot;335551620&quot;:6,&quot;335559685&quot;:0,&quot;335559737&quot;:0,&quot;335559738&quot;:0,&quot;335559739&quot;:0,&quot;335559740&quot;:259,&quot;335559991&quot;:0}\">\u00a0<\/span><\/li>\n<\/ul>\n<p><span data-contrast=\"auto\">Les jeunes de nos Eglises se forment de mieux en mieux et il y a des talents qui sommeillent. Un jeune dou\u00e9 dans la gestion financi\u00e8re n\u2019est<\/span> <span data-contrast=\"auto\">pas <\/span><span data-contrast=\"auto\">appel\u00e9 <\/span><span data-contrast=\"auto\">\u00e0 ne g\u00e9rer que le budget de l\u2019association culturelle ! <\/span><span data-contrast=\"auto\">\u00a0A<\/span><span data-contrast=\"auto\">ssoci\u00e9 \u00e0 d\u2019autres comp\u00e9tences, <\/span><span data-contrast=\"auto\">comme <\/span><span data-contrast=\"auto\">des centres sociaux, des <\/span><span data-contrast=\"auto\">\u0153uvres<\/span> <span data-contrast=\"auto\">d\u2019accueil<\/span><span data-contrast=\"auto\"> ou<\/span><span data-contrast=\"auto\"> des fondations&#8230;, des entreprises \u00e0 l\u2019\u00e9thique vertueuse pourraient naitre\u202f! Notre milieu est <\/span><span data-contrast=\"auto\">peut-\u00eatre<\/span><span data-contrast=\"auto\"> parfois trop eccl\u00e9sio-centr\u00e9 et trop localement centr\u00e9 et perd de vue, un peu vite, sa responsabilit\u00e9 envers le monde que Dieu aime.<\/span><span data-ccp-props=\"{&quot;134233117&quot;:false,&quot;134233118&quot;:false,&quot;134245417&quot;:true,&quot;201341983&quot;:0,&quot;335551550&quot;:6,&quot;335551620&quot;:6,&quot;335559685&quot;:0,&quot;335559737&quot;:0,&quot;335559738&quot;:0,&quot;335559739&quot;:0,&quot;335559740&quot;:259,&quot;335559991&quot;:0}\">\u00a0<\/span><\/p>\n<p><span data-contrast=\"auto\">Ainsi, si notre union a \u00e9t\u00e9 (\u00e0 juste titre) tr\u00e8s mobilis\u00e9e sur le sujet de l\u2019implantation d\u2019\u00c9glises ces derni\u00e8res ann\u00e9es<\/span><span data-contrast=\"auto\">,<\/span><span data-contrast=\"auto\">\u00a0<\/span><\/p>\n<blockquote><p><span data-contrast=\"auto\">il serait probablement utile de ne pas trop perdre de vue l\u2019action sociale qui devrait accompagner notre volont\u00e9 d\u2019incarner Christ, dans le monde. <\/span><\/p><\/blockquote>\n<p><span data-contrast=\"auto\">La difficult\u00e9 que connait la mise en place du CNEF solidarit\u00e9 n\u2019est<\/span> <span data-contrast=\"auto\">pas sans lien avec une non-habitude de travailler en r\u00e9seau. Or, pr\u00e9cis\u00e9ment, dans le domaine social<\/span><span data-contrast=\"auto\">,<\/span><span data-contrast=\"auto\"> comme entrepreneurial (qui devrait \u00eatre valoris\u00e9 en terrain \u00e9vang\u00e9lique)<\/span><span data-contrast=\"auto\">,<\/span><span data-contrast=\"auto\"> il serait bon de proposer des plateformes de travail pour tous ceux qui sont impliqu\u00e9s dans un m\u00eame segment d\u2019activit\u00e9.\u00a0<\/span><span data-ccp-props=\"{&quot;134233117&quot;:false,&quot;134233118&quot;:false,&quot;134245417&quot;:true,&quot;201341983&quot;:0,&quot;335551550&quot;:6,&quot;335551620&quot;:6,&quot;335559685&quot;:0,&quot;335559737&quot;:0,&quot;335559738&quot;:0,&quot;335559739&quot;:0,&quot;335559740&quot;:259,&quot;335559991&quot;:0}\">\u00a0<\/span><\/p>\n<p><span style=\"color: #009999;\"><b>Plus d\u2019unit\u00e9<\/b><br \/>\n<\/span><span data-contrast=\"auto\">Pour pouvoir vivre de tels projets, l\u2019Eglise doit \u00eatre pens\u00e9e plus largement que localement. Ce n\u2019est d\u2019ailleurs pas une option, mais une n\u00e9cessit\u00e9 th\u00e9ologique. L\u2019Eglise \u00e0 <\/span><span data-contrast=\"auto\">laquelle<\/span><span data-contrast=\"auto\"> Paul a \u00e9crit <\/span><span data-contrast=\"auto\">l\u2019\u00e9pitre aux <\/span><span data-contrast=\"auto\">Romains n\u2019\u00e9tait pas une Eglise locale dans un lieu unique, mais l\u2019ensemble des chr\u00e9tiens de Rome. Il serait sage de ne pas oublier cette r\u00e9alit\u00e9 et <\/span><span data-contrast=\"auto\">ne pas <\/span><span data-contrast=\"auto\">nous prendre pour les seuls t\u00e9moins alors que Dieu poss\u00e8de un peuple nombreux dans l\u2019endroit o\u00f9 nous vivons. <\/span><\/p>\n<p><span data-contrast=\"auto\">D\u00e9velopper <\/span><span data-contrast=\"auto\">des projets collaboratifs (qu\u2019ils soient sociaux, \u00e9ducatifs, entrepreneuriaux, eccl\u00e9siaux\u2026) ne peut se faire que s\u2019il existe une unit\u00e9 ou un minimum de relations. <\/span><span data-contrast=\"auto\">Or, nous le cultivons et<\/span><span data-contrast=\"auto\"> le<\/span> <span data-contrast=\"auto\">d\u00e9veloppons tr\u00e8s peu. Pourtant, c\u2019est une n\u00e9cessit\u00e9, pour la gloire de Dieu.\u00a0<\/span><span data-ccp-props=\"{&quot;134245417&quot;:true,&quot;335551550&quot;:6,&quot;335551620&quot;:6,&quot;335559738&quot;:0,&quot;335559739&quot;:0}\">\u00a0<\/span><span data-contrast=\"auto\">C\u2019est aussi en r\u00e9alisant l\u2019opposition qui existe contre l\u2019Evangile que se r\u00e9alisera bien plus l&rsquo;unit\u00e9 de l&rsquo;\u00c9glise. Nous sommes <\/span><span data-contrast=\"auto\">peut-\u00eatre<\/span><span data-contrast=\"auto\"> parfois l\u00e9gers sur la mani\u00e8re dont nous souhaitons que l\u2019Evangile soit vu et entendu dans notre secteur. Une Eglise qui pr\u00eache le dimanche est un des moyens de t\u00e9moigner que Dieu utilise, mais une entreprise \u00e9thique, un centre d\u2019accueil, une \u00e9cole priv\u00e9e, sont autant d\u2019autres moyens de rayonner de l\u2019Evangile.\u00a0<\/span><span data-ccp-props=\"{&quot;134233117&quot;:false,&quot;134233118&quot;:false,&quot;134245417&quot;:true,&quot;201341983&quot;:0,&quot;335551550&quot;:6,&quot;335551620&quot;:6,&quot;335559685&quot;:0,&quot;335559737&quot;:0,&quot;335559738&quot;:0,&quot;335559739&quot;:0,&quot;335559740&quot;:259}\">\u00a0<\/span><\/p>\n<blockquote><p><span data-contrast=\"auto\">Mais vivre de tels d\u00e9veloppements implique une unit\u00e9 de l\u2019Eglise bien plus grande qu\u2019une pastorale r\u00e9gionale trimestrielle\u2026\u00a0<\/span><span data-ccp-props=\"{&quot;134245417&quot;:true,&quot;335551550&quot;:6,&quot;335551620&quot;:6,&quot;335559738&quot;:0,&quot;335559739&quot;:0}\">\u00a0<\/span><\/p><\/blockquote>\n<p><span data-contrast=\"auto\"><strong>L\u2019unit\u00e9 est un th\u00e8me central dans la d\u00e9claration de Lausanne,<\/strong> avec tout un article sur la coop\u00e9ration\u202f: \u00ab <strong>l&rsquo;\u00e9vang\u00e9lisation nous exhorte \u00e0 \u00eatre unis <\/strong>\u00bb. Notre message d&rsquo;amour et de paix sonnera toujours creux, sans amour et sans expressions incarn\u00e9es dans la soci\u00e9t\u00e9. C\u2019est \u00e0 notre amour que les gens reconnaissent la signature de Dieu. Et il serait utile qu\u2019ils la voient en d\u2019autres occasions que le dimanche matin ou le jeudi soir \u00e0 la r\u00e9union de pri\u00e8re, sans pour autant n\u00e9gliger ces moments cl\u00e9s de la vie eccl\u00e9siale. <\/span><span data-ccp-props=\"{&quot;134245417&quot;:true,&quot;335551550&quot;:6,&quot;335551620&quot;:6,&quot;335559738&quot;:0,&quot;335559739&quot;:0}\">\u00a0<\/span><\/p>\n<p><span data-contrast=\"auto\">\u00c9tant des gens passionn\u00e9s et convaincus, nous qui sommes \u00e9vang\u00e9liques, <strong>nous pouvons en m\u00eame temps \u00eatre farouchement individualistes et para\u00eetre pr\u00e9f\u00e9rer parfois la construction de notre propre empire plut\u00f4t que de permettre que notre travail soit absorb\u00e9, pour le bien commun, dans une entreprise plus importante<\/strong>. Il y a l\u00e0, me semble<\/span><span data-contrast=\"auto\">&#8211;<\/span><span data-contrast=\"auto\">t<\/span><span data-contrast=\"auto\">-il<\/span><span data-contrast=\"auto\"> une interpellation du mouvement de Lausanne \u00e0 entendre absolument. <\/span><\/p>\n<p><span data-contrast=\"auto\">Dans le Nouveau Testament, \u00e9vang\u00e9lisation et unit\u00e9 sont \u00e9troitement li\u00e9es. J\u00e9sus a pri\u00e9 pour que l&rsquo;unit\u00e9 de son peuple refl\u00e8te son unit\u00e9 avec le P\u00e8re et que le monde croie en lui. De m\u00eame, Paul exhorte les Philippiens \u00e0 \u00ab<\/span><span data-contrast=\"auto\">combattre d&rsquo;une m\u00eame \u00e2me pour la foi de l&rsquo;Evangile\u00bb. Chaque congr\u00e8s de Lausanne a d\u00e9velopp\u00e9 davantage la th\u00e9matique. <\/span><span data-ccp-props=\"{&quot;134245417&quot;:true,&quot;335551550&quot;:6,&quot;335551620&quot;:6,&quot;335559738&quot;:0,&quot;335559739&quot;:0}\">\u00a0<\/span><\/p>\n<p><span data-contrast=\"auto\">Il faut d\u2019ailleurs pr\u00e9ciser que l\u2019unit\u00e9 ne se restreint pas au bassin d\u2019Eglises locales que nous connaissons. Le troisi\u00e8me congr\u00e8s de Lausanne pour l\u2019\u00e9vang\u00e9lisation du monde eu lieu du 16 au 25 octobre 2010 au Cap, en Afrique du Sud. Ce choix ne fut pas li\u00e9 au hasard. Il t\u00e9moignait du fait que la communaut\u00e9 chr\u00e9tienne mondiale a connu un d\u00e9placement majeur de son \u00e9picentre qui se situe d\u00e9sormais non plus en Europe mais en Afrique, et plut\u00f4t sous l\u2019\u00e9quateur. Par ailleurs<\/span><span data-contrast=\"auto\">,<\/span><span data-contrast=\"auto\"> la lutte contre l\u2019apartheid en Afrique du Sud a \u00e9t\u00e9 particuli\u00e8rement marquante et t\u00e9moigne de la volont\u00e9 de l\u2019\u00c9glise de briser les barri\u00e8res ethniques au nom de l\u2019\u00c9vangile. L\u2019objectif \u00e9tait de relancer le d\u00e9fi de rendre t\u00e9moignage \u00e0 J\u00e9sus-Christ et \u00e0 tout son enseignement dans toutes les nations du monde, mais aussi dans toutes les sph\u00e8res de la soci\u00e9t\u00e9 ainsi que dans le monde des id\u00e9es.<strong> Avec Lausanne IV en Cor\u00e9e, le mouvement de Lausanne assume que l\u2019\u00c9glise est plus que jamais mondiale.\u00a0<\/strong><\/span><strong>\u00a0<\/strong><\/p>\n<p><span data-contrast=\"auto\">Se posent donc les questions de vivre la multiculturalit\u00e9 et m\u00eame l\u2019interculturalit\u00e9 au niveau local, mais aussi de l\u2019accueil des migrants. Nous connaissons des mouvements de population sans pre\u0301ce\u0301dent. La migration est l\u2019une des plus grandes r\u00e9alit\u00e9s mondiales de notre e\u0301poque. On estime a\u0300 200 millions les personnes qui vivent hors de leur pays d\u2019origine, volontairement ou involontairement. On parle aujourd\u2019hui de \u00ab diaspora \u00bb pour parler des peuples qui se sont install\u00e9s hors de leur pays de naissance pour une quelconque raison.<\/span><\/p>\n<p><span data-contrast=\"auto\"> La place de l\u2019Eglise dans les grandes villes et en particulier dans les tr\u00e8s grandes villes, mais aussi dans les campagnes doit \u00eatre repens\u00e9<\/span><span data-contrast=\"auto\">e<\/span><span data-contrast=\"auto\"> \u00e0 la lumi\u00e8re de ce nouveau paradigme, pour que l\u2019unit\u00e9 en Christ soit r\u00e9ellement v\u00e9cue\u202f! Nous avons, dans nos villes, des fr\u00e8res et s\u0153urs qui sont sans famille, apr\u00e8s avoir fui leur pays (<\/span><span data-contrast=\"auto\">quel que<\/span><span data-contrast=\"auto\"> soit le motif de cette fuite qui n\u2019est souvent pas un choix de facilit\u00e9). <\/span><\/p>\n<div class=\"\"><strong>Comment int\u00e9grer ces personnes, et le faire r\u00e9ellement ?<\/strong> La Bible nous contraint \u00e0 ne pas simplement proposer de \u00ab faire comme nous \u00bb, mais de r\u00e9ellement vivre l\u2019Eglise ensemble. Nous ne pensons pas \u00e0 cet aspect de l\u2019int\u00e9gration, car souvent nous n\u2019avons pas \u00e0 le faire, nous faisons simplement comme d\u2019habitude, et nous ne r\u00e9alisons pas tous les marqueurs culturels que nous avons dans nos cultes.<\/div>\n<div class=\"\">Chercher \u00e0 vivre selon les valeurs de l\u2019Evangile, c\u2019est d\u2019abord r\u00e9aliser puis accepter que l\u2019Eglise est compos\u00e9e de couleurs culturelles vari\u00e9es. C\u2019est d\u2019ailleurs ce qui fait la beaut\u00e9 de l\u2019Eglise ! Ensuite, il s\u2019agit de penser la mise en place d\u2019une vraie possibilit\u00e9 de vivre la foi avec ces nuances. On peut penser \u00e0 des expressions musicales vari\u00e9es, des temps de pri\u00e8res communs autorisant l\u2019usage de la langue maternelle. Bref, permettre \u00e0 chacun de vivre avec sa propre sensibilit\u00e9, sans pour autant perdre de vue l\u2019unit\u00e9 de l\u2019ensemble. Il y a l\u00e0 un vrai d\u00e9fi pour l\u2019Eglise, car il faut tenir l\u2019individuel et le collectif, l\u2019interculturalit\u00e9 et l\u2019unit\u00e9.<\/div>\n<p>Aujourd\u2019hui, c\u2019est tr\u00e8s souvent un impens\u00e9 dans nos Eglises. Et pr\u00e9cis\u00e9ment, <strong>le mod\u00e8le biblique nous pousse \u00e0 la r\u00e9flexion sur ce que veut dire \u00ab \u00eatre r\u00e9ellement Eglise ensemble \u00bb<\/strong>, dans une perspective o\u00f9 lors de l\u2019\u00e9ternit\u00e9, toutes les cultures seront assembl\u00e9es, avec leurs colorations pour honorer le roi des rois. Comment l\u2018anticiper et commencer \u00e0 la vivre dans le ici et maintenant ?<\/p>\n<p><span data-contrast=\"auto\">De m\u00eame, il nous faut <strong>penser la mission en terme<\/strong><\/span><strong>s<\/strong><span data-contrast=\"auto\"><strong> de partenariats<\/strong> (et non plus en mode top-down, mais bien <\/span><span data-contrast=\"auto\">en <\/span><span data-contrast=\"auto\">r\u00e9els partenariats). Comment d\u00e9velopper les rapports avec les Malgaches et les Tchadiens de qui les CAEF sont si proches, comment recevoir et \u00eatre b\u00e9nis par ces fr\u00e8res et s\u0153urs dont les mod\u00e8les eccl\u00e9siaux ont tant de richesses\u202f! Comment nous laisser interpeller par eux qui peuvent nous aider \u00e0 revisiter notre culture pour mieux coller \u00e0 l\u2019Evangile\u202f? <\/span><\/p>\n<blockquote><p><span data-contrast=\"auto\">Notre unit\u00e9 mondiale, c\u2019est \u00e0 la fois un d\u00e9fi et une chance immense, <\/span><\/p><\/blockquote>\n<p style=\"text-align: left;\"><span data-contrast=\"auto\">car l\u2019\u00c9glise est \u00e0 la fois une et diverse, <\/span><span data-contrast=\"auto\">et chacun cherche \u00e0 contextualiser l\u2019\u00c9vangile dans sa r\u00e9alit\u00e9 locale. <\/span><span data-ccp-props=\"{&quot;134245417&quot;:true,&quot;335551550&quot;:6,&quot;335551620&quot;:6,&quot;335559738&quot;:0,&quot;335559739&quot;:0}\">\u00a0<\/span><\/p>\n<p><span data-contrast=\"auto\">Et \u00e0 nouveau, le dialogue entre Eglise<\/span><span data-contrast=\"auto\">s<\/span><span data-contrast=\"auto\">, lors de pastorales devrait \u00eatre privil\u00e9gi\u00e9. Pas tant pour un \u00e9change de nouvelles interminable<\/span><span data-contrast=\"auto\">s<\/span><span data-contrast=\"auto\"> et un concours de qui a fait le plus de bapt\u00eames cette ann\u00e9e, mais pour se mettre ensemble \u00e0 r\u00e9fl\u00e9chir et \u00e0 prier pour des th\u00e9matiques pr\u00e9cises. Anciens, responsables d\u2019activit\u00e9s, membres impliqu\u00e9s pourraient y trouver leur place. L\u00e0 encore, Lausanne donne un exemple de collaboration significative, o\u00f9 les uns et les autres peuvent partager de bonnes id\u00e9es et avancer dans leurs pratiques. <\/span><span data-ccp-props=\"{&quot;134245417&quot;:true,&quot;335551550&quot;:6,&quot;335551620&quot;:6,&quot;335559738&quot;:0,&quot;335559739&quot;:0}\">\u00a0<\/span><\/p>\n<p><span style=\"color: #009999;\"><b>Marcher dans la <\/b><b>simplicit\u00e9 <\/b><b>en rejetant l\u2019<\/b><b>idol\u00e2trie<\/b><b> du \u00ab\u00a0toujours plus\u00a0\u00bb<\/b>\u00a0<\/span><\/p>\n<p>L\u2019e\u0301vangile de la prospe\u0301rite\u0301<span data-contrast=\"auto\"> soule\u0300ve de grandes pre\u0301occupations pour l\u2019Eglise mondiale. Cet \u00e9vangile frelat\u00e9 affirme que les croyants ont droit aux be\u0301ne\u0301dictions que sont la sante\u0301 et la richesse, et qu\u2019ils peuvent obtenir ces be\u0301ne\u0301dictions gra\u0302ce a\u0300 une confession de foi positive et a\u0300 la<\/span> <span data-contrast=\"auto\">\u00abloi de la semence\u00bb en argent et en biens mate\u0301riels. L\u2019enseignement de la <\/span><span data-contrast=\"auto\">prosp\u00e9rit\u00e9<\/span><span data-contrast=\"auto\">\u0301 est un phe\u0301nome\u0300ne qui d\u00e9passe de nombreuses de\u0301nominations sur tous les continents et d\u00e9forme l\u2019Evangile de gr\u00e2ce en utilisant des mots proches mais dont le sens a \u00e9t\u00e9 transform\u00e9 et vici\u00e9.\u00a0<\/span><span data-ccp-props=\"{&quot;134245417&quot;:true,&quot;335551550&quot;:6,&quot;335551620&quot;:6,&quot;335559738&quot;:0,&quot;335559739&quot;:0}\">\u00a0<\/span><\/p>\n<p><span data-contrast=\"auto\">Or, cet attrait du mat\u00e9riel prend d\u2019autres formes dans nos milieux, avec une qu\u00eate de la performance plus que celle de la fid\u00e9lit\u00e9 \u00e0 Dieu. Je note que <strong>la performance tend \u00e0 nous replier sur nous-m\u00eames, l\u00e0 o\u00f9 la fid\u00e9lit\u00e9 au projet de Dieu nous oblige \u00e0 ouvrir nos horizons et \u00e0 inventer de nouvelles collaborations \u00e0 l\u2019\u00e9chelle de bassins d\u2019Eglises et au-del\u00e0.\u00a0<\/strong><\/span><strong>\u00a0<\/strong><\/p>\n<p><span data-contrast=\"auto\">L\u2019unite\u0301 <\/span><span data-contrast=\"auto\">chr\u00e9tienne<\/span><span data-contrast=\"auto\"> est la cre\u0301ation de Dieu, sur la base de notre <\/span><span data-contrast=\"auto\">r\u00e9conciliation<\/span><span data-contrast=\"auto\"> avec Dieu <\/span><span data-contrast=\"auto\">en Christ, elle nous pousse n\u00e9cessairement \u00e0 vivre l\u2019Evangile les uns avec les autres. Cette double re\u0301conciliation a e\u0301te\u0301 accomplie par la croix. Quand nous vivons dans l\u2019unite\u0301 et travaillons en partenariat, nous mettons en e\u0301vidence la puissance surnaturelle et contre -culturelle de la croix. Le mouvement de Lausanne a en particulier mis l\u2019accent sur deux \u00e9l\u00e9ments clefs\u202f: <\/span><span data-ccp-props=\"{&quot;134245417&quot;:true,&quot;335551550&quot;:6,&quot;335551620&quot;:6,&quot;335559738&quot;:0,&quot;335559739&quot;:0}\">\u00a0<\/span><\/p>\n<ul>\n<li data-leveltext=\"\uf0b7\" data-font=\"Symbol\" data-listid=\"1\" data-list-defn-props=\"{&quot;335552541&quot;:1,&quot;335559684&quot;:-2,&quot;335559685&quot;:720,&quot;335559991&quot;:360,&quot;469769226&quot;:&quot;Symbol&quot;,&quot;469769242&quot;:[8226],&quot;469777803&quot;:&quot;left&quot;,&quot;469777804&quot;:&quot;\uf0b7&quot;}\" aria-setsize=\"-1\" data-aria-posinset=\"1\" data-aria-level=\"1\"><span data-contrast=\"auto\">Le besoin d\u2019une vie radicale de disciples obe\u0301issants, conduisant a\u0300 la maturite\u0301, en vue d\u2019une croissance tant en profondeur qu\u2019en nombre\u00a0<\/span><span data-ccp-props=\"{&quot;134245417&quot;:true,&quot;335551550&quot;:6,&quot;335551620&quot;:6,&quot;335559738&quot;:0,&quot;335559739&quot;:0}\">\u00a0<\/span><\/li>\n<li data-leveltext=\"\uf0b7\" data-font=\"Symbol\" data-listid=\"1\" data-list-defn-props=\"{&quot;335552541&quot;:1,&quot;335559684&quot;:-2,&quot;335559685&quot;:720,&quot;335559991&quot;:360,&quot;469769226&quot;:&quot;Symbol&quot;,&quot;469769242&quot;:[8226],&quot;469777803&quot;:&quot;left&quot;,&quot;469777804&quot;:&quot;\uf0b7&quot;}\" aria-setsize=\"-1\" data-aria-posinset=\"2\" data-aria-level=\"1\"><span data-contrast=\"auto\">le besoin d\u2019une <\/span><span data-contrast=\"auto\">r\u00e9conciliation<\/span><span data-contrast=\"auto\"> radicale <\/span><span data-contrast=\"auto\">centr\u00e9e<\/span><span data-contrast=\"auto\"> sur la croix, conduisant a\u0300 l\u2019<\/span><span data-contrast=\"auto\">unit\u00e9<\/span><span data-contrast=\"auto\">, en vue d\u2019une croissance tant dans l\u2019amour que dans la foi et l\u2019espe\u0301rance.\u00a0<\/span><span data-ccp-props=\"{&quot;134245417&quot;:true,&quot;335551550&quot;:6,&quot;335551620&quot;:6,&quot;335559738&quot;:0,&quot;335559739&quot;:0}\">\u00a0<\/span><\/li>\n<\/ul>\n<p><span data-contrast=\"auto\">Mais pour le vivre, nous avons besoin d\u2019<strong>\u00eatre r\u00e9form\u00e9s par le Seigneur lui-m\u00eame, vivifi\u00e9s par l\u2019action de son Esprit en nous, dans une proximit\u00e9 renouvel\u00e9e avec le P\u00e8re.<\/strong> Individuellement, en \u00c9glise locale, en pastorale et en tant qu\u2019Eglise mondiale, nous avons besoin d\u2019\u00eatre requestionn\u00e9s par Dieu. C\u2019est Lui qui nous met en mouvement, et la r\u00e9flexion th\u00e9ologique est un v\u00e9ritable aiguillon qui nous oblige \u00e0 nous d\u00e9placer et \u00e0 revisiter nos mod\u00e8les. Notre temps \u00e0 l\u2019\u00e9coute de Dieu va n\u00e9cessairement nous pousser \u00e0 prendre d\u2019autres chemins pour la seule gloire de Dieu. \u00ab\u202f<em>L\u2019\u00c9glise est sens\u00e9e \u00eatre en \u00e9bullition, et sans cette \u00e9bullition, il ne peut y avoir de mission vers l\u2019ext\u00e9rieur<sup>\u202f<\/sup><\/em><\/span><em><sup>3<\/sup><\/em><span data-contrast=\"auto\">\u00bb.\u00a0<\/span><span data-ccp-props=\"{&quot;134233117&quot;:false,&quot;134233118&quot;:false,&quot;134245417&quot;:true,&quot;201341983&quot;:0,&quot;335551550&quot;:6,&quot;335551620&quot;:6,&quot;335559685&quot;:0,&quot;335559737&quot;:0,&quot;335559738&quot;:0,&quot;335559739&quot;:0,&quot;335559740&quot;:259,&quot;335559991&quot;:0}\">\u00a0<\/span><\/p>\n<p><span data-contrast=\"auto\">L\u2019\u00c9vangile est en cela simple qu\u2019il ne s\u2019agit pas de suivre des protocoles ou des m\u00e9thodes bien travaill\u00e9es, mais \u00e0 vivre une relation authentique avec Dieu en cherchant \u00e0 vivre fid\u00e8lement un Evangile qui est assez radical quant \u00e0 ses implications concr\u00e8tes. <\/span><\/p>\n<blockquote><p><span data-contrast=\"auto\">Or, nous sommes plus \u00e0 l\u2019aise dans nos mod\u00e8les postmodernes individualistes o\u00f9 nous pouvons \u00eatre et faire ce que nous voulons chacun de notre c\u00f4t\u00e9\u2026 <\/span><span data-contrast=\"auto\">Mais <\/span><span data-contrast=\"auto\">est-ce<\/span><span data-contrast=\"auto\"> encore l\u2019\u00c9vangile\u202f? <\/span><\/p><\/blockquote>\n<p><span data-contrast=\"auto\">L\u2019Evangile postmoderne, dont la prosp\u00e9rit\u00e9 n\u2019est qu\u2019une facette vici\u00e9e, porte aussi les germes de l\u2019individualisme recroquevill\u00e9 sur lui, de la performance personnelle qui tire la gloire de Dieu sur son propre succ\u00e8s et le m\u00e9pris de celui ou celle qui ne nous ressemble pas\u2026 et qui pourtant est aim\u00e9 par le crucifi\u00e9 ressuscit\u00e9 !<\/span><\/p>\n<p><span data-contrast=\"auto\">Dit autrement, <strong>la relation \u00e0 Dieu prime sur la mission qu\u2019il nous confie<\/strong>, car on ne saurait porter du fruit sans \u00eatre attach\u00e9 \u00e0 <\/span><span data-contrast=\"auto\">C<\/span><span data-contrast=\"auto\">elui qui est la Vie. Avant d\u2019\u00eatre missionnaires, nous sommes des amis de J\u00e9sus, et parce que nous sommes ses amis, nous l\u2019\u00e9coutons,\u00a0 nous parlons de lui et nous sommes transform\u00e9s par le fait d\u2019\u00eatre en sa pr\u00e9sence. Cette transformation est porteuse de vie autour de nous. <\/span><span data-ccp-props=\"{&quot;134245417&quot;:true,&quot;335551550&quot;:6,&quot;335551620&quot;:6,&quot;335559738&quot;:0,&quot;335559739&quot;:0}\">\u00a0<\/span><\/p>\n<p><strong>\u00a0Matthieu Gangloff<\/strong><\/p>\n<p><sup><span data-contrast=\"auto\">1]<\/span><\/sup><span style=\"font-size: 10pt;\"> Les E\u0301glises divergent sur les conciles reconnus. L&rsquo;E\u0301glise catholique comptabilise vingt et un conciles \u0153cum\u00e9niques. L&rsquo;E\u0301glise orthodoxe ne retient que les huit premiers conciles qui sont avant la s\u00e9paration de l&rsquo;E\u0301glise d&rsquo;Orient et d&rsquo;Occident en 1054. Les E\u0301glises protestantes et l&rsquo;E\u0301glise anglicane ne reconnaissent que les quatre premiers conciles.\u00a0<\/span><\/p>\n<p><sup><span data-contrast=\"auto\">2]<\/span><\/sup><span style=\"font-size: 10pt;\"> Le mouvement de Lausanne a toujours affirm\u00e9 que l&rsquo;\u00e9vang\u00e9lisation est premi\u00e8re parce que la pr\u00e9occupation majeure est que tous aient l&rsquo;occasion d&rsquo;accepter J\u00e9sus-Christ comme Seigneur et Sauveur. En m\u00eame temps, nous devons suivre l\u2019exemple du ma\u00eetre, et J\u00e9sus lui- m\u00eame ne s&rsquo;est pas content\u00e9 de proclamer le Royaume de Dieu, il en a manifest\u00e9 concr\u00e8tement l&rsquo;instauration par ses \u0153uvres de mis\u00e9ricorde et de puissance.\u00a0<\/span><\/p>\n<p><span style=\"font-size: 10pt;\" data-contrast=\"auto\"><sup>3]<\/sup> Nicolas Farelly \u00ab la mission par d\u00e9bordement \u00bb, dans <i>Les cahiers de l\u2019\u00e9cole pastorale<\/i>\u00a0\u00a0<\/span><span style=\"font-size: 10pt;\">n\u00b0127, 2023, p.72.\u00a0<\/span><\/p>\n","protected":false},"excerpt":{"rendered":"<p>Eglise et Evang\u00e9lisation Mises en perspectives avant le Congr\u00e8s de Lausanne IV, en Cor\u00e9e du Sud. R\u00e9fl\u00e9chir en \u00c9glise Quand on parle d\u2019\u00e9vang\u00e9lisation, certains veulent de suite aborder les questions pratiques et surtout, surtout, ne pas perdre de temps en r\u00e9flexion. Le mouvement \u00e9vang\u00e9lique, qui s\u2019est construit en grande partie en r\u00e9action contre les milieux [&hellip;]<\/p>\n","protected":false},"author":4,"featured_media":2032,"comment_status":"closed","ping_status":"closed","sticky":false,"template":"","format":"standard","meta":{"footnotes":""},"categories":[17,8],"tags":[],"class_list":["post-2026","post","type-post","status-publish","format-standard","has-post-thumbnail","hentry","category-a-la-une","category-refexions"],"_links":{"self":[{"href":"https:\/\/enews.caef.net\/index.php?rest_route=\/wp\/v2\/posts\/2026","targetHints":{"allow":["GET"]}}],"collection":[{"href":"https:\/\/enews.caef.net\/index.php?rest_route=\/wp\/v2\/posts"}],"about":[{"href":"https:\/\/enews.caef.net\/index.php?rest_route=\/wp\/v2\/types\/post"}],"author":[{"embeddable":true,"href":"https:\/\/enews.caef.net\/index.php?rest_route=\/wp\/v2\/users\/4"}],"replies":[{"embeddable":true,"href":"https:\/\/enews.caef.net\/index.php?rest_route=%2Fwp%2Fv2%2Fcomments&post=2026"}],"version-history":[{"count":20,"href":"https:\/\/enews.caef.net\/index.php?rest_route=\/wp\/v2\/posts\/2026\/revisions"}],"predecessor-version":[{"id":2128,"href":"https:\/\/enews.caef.net\/index.php?rest_route=\/wp\/v2\/posts\/2026\/revisions\/2128"}],"wp:featuredmedia":[{"embeddable":true,"href":"https:\/\/enews.caef.net\/index.php?rest_route=\/wp\/v2\/media\/2032"}],"wp:attachment":[{"href":"https:\/\/enews.caef.net\/index.php?rest_route=%2Fwp%2Fv2%2Fmedia&parent=2026"}],"wp:term":[{"taxonomy":"category","embeddable":true,"href":"https:\/\/enews.caef.net\/index.php?rest_route=%2Fwp%2Fv2%2Fcategories&post=2026"},{"taxonomy":"post_tag","embeddable":true,"href":"https:\/\/enews.caef.net\/index.php?rest_route=%2Fwp%2Fv2%2Ftags&post=2026"}],"curies":[{"name":"wp","href":"https:\/\/api.w.org\/{rel}","templated":true}]}}