{"id":1928,"date":"2023-07-07T10:39:49","date_gmt":"2023-07-07T08:39:49","guid":{"rendered":"https:\/\/enews.caef.net\/?p=1928"},"modified":"2023-07-10T13:52:04","modified_gmt":"2023-07-10T11:52:04","slug":"situation-dabus-conclusion-denquete","status":"publish","type":"post","link":"https:\/\/enews.caef.net\/?p=1928","title":{"rendered":"Situation d&rsquo;abus &#8211; conclusion d&rsquo;enqu\u00eate"},"content":{"rendered":"<p>Dans notre r\u00e9cent article \u00ab\u00a0<a href=\"https:\/\/enews.caef.net\/?p=1721\" target=\"_blank\" rel=\"noopener\">En cas d&rsquo;abus dans l&rsquo;\u00e9glise locale<\/a>\u00a0\u00bb (Com&rsquo;Union de Mai 2023), nous \u00e9voquions le cas Guillaume Bourin. La commission d&rsquo;enqu\u00eate a rendu, le 30 juin dernier, ses conclusions, lesquelles ont donn\u00e9 lieu \u00e0 un communiqu\u00e9 de la part de l&rsquo;Action Biblique, <a href=\"https:\/\/actionbiblique.fr\/docs\/Conclusion-Enquete%20ABF-GB.pdf\">communiqu\u00e9 que nous souhaitons \u00e9galement porter \u00e0 votre connaissance<\/a>.<\/p>\n<p>Avec le r\u00e9seau FEF et sur la base du communiqu\u00e9 de son Pr\u00e9sident, Etienne Grosrenaud, nous souhaitons dire, d&rsquo;abord que les courriers et communiqu\u00e9s pr\u00e9c\u00e9dents ont permis \u00e0 plusieurs autres victimes de t\u00e9moigner et d\u2019\u00eatre entendues, mais aussi relever les points suivants :<\/p>\n<ul>\n<li>la commission d&rsquo;enqu\u00eate reconna\u00eet avoir commenc\u00e9 son travail avec beaucoup de doutes devant les t\u00e9moignages et devant les pasteurs qui ont lanc\u00e9 l\u2019alerte : l\u2019Action Biblique demande pardon pour cela,<\/li>\n<li>la commission reconnait la fiabilit\u00e9 des t\u00e9moignages et la gravit\u00e9 des faits, et en arrive \u00e0 la conclusion suivante : \u201c<em>Le dramatique constat auquel nous sommes parvenus, <\/em><em>nous am\u00e8ne \u00e0 consid\u00e9rer que Guillaume n\u2019\u00e9tait pas apte au minist\u00e8re, car il n\u2019\u00e9tait pas dans la situation morale requise (selon 1Tm 3 et Tt 1). Nous concluons qu\u2019il est d\u00e9sormais disqualifi\u00e9 pour tout minist\u00e8re (eccl\u00e9sial ou num\u00e9rique).<\/em>\u201d<\/li>\n<\/ul>\n<p>Enfin, comme le mentionne le communiqu\u00e9 du r\u00e9seau FEF, nous voulons redire :<br \/>\n&#8211; notre soutien aux victimes et nos pri\u00e8res,<br \/>\n&#8211; notre soutien aux pasteurs qui ont alert\u00e9 pour l\u2019honneur de l\u2019\u00c9vangile et pour la protection des victimes,<br \/>\n&#8211; nos pri\u00e8res pour Guillaume Bourin et toute la famille,<br \/>\n&#8211; notre confiance dans la justice pour les faits qui la concernent et dont certains remontent \u00e0 plus de 10 ans.<\/p>\n<p>Nous r\u00e9affirmons ici notre volont\u00e9 de pers\u00e9v\u00e9rer dans une lutte constante contre les abus en partenariat avec le CNEF et la cellule \u201cStop-Abus\u201d.<br \/>\nQue notre Dieu continue \u00e0 nous \u00e9clairer par sa lumi\u00e8re et \u00e0 nous transformer par son Esprit !<\/p>\n<p><strong>La Commission de Service et de R\u00e9f\u00e9rence des CAEF<\/strong><\/p>\n","protected":false},"excerpt":{"rendered":"<p>Dans notre r\u00e9cent article \u00ab\u00a0En cas d&rsquo;abus dans l&rsquo;\u00e9glise locale\u00a0\u00bb (Com&rsquo;Union de Mai 2023), nous \u00e9voquions le cas Guillaume Bourin. La commission d&rsquo;enqu\u00eate a rendu, le 30 juin dernier, ses conclusions, lesquelles ont donn\u00e9 lieu \u00e0 un communiqu\u00e9 de la part de l&rsquo;Action Biblique, communiqu\u00e9 que nous souhaitons \u00e9galement porter \u00e0 votre connaissance. Avec le [&hellip;]<\/p>\n","protected":false},"author":4,"featured_media":0,"comment_status":"closed","ping_status":"closed","sticky":false,"template":"","format":"standard","meta":{"footnotes":""},"categories":[1],"tags":[194,42,195],"class_list":["post-1928","post","type-post","status-publish","format-standard","hentry","category-non-classe","tag-abus","tag-eglise","tag-enquete"],"_links":{"self":[{"href":"https:\/\/enews.caef.net\/index.php?rest_route=\/wp\/v2\/posts\/1928","targetHints":{"allow":["GET"]}}],"collection":[{"href":"https:\/\/enews.caef.net\/index.php?rest_route=\/wp\/v2\/posts"}],"about":[{"href":"https:\/\/enews.caef.net\/index.php?rest_route=\/wp\/v2\/types\/post"}],"author":[{"embeddable":true,"href":"https:\/\/enews.caef.net\/index.php?rest_route=\/wp\/v2\/users\/4"}],"replies":[{"embeddable":true,"href":"https:\/\/enews.caef.net\/index.php?rest_route=%2Fwp%2Fv2%2Fcomments&post=1928"}],"version-history":[{"count":13,"href":"https:\/\/enews.caef.net\/index.php?rest_route=\/wp\/v2\/posts\/1928\/revisions"}],"predecessor-version":[{"id":1956,"href":"https:\/\/enews.caef.net\/index.php?rest_route=\/wp\/v2\/posts\/1928\/revisions\/1956"}],"wp:attachment":[{"href":"https:\/\/enews.caef.net\/index.php?rest_route=%2Fwp%2Fv2%2Fmedia&parent=1928"}],"wp:term":[{"taxonomy":"category","embeddable":true,"href":"https:\/\/enews.caef.net\/index.php?rest_route=%2Fwp%2Fv2%2Fcategories&post=1928"},{"taxonomy":"post_tag","embeddable":true,"href":"https:\/\/enews.caef.net\/index.php?rest_route=%2Fwp%2Fv2%2Ftags&post=1928"}],"curies":[{"name":"wp","href":"https:\/\/api.w.org\/{rel}","templated":true}]}}