{"id":1895,"date":"2023-07-06T14:55:43","date_gmt":"2023-07-06T12:55:43","guid":{"rendered":"https:\/\/enews.caef.net\/?p=1895"},"modified":"2023-07-11T09:08:05","modified_gmt":"2023-07-11T07:08:05","slug":"20-ans-de-collaboration-a-madagascar","status":"publish","type":"post","link":"https:\/\/enews.caef.net\/?p=1895","title":{"rendered":"20 ans de collaboration \u00e0 Madagascar !"},"content":{"rendered":"<p><strong>Nous f\u00eaterons bient\u00f4t les 20 ans de collaboration avec les Communaut\u00e9s \u00c9vang\u00e9liques Ind\u00e9pendantes de Madagascar\u202f ! \u00a0<\/strong><\/p>\n<p><span style=\"color: #96bd0d;\"><strong>Un peu d&rsquo;histoire<\/strong><\/span><\/p>\n<p><span data-contrast=\"auto\">D\u00e8s l\u2019origine de la cr\u00e9ation des CEIM en 1989, des liens entre nos \u00e9glises de fr\u00e8res existaient via le contact et le travail des couples Tabailloux et Abbruzzese, alors install\u00e9s \u00e0 la R\u00e9union. <\/span><span data-ccp-props=\"{&quot;335551550&quot;:6,&quot;335551620&quot;:6}\"><br \/>\n<\/span><span data-contrast=\"auto\">Cependant, c\u2019est dans les ann\u00e9es 2004-2005 que des \u00e9changes et une volont\u00e9 de collaborer au niveau des deux unions d\u2019\u00e9glises ont r\u00e9ellement d\u00e9but\u00e9, notamment par des voyages sur place de plusieurs membres de nos \u00e9glises CAEF. Colin Crow (membre actuel du P\u00f4le Mission) et Fran\u00e7ois-Jean Martin ont \u00e9t\u00e9 particuli\u00e8rement moteurs, de mani\u00e8re compl\u00e9mentaire, dans l\u2019\u00e9tablissement et le d\u00e9veloppement de ce partenariat international.<\/span><span data-ccp-props=\"{&quot;335551550&quot;:6,&quot;335551620&quot;:6}\">\u00a0<\/span><\/p>\n<p><span data-contrast=\"auto\">Nous souhaitons continuer \u00e0 d\u00e9velopper nos liens avec ces \u00e9glises s\u0153urs, qui sont aujourd\u2019hui plus de 130 assembl\u00e9es r\u00e9parties dans tout Madagascar. C\u2019est une volont\u00e9 r\u00e9ciproque qui a \u00e9t\u00e9 r\u00e9it\u00e9r\u00e9e par leur nouveau conseil \u00e9tabli cette ann\u00e9e.<\/span><span data-ccp-props=\"{&quot;335551550&quot;:6,&quot;335551620&quot;:6}\">\u00a0<\/span><\/p>\n<p><span style=\"color: #96bd0d;\"><strong>Le partenariat <\/strong><\/span><\/p>\n<p><span data-contrast=\"auto\">Actuellement, nous sommes engag\u00e9s aupr\u00e8s des CEIM au niveau cultuel et culturel.<\/span><\/p>\n<p><span data-contrast=\"auto\"><strong>Au niveau cultuel,<\/strong> par le soutien d\u2019\u00e9coles bibliques et de pasteurs locaux\u202f:<\/span><span data-ccp-props=\"{&quot;335551550&quot;:6,&quot;335551620&quot;:6}\">\u00a0<\/span><\/p>\n<ul>\n<li style=\"list-style-type: none;\">\n<ul>\n<li><span data-contrast=\"auto\"><span style=\"color: #96bd0d;\"><em> <img loading=\"lazy\" decoding=\"async\" class=\"size-thumbnail wp-image-1961 alignright\" src=\"http:\/\/enews.caef.net\/wp-content\/uploads\/2023\/07\/CEFOI2-1-150x150.jpg\" alt=\"\" width=\"150\" height=\"150\" srcset=\"https:\/\/enews.caef.net\/wp-content\/uploads\/2023\/07\/CEFOI2-1-150x150.jpg 150w, https:\/\/enews.caef.net\/wp-content\/uploads\/2023\/07\/CEFOI2-1-238x238.jpg 238w, https:\/\/enews.caef.net\/wp-content\/uploads\/2023\/07\/CEFOI2-1-100x100.jpg 100w\" sizes=\"auto, (max-width: 150px) 100vw, 150px\" \/>Le CEFOI<\/em> <\/span>\u2014 <\/span>proche de la capitale Antananarivo, ce centre de formation biblique accueille une trentaine d\u2019\u00e9tudiants. Il a pour objectif d\u2019\u00e9quiper et former des serviteurs et des responsables d\u2019\u00e9glise ainsi que des futurs pasteurs dans le pays. Plusieurs membres des CAEF ont d\u00e9j\u00e0 eu l\u2019occasion d\u2019aller y enseigner, dans diff\u00e9rents\u202fcadres.<\/li>\n<li><span style=\"color: #96bd0d;\"><em>L\u2019\u00e9cole de disciples \u00e0 Tul\u00e9ar<\/em><\/span> \u2014 situ\u00e9e dans le sud du pays, elle dispense une formation courte et organise des cours de recyclage pour les pasteurs.<\/li>\n<li><span style=\"color: #96bd0d;\"><em>Le soutien d\u2019une vingtaine de pasteurs<\/em> <\/span>\u2014 les \u00e9glises CEIM sont en pleine croissance et l\u2019envoi de pasteurs est essentiel pour \u00e9difier les membres des assembl\u00e9es dans tout le pays. Mais leur salaire est souvent bien maigre, c\u2019est pourquoi le P\u00f4le Mission s\u2019est engag\u00e9 \u00e0 soutenir certains minist\u00e8res.<\/li>\n<\/ul>\n<\/li>\n<\/ul>\n<p><span data-contrast=\"auto\"><span style=\"color: #000000;\"><strong>A travers notre association culturelle ASMAF<\/strong><\/span> (Association de Solidarit\u00e9 des Missions Afrique-France), nous soutenons \u00e9galement les \u0153uvres humanitaires et sociales des CEIM\u202f:<\/span><span data-ccp-props=\"{&quot;335551550&quot;:6,&quot;335551620&quot;:6}\">\u00a0<\/span><\/p>\n<ul>\n<li style=\"list-style-type: none;\">\n<ul>\n<li style=\"list-style-type: none;\">\n<ul>\n<li><span data-contrast=\"auto\"><span style=\"color: #96bd0d;\"><em> La MEIM (association culturelle des CEIM)<\/em> <\/span>\u2014 un soutien ponctuel pour les urgences humanitaires. Par exemple, une participation pour l\u2019aide apport\u00e9e aux sinistr\u00e9s suite au passage d\u2019un cyclone tr\u00e8s d\u00e9vastateur.<\/span><\/li>\n<li><span style=\"color: #96bd0d;\"><em>L\u2019orphelinat Tanjona\u202f<\/em><\/span>\u2014 proche de la capitale et dirig\u00e9 par le couple <img loading=\"lazy\" decoding=\"async\" class=\"alignleft size-thumbnail wp-image-1902\" src=\"http:\/\/enews.caef.net\/wp-content\/uploads\/2023\/07\/Orphelinat-Tanjona.jpg\" alt=\"\" width=\"1\" height=\"1\" \/>pastoral de l\u2019\u00e9glise locale, il accueille actuellement 38 enfants. Beaucoup d\u2019entre eux sont des jumeaux, qui sont souvent abandonn\u00e9s car consid\u00e9r\u00e9s comme une mal\u00e9diction.<\/li>\n<li><em><span style=\"color: #96bd59;\"><span class=\"NormalTextRun SCXW207116544 BCX0\">L\u2019\u00e9<\/span><span class=\"NormalTextRun SCXW207116544 BCX0\">cole<\/span> <span class=\"NormalTextRun SpellingErrorV2Themed SCXW207116544 BCX0\">Akany<\/span><span class=\"NormalTextRun SCXW207116544 BCX0\"> Salama<\/span> <\/span><\/em>\u2014 situ\u00e9e juste \u00e0 c\u00f4t\u00e9 de l\u2019orphelinat, elle s\u2019est <img loading=\"lazy\" decoding=\"async\" class=\"alignleft size-thumbnail wp-image-1902\" src=\"http:\/\/enews.caef.net\/wp-content\/uploads\/2023\/07\/Orphelinat-Tanjona.jpg\" alt=\"\" width=\"1\" height=\"1\" \/>beaucoup d\u00e9velopp\u00e9e depuis sa cr\u00e9ation par un autre couple de l\u2019\u00e9glise. De la maternelle au coll\u00e8ge, pr\u00e8s de 300 enfants issus de familles tr\u00e8s pauvres y \u00e9tudient et sont nourris \u00e0 la cantine tous les midis<img loading=\"lazy\" decoding=\"async\" class=\"alignleft size-thumbnail wp-image-1902\" src=\"http:\/\/enews.caef.net\/wp-content\/uploads\/2023\/07\/Orphelinat-Tanjona.jpg\" alt=\"\" width=\"1\" height=\"1\" \/>.<\/li>\n<li><em><span style=\"color: #96bd0d;\">L\u2019orphelinat\u202fOlo Soa<\/span>\u202f<\/em>\u2014 dirig\u00e9 par un couple pastoral de l\u2019\u00e9glise CEIM de Tamatave (port de la capitale sur le littoral est).<\/li>\n<li><span style=\"color: #96bd0d;\"><em><img loading=\"lazy\" decoding=\"async\" class=\"size-thumbnail wp-image-1959 alignright\" src=\"http:\/\/enews.caef.net\/wp-content\/uploads\/2023\/07\/Cantine-1-150x150.jpg\" alt=\"\" width=\"150\" height=\"150\" srcset=\"https:\/\/enews.caef.net\/wp-content\/uploads\/2023\/07\/Cantine-1-150x150.jpg 150w, https:\/\/enews.caef.net\/wp-content\/uploads\/2023\/07\/Cantine-1-238x238.jpg 238w, https:\/\/enews.caef.net\/wp-content\/uploads\/2023\/07\/Cantine-1-100x100.jpg 100w\" sizes=\"auto, (max-width: 150px) 100vw, 150px\" \/>L\u2019\u00e9cole chr\u00e9tienne \u00e0 Andranomena<\/em><\/span> \u2014 une des 4 \u00e9coles cr\u00e9\u00e9es avec l\u2019aide des CEIM aux alentours de Tul\u00e9ar. Nous soutenons plus pr\u00e9cis\u00e9ment la cantine des enfants.<\/li>\n<\/ul>\n<\/li>\n<\/ul>\n<\/li>\n<\/ul>\n<p><span data-contrast=\"auto\">Au-del\u00e0 d\u2019une aide financi\u00e8re, <strong>notre soutien aux CEIM passe \u00e9galement par la pri\u00e8re.<\/strong> Entre autres, nous vous partageons r\u00e9guli\u00e8rement des sujets dans nos <a href=\"https:\/\/cutt.ly\/ywtkGZTM\">mails hebdomadaires de pri\u00e8re<\/a> et lors de sessions Zoom pour prier ensemble. Pour cela nous voulons continuer \u00e0 entretenir des \u00e9changes r\u00e9guliers avec nos fr\u00e8res et s\u0153urs malgaches.\u00a0<\/span><span data-ccp-props=\"{&quot;335551550&quot;:6,&quot;335551620&quot;:6}\">\u00a0<\/span><\/p>\n<p><span data-contrast=\"auto\">Nous nous r\u00e9jouissons du d\u00e9veloppement des \u00e9glises CEIM \u00e0 Madagascar et des \u0153uvres associ\u00e9es. Nous prions que le Seigneur continue de diriger ce partenariat afin qu\u2019il soit une b\u00e9n\u00e9diction pour nos deux unions d\u2019\u00e9glises.<\/span><\/p>\n<p>&nbsp;<\/p>\n<p><img loading=\"lazy\" decoding=\"async\" class=\"alignleft size-thumbnail wp-image-1908\" src=\"http:\/\/enews.caef.net\/wp-content\/uploads\/2023\/07\/Pasteur-1.jpg\" alt=\"\" width=\"1\" height=\"1\" \/> <img loading=\"lazy\" decoding=\"async\" class=\"alignleft size-thumbnail wp-image-1902\" src=\"http:\/\/enews.caef.net\/wp-content\/uploads\/2023\/07\/Orphelinat-Tanjona.jpg\" alt=\"\" width=\"1\" height=\"1\" \/> <img loading=\"lazy\" decoding=\"async\" class=\"alignleft size-thumbnail wp-image-1903\" src=\"http:\/\/enews.caef.net\/wp-content\/uploads\/2023\/07\/Ecole-Akany-Salama.jpg\" alt=\"L\u2019\u00e9cole Akany Salama\" width=\"1\" height=\"1\" \/><\/p>\n<p><a href=\"https:\/\/enews.caef.net\/?p=1559\"><span data-ccp-props=\"{&quot;335551550&quot;:6,&quot;335551620&quot;:6}\">Pour en savoir plus sur un autre partenariat : le Tchad<\/span><\/a><\/p>\n","protected":false},"excerpt":{"rendered":"<p>Nous f\u00eaterons bient\u00f4t les 20 ans de collaboration avec les Communaut\u00e9s \u00c9vang\u00e9liques Ind\u00e9pendantes de Madagascar\u202f ! \u00a0 Un peu d&rsquo;histoire D\u00e8s l\u2019origine de la cr\u00e9ation des CEIM en 1989, des liens entre nos \u00e9glises de fr\u00e8res existaient via le contact et le travail des couples Tabailloux et Abbruzzese, alors install\u00e9s \u00e0 la R\u00e9union. Cependant, c\u2019est [&hellip;]<\/p>\n","protected":false},"author":4,"featured_media":1909,"comment_status":"closed","ping_status":"closed","sticky":false,"template":"","format":"standard","meta":{"footnotes":""},"categories":[17,41],"tags":[85,46,49,185],"class_list":["post-1895","post","type-post","status-publish","format-standard","has-post-thumbnail","hentry","category-a-la-une","category-pole-mission","tag-asmaf","tag-madagascar","tag-mission","tag-partenariat"],"_links":{"self":[{"href":"https:\/\/enews.caef.net\/index.php?rest_route=\/wp\/v2\/posts\/1895","targetHints":{"allow":["GET"]}}],"collection":[{"href":"https:\/\/enews.caef.net\/index.php?rest_route=\/wp\/v2\/posts"}],"about":[{"href":"https:\/\/enews.caef.net\/index.php?rest_route=\/wp\/v2\/types\/post"}],"author":[{"embeddable":true,"href":"https:\/\/enews.caef.net\/index.php?rest_route=\/wp\/v2\/users\/4"}],"replies":[{"embeddable":true,"href":"https:\/\/enews.caef.net\/index.php?rest_route=%2Fwp%2Fv2%2Fcomments&post=1895"}],"version-history":[{"count":16,"href":"https:\/\/enews.caef.net\/index.php?rest_route=\/wp\/v2\/posts\/1895\/revisions"}],"predecessor-version":[{"id":1976,"href":"https:\/\/enews.caef.net\/index.php?rest_route=\/wp\/v2\/posts\/1895\/revisions\/1976"}],"wp:featuredmedia":[{"embeddable":true,"href":"https:\/\/enews.caef.net\/index.php?rest_route=\/wp\/v2\/media\/1909"}],"wp:attachment":[{"href":"https:\/\/enews.caef.net\/index.php?rest_route=%2Fwp%2Fv2%2Fmedia&parent=1895"}],"wp:term":[{"taxonomy":"category","embeddable":true,"href":"https:\/\/enews.caef.net\/index.php?rest_route=%2Fwp%2Fv2%2Fcategories&post=1895"},{"taxonomy":"post_tag","embeddable":true,"href":"https:\/\/enews.caef.net\/index.php?rest_route=%2Fwp%2Fv2%2Ftags&post=1895"}],"curies":[{"name":"wp","href":"https:\/\/api.w.org\/{rel}","templated":true}]}}