{"id":1618,"date":"2023-03-06T14:32:43","date_gmt":"2023-03-06T13:32:43","guid":{"rendered":"https:\/\/enews.caef.net\/?p=1618"},"modified":"2023-03-06T14:46:20","modified_gmt":"2023-03-06T13:46:20","slug":"prions-pour-les-envoyes-au-loin","status":"publish","type":"post","link":"https:\/\/enews.caef.net\/?p=1618","title":{"rendered":"Prions pour les envoy\u00e9s au loin\u00a0"},"content":{"rendered":"<p><span data-contrast=\"none\">Le P\u00f4le Mission CAEF propose depuis peu des <strong><span style=\"color: #96bd0d;\">rencontres de pri\u00e8re en ligne<\/span><\/strong> pour les envoy\u00e9s \u00e0 l\u2019\u00e9tranger, issus des \u00e9glises CAEF, et nos \u00e9glises partenaires tchadiennes et malgaches. <\/span><\/p>\n<p><span data-contrast=\"none\">Les premi\u00e8res rencontres en janvier ont \u00e9t\u00e9 appr\u00e9ci\u00e9es par les participants : <\/span><\/p>\n<ul>\n<li><span data-contrast=\"auto\">plusieurs nous ont rapport\u00e9 avoir \u00e9t\u00e9 encourag\u00e9s de se retrouver avec des chr\u00e9tiens d&rsquo;une dizaine d&rsquo;\u00e9glises diff\u00e9rentes,<\/span><\/li>\n<li><span data-contrast=\"auto\">ils ont trouv\u00e9 cela stimulant pour leur temps de pri\u00e8re personnelle pour la mission et le monde. <\/span><span data-ccp-props=\"{&quot;335551550&quot;:6,&quot;335551620&quot;:6}\">\u00a0<\/span><\/li>\n<\/ul>\n<p style=\"padding-left: 40px;\"><span data-contrast=\"auto\">\u00ab\u202f<em>J&rsquo;ai bien appr\u00e9ci\u00e9 la derni\u00e8re r\u00e9union zoom de pri\u00e8re. En effet, de telles rencontres m&rsquo;encouragent car elles permettent de conna\u00eetre d&rsquo;autres missionnaires, d&rsquo;avoir des nouvelles (ce qui est essentiel pour nourrir la pri\u00e8re d&rsquo;intercession !) et de profiter \u00e9galement de la pri\u00e8re des autres participants, ce qui est enrichissant.\u202f<\/em>\u00bb &#8211; <\/span>Annie<\/p>\n<p style=\"padding-left: 40px;\"><span data-contrast=\"auto\">\u00ab<em>\u202fJ&rsquo;ai appr\u00e9ci\u00e9 la rencontre Zoom de pri\u00e8re pour les envoy\u00e9s. J&rsquo;ai trouv\u00e9 le temps bien \u00e9quilibr\u00e9 entre les nouvelles\/informations et l&rsquo;intercession. Sympa\u202faussi d&rsquo;entendre en direct le t\u00e9moignage de quelques envoy\u00e9s.<\/em>\u202f\u00bb &#8211;\u00a0 <\/span>\u00a0Lalaina, \u00e9glise de Mantes-la-Ville<\/p>\n<p>&nbsp;<\/p>\n<h2><span style=\"color: #96bd0d;\"><b>Mais pourquoi prier pour le monde et les envoy\u00e9s au loin ?\u202f<\/b>\u00a0<\/span><\/h2>\n<ul>\n<li><strong>Vivre l\u2019\u00e9glise universelle et transculturelle<\/strong><\/li>\n<\/ul>\n<p><span data-contrast=\"auto\">Alors que notre tendance naturelle est de nous centrer sur nous-m\u00eame, avoir l\u2019habitude de prier pour ceux qui sont au loin nous aide \u00e0 \u00e9largir notre regard et \u00e0 r\u00e9ellement prier le Seigneur\u202f: \u00ab\u202fq<\/span><em>ue ton r\u00e8gne vienne, que ta volont\u00e9 soit faite sur la Terre comme au ciel\u202f<\/em><span data-contrast=\"auto\">\u00bb. <\/span><span data-ccp-props=\"{&quot;335551550&quot;:6,&quot;335551620&quot;:6}\">\u00a0<\/span><\/p>\n<p><span data-contrast=\"auto\">On se rend compte qu\u2019en priant, notre int\u00e9r\u00eat pour ce qui se passe au loin grandit, comme nous le partagent Annie\u202fet Lalaina qui ont l\u2019habitude de prier pour la mission : <\/span><span data-ccp-props=\"{&quot;335551550&quot;:6,&quot;335551620&quot;:6}\">\u00a0<\/span><\/p>\n<p style=\"padding-left: 40px;\"><span data-contrast=\"auto\">\u00ab\u202f<em>Pour certains missionnaires que je connais personnellement ou que le Seigneur m&rsquo;a mis sur le c\u0153ur, je prie tr\u00e8s souvent. Pour d&rsquo;autres, c&rsquo;est moins r\u00e9gulier mais de toute fa\u00e7on, tout ce qui touche \u00e0 la mission m&rsquo;int\u00e9resse car cela \u00e9largit ma vision de l&rsquo;\u0153uvre du Seigneur dans le monde.<\/em>\u202f\u00bb \u2014 <\/span><i><span data-contrast=\"auto\">Annie<\/span><\/i><span data-ccp-props=\"{&quot;335551550&quot;:6,&quot;335551620&quot;:6}\">\u00a0<\/span><\/p>\n<p style=\"padding-left: 40px;\"><span data-contrast=\"auto\">\u00ab\u202f<em>\u00c7a me permet de m&rsquo;informer\u202fsur ce qui se passe ailleurs en lisant les nouvelles des missionnaires.\u202f\u00c7a me permet de penser \u00e0 d&rsquo;autres personnes \u0153uvrant pour le Seigneur dans d&rsquo;autres contextes\/pays. \u00c7a ouvre mes sujets de pri\u00e8res. C&rsquo;est encourageant aussi de savoir que je suis en communion\u202favec eux et avec tous ceux qui interc\u00e8dent pour eux. \u00c7a m&rsquo;encourage d&rsquo;entendre que Dieu est \u00e0 l&rsquo;\u0153uvre dans le monde.<\/em>\u202f\u00bb \u2014 <\/span><i><span data-contrast=\"auto\">Lalaina, EEE Mantes-la-Ville<\/span><\/i><span data-ccp-props=\"{&quot;335551550&quot;:6,&quot;335551620&quot;:6}\">\u00a0<\/span><\/p>\n<p><span data-contrast=\"auto\">Prier pour les personnes au loin permet \u00e9galement de<strong> vivre, de fa\u00e7on concr\u00e8te, les liens qui nous unissent aux chr\u00e9tiens \u00e0 travers le monde<\/strong>. Notamment en priant pour une situation pr\u00e9cise, on devient vraiment pr\u00e9occup\u00e9 pour des personnes que nous aurions peu de chance de rencontrer et on se r\u00e9jouit r\u00e9ellement lors de l\u2019exaucement d\u2019une pri\u00e8re. Il est donc d\u2019autant plus int\u00e9ressant et encourageant de s\u2019investir dans la pri\u00e8re pour des personnes ou des sujets pr\u00e9cis, que de prier uniquement de fa\u00e7on g\u00e9n\u00e9rale pour \u00ab\u202fles missionnaires\u202f\u00bb, \u00ab\u202fles chr\u00e9tiens pers\u00e9cut\u00e9s\u202f\u00bb&#8230;<\/span><span data-ccp-props=\"{&quot;335551550&quot;:6,&quot;335551620&quot;:6}\">\u00a0<\/span><\/p>\n<p style=\"padding-left: 40px;\"><span data-contrast=\"auto\"><em>\u00ab\u202fL\u2019encouragement majeur que je trouve c\u2019est d\u2019une part la louange, la reconnaissance et la joie de voir que Dieu agit et dans Sa gr\u00e2ce r\u00e9pond a\u0300 nos pri\u00e8res. Et d\u2019autre part que ces \u00e9changes entre envoy\u00e9s et intercesseurs manifestent notre d\u00e9pendance a\u0300 Dieu et entre nous, favorisant et renfor\u00e7ant notre unit\u00e9 en Lui. Nous combattons et remportons des victoires ensemble !\u202f\u00bb\u202f<\/em>\u2014 <\/span><i><span data-contrast=\"auto\">\u00c9veline, envoy\u00e9e au Tchad<\/span><\/i><span data-ccp-props=\"{&quot;335551550&quot;:6,&quot;335551620&quot;:6}\">\u00a0<\/span><\/p>\n<ul>\n<li><strong> Participer \u00e0 l\u2019\u0153uvre missionnaire\u00a0<\/strong><\/li>\n<\/ul>\n<p><span data-ccp-props=\"{&quot;335551550&quot;:6,&quot;335551620&quot;:6}\">\u00a0<\/span><span data-contrast=\"auto\">Dans la Bible, Paul demande r\u00e9guli\u00e8rement aux chr\u00e9tiens et aux \u00e9glises de diff\u00e9rents pays de prier pour lui et son minist\u00e8re. Il le voit comme un \u00e9l\u00e9ment indispensable au progr\u00e8s de l\u2019\u00c9vangile. En effet, la pri\u00e8re n\u2019est pas une participation par d\u00e9faut \u00e0 la mission, faute de faire mieux, ni une fa\u00e7on de se d\u00e9culpabiliser de temps en temps de ne pas \u00eatre plus impliqu\u00e9. Il s\u2019agit d\u2019une participation active et indispensable \u00e0 l\u2019\u0153uvre missionnaire.\u00a0<\/span><span data-ccp-props=\"{&quot;335551550&quot;:6,&quot;335551620&quot;:6}\">\u00a0<\/span><\/p>\n<p><span data-ccp-props=\"{&quot;335551550&quot;:6,&quot;335551620&quot;:6}\">\u00a0<\/span><span data-contrast=\"auto\">C\u2019est pourquoi Lalaina a eu \u00e0 c\u0153ur de prier r\u00e9guli\u00e8rement pour les envoy\u00e9s au loin. Elle t\u00e9moigne qu\u2019elle a \u00e9t\u00e9 sensibilis\u00e9e notamment par des visites dans son \u00e9glise de missionnaires, dont la premi\u00e8re demande \u00e9tait la pri\u00e8re.\u00a0<\/span><span data-ccp-props=\"{&quot;335551550&quot;:6,&quot;335551620&quot;:6}\">\u00a0<\/span><\/p>\n<p><span data-contrast=\"auto\">Olivier et Siegrid, envoy\u00e9s en Espagne nous partagent\u202f: \u00ab<em>\u202fPlus d&rsquo;une fois nous avons eu l&rsquo;exp\u00e9rience qu&rsquo;il devait y avoir\u202fun puissant soutien dans la pri\u00e8re lors d&rsquo;\u00e9v\u00e8nements de d\u00e9cisions importantes o\u00f9 nous avons vu la main de Dieu. [\u2026] Nous sommes absolument convaincus que sans ce lien dans la pri\u00e8re nous ne serions pas aussi capables de nous maintenir dans notre travail de missionnaires.<\/em>\u202f\u00bb<\/span><span data-ccp-props=\"{&quot;335551550&quot;:6,&quot;335551620&quot;:6}\">\u00a0<\/span><\/p>\n<p><span data-contrast=\"auto\">De m\u00eame, \u00c9veline a pu exp\u00e9rimenter ce soutien\u202fpar la pri\u00e8re durant son minist\u00e8re au Tchad: \u00ab\u202f<em>Il est arriv\u00e9 plusieurs fois ou\u0300 je me suis sentie comme port\u00e9e dans des situations difficiles ou dangereuses, et je savais que c\u2019\u00e9tait Dieu qui \u00e9tait la\u0300 et me donnait Sa force, car a\u0300 l\u2019arri\u00e8re, des fr\u00e8res et s\u0153urs priaient.<\/em>\u202f\u00bb<\/span><span data-ccp-props=\"{&quot;335551550&quot;:6,&quot;335551620&quot;:6}\">\u00a0<\/span><\/p>\n<p><span data-contrast=\"auto\">Dans 2 Corinthiens 1 : 10-11, on trouve un bel exemple de \u00ab\u202fboucle vertueuse\u202f\u00bb de pri\u00e8re pour la mission, qui nous montre comment la pri\u00e8re conduit \u00e0 la pri\u00e8re. Paul y parle du soutien des Corinthiens pour son minist\u00e8re\u202f: \u00ab\u202fNous avons en lui cette esp\u00e9rance qu\u2019il nous d\u00e9livrera encore [de la mort], et vous y contribuez par la pri\u00e8re. Ainsi, la gr\u00e2ce obtenue pour nous par beaucoup de personnes sera pour beaucoup une occasion de remercier Dieu \u00e0 notre sujet.\u202f\u00bb<\/span><span data-ccp-props=\"{&quot;335551550&quot;:6,&quot;335551620&quot;:6}\">\u00a0<\/span><\/p>\n<p><span data-contrast=\"auto\">Ces \u00ab\u202fboucles\u202f\u00bb de pri\u00e8re restent une r\u00e9alit\u00e9 aujourd\u2019hui comme en t\u00e9moignent les envoy\u00e9s, qui cherchent \u00e0 d\u00e9velopper des liens de pri\u00e8re avec leurs intercesseurs \u00e0 l\u2019image de Paul :\u00a0<\/span><span data-ccp-props=\"{&quot;335551550&quot;:6,&quot;335551620&quot;:6}\">\u00a0<\/span><span data-ccp-props=\"{&quot;335551550&quot;:6,&quot;335551620&quot;:6}\">\u00a0<\/span><\/p>\n<p style=\"padding-left: 40px;\"><em>\u00ab\u202fNous remercions Dieu chaque jour pour ce qu&rsquo;il nous donne (gr\u00e2ce \u00e0 tous ceux qui nous soutiennent par la pri\u00e8re et les finances).\u202f\u00bb &#8211; Olivier et Siegrid\u00a0<\/em><\/p>\n<p style=\"padding-left: 40px;\"><em>\u00ab\u202f[Je prie pour ceux qui me soutiennent], surtout si je rec\u0327ois des nouvelles de ces personnes ou que nous entretenons des relations. Par exemple, j\u2019avais sollicit\u00e9 la r\u00e9ception du journal d\u2019une \u00e9glise qui me soutenait et que j\u2019avais visit\u00e9e, afin de pouvoir prier pour elle, et l\u2019ai fait m\u00eame si ce n\u2019\u00e9tait pas tr\u00e8s r\u00e9guli\u00e8rement. De m\u00eame, je notais souvent les noms des familles qui m\u2019accueillaient pendant mes visites d\u2019\u00e9glises lors de mes cong\u00e9s, afin de prier pour les sujets personnels et\/ou d\u2019\u00e9glises qu\u2019ils ne manquaient pas de partager.\u202f\u00bb &#8211; \u00c9veline\u00a0<\/em><\/p>\n<h2><span style=\"color: #96bd0d;\"><b>Prions ensemble\u202fpour la mission !<\/b><\/span><span data-ccp-props=\"{}\">\u00a0<\/span><\/h2>\n<p><span data-contrast=\"auto\">Le P\u00f4le Mission a choisi de mettre en place deux outils afin de prier ensemble pour le monde et les envoy\u00e9s.<br \/>\nEn plus des <\/span><span data-contrast=\"auto\">r\u00e9unions de pri\u00e8re par Zoom<\/span><span data-contrast=\"auto\"> qui ont lieu quelques fois dans l\u2019ann\u00e9e, vous pouvez \u00e9galement <\/span><span data-contrast=\"auto\">recevoir chaque mercredi un sujet de pri\u00e8re<sup>2<\/sup><\/span><span data-contrast=\"auto\"> concernant les envoy\u00e9s au loin issus des CAEF ou nos partenaires au Tchad et \u00e0 Madagascar.\u00a0<\/span><span data-ccp-props=\"{&quot;335551550&quot;:6,&quot;335551620&quot;:6}\">\u00a0<\/span><\/p>\n<p><span data-contrast=\"auto\">Cela vous permet de joindre vos pri\u00e8res pour la mission \u00e0 celles d\u2019autres membres de diff\u00e9rentes \u00e9glises, que ce soit en direct lors des r\u00e9unions en ligne, pendant votre culte personnel ou m\u00eame lors de r\u00e9unions de quartier dans lesquelles vous pouvez partager les sujets re\u00e7us\/entendus.<\/span><span data-ccp-props=\"{&quot;335551550&quot;:6,&quot;335551620&quot;:6}\">\u00a0<\/span><\/p>\n<p style=\"padding-left: 40px;\"><span data-contrast=\"auto\">\u00ab<em>\u202fMais voici ce que je vous demande, fr\u00e8res, par notre Seigneur J\u00e9sus-Christ et par l\u2019amour que donne l\u2019Esprit Saint\u202f: combattez avec moi en adressant \u00e0 Dieu des pri\u00e8res en ma faveur<\/em>.\u202f\u00bb<br \/>\n<\/span><i><span data-contrast=\"auto\">Paul dans l&rsquo;\u00e9pitre aux Romains &#8211;\u00a0 15\u202f: 30<\/span><\/i><span data-contrast=\"auto\">\u00a0<\/span><span data-ccp-props=\"{&quot;335551550&quot;:6,&quot;335551620&quot;:6}\">\u00a0<\/span><\/p>\n<p>&nbsp;<\/p>\n<ol>\n<li style=\"text-align: left;\"><span style=\"color: #96bd0d; font-size: 18pt;\" data-contrast=\"auto\"><span style=\"color: #96bd0d; font-size: 18pt;\" data-contrast=\"auto\"><span style=\"color: #96bd0d; font-size: 18pt;\" data-contrast=\"auto\"><a style=\"color: #96bd0d;\" href=\"https:\/\/sibforms.com\/serve\/MUIEAOpYIcYsXhauksCAqSLXE6gstiW1H6J7XpQz83kj_20UmTw5zH-dLK0rVoPvIb7LQE0JAbSmj-LwiDPrgbBqPGGWEOWQFgsYoDnCUSzr5vch67vhRQ7IqhoFD3QrO2hDQfUC0_Thc73tBVOrx7dhiUAsOFNOBsGuYr1n6AaQOUY6pzzjOi6GIQ-x4XgA4uWTm0duADivOVLM\">S&rsquo;inscrire aux r\u00e9unions de pri\u00e8re Zoom<\/a><\/span><\/span><\/span>&nbsp;<\/li>\n<li style=\"text-align: left;\"><span style=\"color: #96bd0d; font-size: 18pt;\"><a style=\"color: #96bd0d;\" href=\"https:\/\/sibforms.com\/serve\/MUIEAOpYIcYsXhauksCAqSLXE6gstiW1H6J7XpQz83kj_20UmTw5zH-dLK0rVoPvIb7LQE0JAbSmj-LwiDPrgbBqPGGWEOWQFgsYoDnCUSzr5vch67vhRQ7IqhoFD3QrO2hDQfUC0_Thc73tBVOrx7dhiUAsOFNOBsGuYr1n6AaQOUY6pzzjOi6GIQ-x4XgA4uWTm0duADivOVLM\">Recevoir les sujets de pri\u00e8re\u202f<\/a><\/span><\/li>\n<\/ol>\n<p><span data-ccp-props=\"{}\">\u00a0<\/span><\/p>\n<p><span data-ccp-props=\"{}\">\u00a0<\/span><\/p>\n","protected":false},"excerpt":{"rendered":"<p>Le P\u00f4le Mission CAEF propose depuis peu des rencontres de pri\u00e8re en ligne pour les envoy\u00e9s \u00e0 l\u2019\u00e9tranger, issus des \u00e9glises CAEF, et nos \u00e9glises partenaires tchadiennes et malgaches. Les premi\u00e8res rencontres en janvier ont \u00e9t\u00e9 appr\u00e9ci\u00e9es par les participants : plusieurs nous ont rapport\u00e9 avoir \u00e9t\u00e9 encourag\u00e9s de se retrouver avec des chr\u00e9tiens d&rsquo;une [&hellip;]<\/p>\n","protected":false},"author":4,"featured_media":1625,"comment_status":"closed","ping_status":"closed","sticky":false,"template":"","format":"standard","meta":{"footnotes":""},"categories":[17,41,1],"tags":[],"class_list":["post-1618","post","type-post","status-publish","format-standard","has-post-thumbnail","hentry","category-a-la-une","category-pole-mission","category-non-classe"],"_links":{"self":[{"href":"https:\/\/enews.caef.net\/index.php?rest_route=\/wp\/v2\/posts\/1618","targetHints":{"allow":["GET"]}}],"collection":[{"href":"https:\/\/enews.caef.net\/index.php?rest_route=\/wp\/v2\/posts"}],"about":[{"href":"https:\/\/enews.caef.net\/index.php?rest_route=\/wp\/v2\/types\/post"}],"author":[{"embeddable":true,"href":"https:\/\/enews.caef.net\/index.php?rest_route=\/wp\/v2\/users\/4"}],"replies":[{"embeddable":true,"href":"https:\/\/enews.caef.net\/index.php?rest_route=%2Fwp%2Fv2%2Fcomments&post=1618"}],"version-history":[{"count":6,"href":"https:\/\/enews.caef.net\/index.php?rest_route=\/wp\/v2\/posts\/1618\/revisions"}],"predecessor-version":[{"id":1627,"href":"https:\/\/enews.caef.net\/index.php?rest_route=\/wp\/v2\/posts\/1618\/revisions\/1627"}],"wp:featuredmedia":[{"embeddable":true,"href":"https:\/\/enews.caef.net\/index.php?rest_route=\/wp\/v2\/media\/1625"}],"wp:attachment":[{"href":"https:\/\/enews.caef.net\/index.php?rest_route=%2Fwp%2Fv2%2Fmedia&parent=1618"}],"wp:term":[{"taxonomy":"category","embeddable":true,"href":"https:\/\/enews.caef.net\/index.php?rest_route=%2Fwp%2Fv2%2Fcategories&post=1618"},{"taxonomy":"post_tag","embeddable":true,"href":"https:\/\/enews.caef.net\/index.php?rest_route=%2Fwp%2Fv2%2Ftags&post=1618"}],"curies":[{"name":"wp","href":"https:\/\/api.w.org\/{rel}","templated":true}]}}