{"id":1563,"date":"2023-01-12T16:37:00","date_gmt":"2023-01-12T15:37:00","guid":{"rendered":"https:\/\/enews.caef.net\/?p=1563"},"modified":"2023-01-17T10:06:09","modified_gmt":"2023-01-17T09:06:09","slug":"une-masterclass-pour-les-enseignants-denfants","status":"publish","type":"post","link":"https:\/\/enews.caef.net\/?p=1563","title":{"rendered":"Une masterclass pour les enseignants d&rsquo;enfants."},"content":{"rendered":"<p><b><span data-contrast=\"auto\">C&rsquo;est nouveau ! AJC organise une masterclass pour les enseignants des enfants.<\/span><\/b><\/p>\n<p><span data-contrast=\"auto\">Tu es impliqu\u00e9 dans ce minist\u00e8re ?<br \/>\nVoici 4 bonnes raisons pour y participer :<\/span><\/p>\n<p><span style=\"color: #a10d59;\"><b>#1 Tu n\u2019es pas le seu<\/b><b>l \u00e0 r\u00eaver<\/b><b> que les c\u0153urs des enfants soient transform\u00e9s par l\u2019Evangile<\/b>\u00a0<\/span><\/p>\n<p><span data-contrast=\"auto\">D\u2019autres enseignants d&rsquo;enfants dans les \u00e9glises CAEF r\u00eavent comme toi et se posent des questions s\u00fbrement proches des tiennes.<\/span><br \/>\n<span data-contrast=\"auto\">Cette masterclass sera l\u2019occasion de profiter de l\u2019expertise de nos deux intervenants : Philippe PERRILLIAT et Val\u00e9rie CHARRIER.<\/span><span data-contrast=\"auto\">\u00a0<\/span><span data-ccp-props=\"{&quot;201341983&quot;:0,&quot;335559740&quot;:276}\">\u00a0<\/span><\/p>\n<p><span style=\"color: #a10d59;\"><b>#2 Et si l&rsquo;histoire de David et Goliath c&rsquo;\u00e9tait bien plus qu&rsquo;un plan pour combattre nos g\u00e9ants ?<\/b>\u00a0<\/span><\/p>\n<p><span data-contrast=\"auto\">David et Goliath, c\u2019est probablement l\u2019une des histoires les plus connues et des plus racont\u00e9es.<\/span><span data-ccp-props=\"{&quot;201341983&quot;:0,&quot;335559740&quot;:276}\">\u00a0<\/span><span data-contrast=\"auto\">Mais qu&rsquo;est-ce que les enfants retirent vraiment de cette histoire ? \u00catre super courageux pour vaincre ses g\u00e9ants ? Quel lien avec l\u2019Evangile ?<\/span><span data-ccp-props=\"{&quot;201341983&quot;:0,&quot;335559740&quot;:276}\">\u00a0<\/span><\/p>\n<p><span data-contrast=\"auto\">Cet \u00e9v\u00e8nement sera l\u2019occasion de d\u00e9couvrir des cl\u00e9s tr\u00e8s utiles pour enseigner cette histoire et bien d\u2019autres !<\/span><span data-ccp-props=\"{&quot;201341983&quot;:0,&quot;335559740&quot;:276}\">\u00a0<\/span><\/p>\n<p><span style=\"color: #a10d59;\"><b>#3 Tu<\/b><b> r\u00eaves<\/b><b> de suivre une materclass depuis ton canap\u00e9, accompagn\u00e9 d\u2019une tasse de tisane chaude !<\/b>\u00a0<\/span><\/p>\n<p><span data-contrast=\"auto\">Ou pas ! Mais ce qui est s\u00fbr c\u2019est que cette masterclass sera une bonne occasion de prendre du recul et booster ton minist\u00e8re d\u2019enseignement aupr\u00e8s des enfants.<\/span><span data-ccp-props=\"{&quot;201341983&quot;:0,&quot;335559740&quot;:276}\">\u00a0<\/span><\/p>\n<p><span data-contrast=\"auto\">Tout a \u00e9t\u00e9 pens\u00e9 pour les enseignants d&rsquo;enfants : c\u2019est fait pour toi !<\/span><span data-ccp-props=\"{&quot;201341983&quot;:0,&quot;335559740&quot;:276}\">\u00a0<\/span><\/p>\n<p><span style=\"color: #a10d59;\"><b>\u00a0#4 Tu ne voudrais pas rater une premi\u00e8re !<\/b>\u00a0<\/span><\/p>\n<p><span data-contrast=\"auto\">Eh oui, c\u2019est une premi\u00e8re dans l\u2019histoire de notre famille d\u2019\u00e9glises. Une masterclass pour partager entre enseignants d&rsquo;enfants de notre union, organis\u00e9e par AJC, avec des personnes des 4 coins de la France : \u00e7a ne se rate pas !<\/span><span data-ccp-props=\"{&quot;201341983&quot;:0,&quot;335559740&quot;:276}\">\u00a0<\/span><\/p>\n<p><span data-contrast=\"auto\">Cette rencontre est la premi\u00e8re pierre d\u2019une r\u00e9flexion \u00e0 plus long terme, on serait ravis que tu y prennes part !<\/span><span data-ccp-props=\"{&quot;201341983&quot;:0,&quot;335559740&quot;:276}\">\u00a0<\/span><\/p>\n<p style=\"text-align: center;\"><strong><span style=\"color: #a10d59;\">Pour t\u2019inscrire :<br \/>\n<a style=\"color: #a10d59;\" href=\"https:\/\/forms.gle\/fL2uSdCJW7PtFky66\">https:\/\/forms.gle\/fL2uSdCJW7PtFky66<\/a>\u00a0<\/span><\/strong><\/p>\n<p><span data-contrast=\"auto\">(Si tu n\u2019es pas dispo pour cette fois mais que tu souhaites recevoir l\u2019info pour les prochains \u00e9v\u00e8nements enfance, clique quand m\u00eame sur le lien !)<\/span><span data-ccp-props=\"{&quot;201341983&quot;:0,&quot;335559740&quot;:276}\">\u00a0<\/span><\/p>\n","protected":false},"excerpt":{"rendered":"<p>C&rsquo;est nouveau ! AJC organise une masterclass pour les enseignants des enfants. Tu es impliqu\u00e9 dans ce minist\u00e8re ? Voici 4 bonnes raisons pour y participer : #1 Tu n\u2019es pas le seul \u00e0 r\u00eaver que les c\u0153urs des enfants soient transform\u00e9s par l\u2019Evangile\u00a0 D\u2019autres enseignants d&rsquo;enfants dans les \u00e9glises CAEF r\u00eavent comme toi et [&hellip;]<\/p>\n","protected":false},"author":4,"featured_media":1564,"comment_status":"closed","ping_status":"closed","sticky":false,"template":"","format":"standard","meta":{"footnotes":""},"categories":[17,10],"tags":[186,123,92],"class_list":["post-1563","post","type-post","status-publish","format-standard","has-post-thumbnail","hentry","category-a-la-une","category-pole-jeunesse","tag-enfance","tag-evangile","tag-jeunesse"],"_links":{"self":[{"href":"https:\/\/enews.caef.net\/index.php?rest_route=\/wp\/v2\/posts\/1563","targetHints":{"allow":["GET"]}}],"collection":[{"href":"https:\/\/enews.caef.net\/index.php?rest_route=\/wp\/v2\/posts"}],"about":[{"href":"https:\/\/enews.caef.net\/index.php?rest_route=\/wp\/v2\/types\/post"}],"author":[{"embeddable":true,"href":"https:\/\/enews.caef.net\/index.php?rest_route=\/wp\/v2\/users\/4"}],"replies":[{"embeddable":true,"href":"https:\/\/enews.caef.net\/index.php?rest_route=%2Fwp%2Fv2%2Fcomments&post=1563"}],"version-history":[{"count":6,"href":"https:\/\/enews.caef.net\/index.php?rest_route=\/wp\/v2\/posts\/1563\/revisions"}],"predecessor-version":[{"id":1599,"href":"https:\/\/enews.caef.net\/index.php?rest_route=\/wp\/v2\/posts\/1563\/revisions\/1599"}],"wp:featuredmedia":[{"embeddable":true,"href":"https:\/\/enews.caef.net\/index.php?rest_route=\/wp\/v2\/media\/1564"}],"wp:attachment":[{"href":"https:\/\/enews.caef.net\/index.php?rest_route=%2Fwp%2Fv2%2Fmedia&parent=1563"}],"wp:term":[{"taxonomy":"category","embeddable":true,"href":"https:\/\/enews.caef.net\/index.php?rest_route=%2Fwp%2Fv2%2Fcategories&post=1563"},{"taxonomy":"post_tag","embeddable":true,"href":"https:\/\/enews.caef.net\/index.php?rest_route=%2Fwp%2Fv2%2Ftags&post=1563"}],"curies":[{"name":"wp","href":"https:\/\/api.w.org\/{rel}","templated":true}]}}