{"id":1489,"date":"2022-11-17T12:08:01","date_gmt":"2022-11-17T11:08:01","guid":{"rendered":"https:\/\/enews.caef.net\/?p=1489"},"modified":"2022-11-21T14:19:35","modified_gmt":"2022-11-21T13:19:35","slug":"le-bafa-cest-des-16-ans-maintenant","status":"publish","type":"post","link":"https:\/\/enews.caef.net\/?p=1489","title":{"rendered":"Le BAFA, c\u2019est d\u00e8s 16 ans, maintenant !\u00a0"},"content":{"rendered":"<p><span data-contrast=\"none\">Un tout nouveau d<\/span><span data-contrast=\"none\">\u00e9cret <\/span><span data-contrast=\"none\">du <\/span><span data-contrast=\"auto\">MINIST\u00c8RE DE L\u2019\u00c9DUCATION NATIONALE ET DE LA JEUNESSE, en date du 14 octobre 2022 <\/span><span data-contrast=\"none\">autorise d\u00e9sormais les jeunes \u00e0 pr\u00e9parer leur BAFA d\u00e8s l\u2019\u00e2ge de 16 ans et non plus 17 ! <\/span><\/p>\n<p><span data-contrast=\"none\">Le BAFA, c\u2019est une belle opportunit\u00e9 pour d\u00e9velopper l\u2019esprit de service et la prise de responsabilit\u00e9s d\u2019un jeune. N&rsquo;oublions pas aussi que si le BAFA est n\u00e9cessaire pour \u00eatre animateur dans les camps de vacances, il peut l\u2019\u00eatre \u00e9galement toute l\u2019ann\u00e9e dans les activit\u00e9s de nos assembl\u00e9es !<\/span><span data-ccp-props=\"{&quot;134233117&quot;:false,&quot;134233118&quot;:false,&quot;201341983&quot;:0,&quot;335551550&quot;:1,&quot;335551620&quot;:1,&quot;335559685&quot;:0,&quot;335559737&quot;:0,&quot;335559738&quot;:0,&quot;335559739&quot;:0,&quot;335559740&quot;:240}\">\u00a0<\/span><\/p>\n<p><span data-contrast=\"none\">Pour se lancer dans un Brevet d\u2019Aptitude aux Fonctions d\u2019Animateur, il faut :\u00a0<\/span><span data-ccp-props=\"{&quot;134233117&quot;:false,&quot;134233118&quot;:false,&quot;201341983&quot;:0,&quot;335551550&quot;:1,&quot;335551620&quot;:1,&quot;335559685&quot;:0,&quot;335559737&quot;:0,&quot;335559738&quot;:0,&quot;335559739&quot;:0,&quot;335559740&quot;:240}\">\u00a0<\/span><\/p>\n<p><b><span data-contrast=\"none\"><span style=\"color: #a10d59;\">Un lieu de formation\u00a0<\/span><\/span><\/b><br \/>\n<span data-contrast=\"none\">Voici 3 \u201cbonnes adresses\u201d\u00a0pour faire son BAFA dans un contexte chr\u00e9tien\u202f:<\/span><span data-ccp-props=\"{&quot;134233117&quot;:false,&quot;134233118&quot;:false,&quot;201341983&quot;:0,&quot;335551550&quot;:1,&quot;335551620&quot;:1,&quot;335559685&quot;:0,&quot;335559737&quot;:0,&quot;335559738&quot;:0,&quot;335559739&quot;:0,&quot;335559740&quot;:240}\">\u00a0<\/span><\/p>\n<ul>\n<li data-leveltext=\"o\" data-font=\"Courier New\" data-listid=\"4\" data-list-defn-props=\"{&quot;335552541&quot;:1,&quot;335559684&quot;:-2,&quot;335559685&quot;:1440,&quot;335559991&quot;:360,&quot;469769226&quot;:&quot;Courier New&quot;,&quot;469769242&quot;:[9675],&quot;469777803&quot;:&quot;left&quot;,&quot;469777804&quot;:&quot;o&quot;,&quot;469777815&quot;:&quot;multilevel&quot;}\" aria-setsize=\"-1\" data-aria-posinset=\"1\" data-aria-level=\"2\"><span data-contrast=\"none\">Centre des Jeunes (St Lunaire), du 15 au 22 avril 2023<\/span><span data-ccp-props=\"{&quot;134233117&quot;:false,&quot;134233118&quot;:false,&quot;201341983&quot;:0,&quot;335551550&quot;:1,&quot;335551620&quot;:1,&quot;335559737&quot;:0,&quot;335559738&quot;:0,&quot;335559739&quot;:0,&quot;335559740&quot;:240}\">\u00a0<\/span><\/li>\n<li data-leveltext=\"o\" data-font=\"Courier New\" data-listid=\"4\" data-list-defn-props=\"{&quot;335552541&quot;:1,&quot;335559684&quot;:-2,&quot;335559685&quot;:1440,&quot;335559991&quot;:360,&quot;469769226&quot;:&quot;Courier New&quot;,&quot;469769242&quot;:[9675],&quot;469777803&quot;:&quot;left&quot;,&quot;469777804&quot;:&quot;o&quot;,&quot;469777815&quot;:&quot;multilevel&quot;}\" aria-setsize=\"-1\" data-aria-posinset=\"2\" data-aria-level=\"2\"><span data-contrast=\"none\">Matthania\u202f: <\/span><span data-contrast=\"auto\">Du 22 au 29 avril 2023 et du 1 au 8 juillet 2023 \u00e0 La Pastorale (83)<\/span><span data-contrast=\"none\">\u00a0<\/span><a href=\"https:\/\/www.matthania.org\/bafa\"><span data-contrast=\"none\">https:\/\/www.matthania.org\/bafa<\/span><\/a><\/li>\n<li data-leveltext=\"o\" data-font=\"Courier New\" data-listid=\"4\" data-list-defn-props=\"{&quot;335552541&quot;:1,&quot;335559684&quot;:-2,&quot;335559685&quot;:1440,&quot;335559991&quot;:360,&quot;469769226&quot;:&quot;Courier New&quot;,&quot;469769242&quot;:[9675],&quot;469777803&quot;:&quot;left&quot;,&quot;469777804&quot;:&quot;o&quot;,&quot;469777815&quot;:&quot;multilevel&quot;}\" aria-setsize=\"-1\" data-aria-posinset=\"2\" data-aria-level=\"2\"><span data-contrast=\"none\">Vilodec (dates non encore connues)<\/span><span data-ccp-props=\"{&quot;201341983&quot;:0,&quot;335559739&quot;:0,&quot;335559740&quot;:240}\">\u00a0<\/span><\/li>\n<\/ul>\n<p><b><span style=\"color: #a10d59;\">Un organisme de formation<\/span><\/b><\/p>\n<p><span data-contrast=\"none\">Il existe plusieurs organismes, aux valeurs diff\u00e9rentes, il est important de le savoir et de bien se renseigner avant de choisir un organisme.<\/span><span data-ccp-props=\"{&quot;134233117&quot;:false,&quot;134233118&quot;:false,&quot;201341983&quot;:0,&quot;335551550&quot;:1,&quot;335551620&quot;:1,&quot;335559685&quot;:0,&quot;335559737&quot;:0,&quot;335559738&quot;:0,&quot;335559739&quot;:0,&quot;335559740&quot;:240}\">\u00a0<\/span><\/p>\n<p><span data-contrast=\"none\">AJC vous recommande particuli\u00e8rement l\u2019AFOCAL\u00a0 \u202f<\/span><a href=\"https:\/\/www.afocal.fr\/bafa\/stage-bafa-0723002.html\"><span data-contrast=\"none\">https:\/\/www.afocal.fr\/bafa\/stage-bafa-0723002.html<\/span><\/a><span data-contrast=\"none\"> tant pour les valeurs v\u00e9hicul\u00e9es par cet organisme que pour la p\u00e9dagogie ou ses modes de formation.\u00a0<\/span><span data-ccp-props=\"{&quot;201341983&quot;:0,&quot;335559739&quot;:0,&quot;335559740&quot;:240}\">\u00a0<\/span><\/p>\n<p><span style=\"color: #a10d59;\"><b>Un financement\u00a0<\/b>\u00a0<\/span><\/p>\n<p><span data-contrast=\"none\">Le BAFA a un co\u00fbt&#8230; Il faut compter, selon les lieux de formation entre 400 et 500 euros.<\/span><span data-ccp-props=\"{&quot;134233117&quot;:false,&quot;134233118&quot;:false,&quot;201341983&quot;:0,&quot;335551550&quot;:1,&quot;335551620&quot;:1,&quot;335559685&quot;:0,&quot;335559737&quot;:0,&quot;335559738&quot;:0,&quot;335559739&quot;:0,&quot;335559740&quot;:240}\">\u00a0<\/span><\/p>\n<p><span data-contrast=\"none\">Heureusement, il est possible d\u2019obtenir des bourses de la CAF et des r\u00e9gions <\/span><br \/>\n<span data-contrast=\"none\">(voir\u202f<\/span><a href=\"https:\/\/www.service-public.fr\/particuliers\/vosdroits\/F2111\"><span data-contrast=\"none\">https:\/\/www.service-public.fr\/particuliers\/vosdroits\/F2111<\/span><\/a><span data-contrast=\"none\"> )\u00a0<\/span><span data-ccp-props=\"{&quot;134233117&quot;:false,&quot;134233118&quot;:false,&quot;201341983&quot;:0,&quot;335551550&quot;:1,&quot;335551620&quot;:1,&quot;335559685&quot;:0,&quot;335559737&quot;:0,&quot;335559738&quot;:0,&quot;335559739&quot;:0,&quot;335559740&quot;:240}\"><br \/>\n<\/span><span data-contrast=\"none\">Et il est aussi possible de d\u00e9finir un contrat tripartite avec l\u2019Entente des CAEF, l\u2019\u00e9glise et le jeune qui souhaite se former :\u202f<\/span><a href=\"https:\/\/ajc.caef.net\/un-coup-de-pouce\/\"><span data-contrast=\"none\">https:\/\/ajc.caef.net\/un-coup-de-pouce\/<\/span><\/a><span data-ccp-props=\"{&quot;134233117&quot;:false,&quot;134233118&quot;:false,&quot;201341983&quot;:0,&quot;335551550&quot;:1,&quot;335551620&quot;:1,&quot;335559685&quot;:0,&quot;335559737&quot;:0,&quot;335559738&quot;:0,&quot;335559739&quot;:0,&quot;335559740&quot;:240}\">\u00a0<\/span><\/p>\n<p><span data-contrast=\"auto\">De m\u00eame, les centres de vacances aupr\u00e8s desquels vous pourrez intervenir en tant que futurs animateurs peuvent \u00eatre pr\u00eats \u00e0 vous aider dans votre parcours de formation.<\/span><span data-ccp-props=\"{&quot;201341983&quot;:0,&quot;335559739&quot;:160,&quot;335559740&quot;:259}\">\u00a0<\/span><\/p>\n<p><b><span data-contrast=\"none\">\u00a0N&rsquo;h\u00e9sitez pas \u00e0 vous rapprocher d\u2019eux ou m\u00eame des <\/span><\/b><b><span data-contrast=\"none\"><span style=\"color: #a10d59;\">\u00e9quipiers AJC<\/span> pour <\/span><\/b><b><span data-contrast=\"none\">bien vous renseigner !\u00a0<\/span><\/b><span data-ccp-props=\"{&quot;201341983&quot;:0,&quot;335559685&quot;:0,&quot;335559739&quot;:0,&quot;335559740&quot;:240}\">\u00a0<\/span><\/p>\n","protected":false},"excerpt":{"rendered":"<p>Un tout nouveau d\u00e9cret du MINIST\u00c8RE DE L\u2019\u00c9DUCATION NATIONALE ET DE LA JEUNESSE, en date du 14 octobre 2022 autorise d\u00e9sormais les jeunes \u00e0 pr\u00e9parer leur BAFA d\u00e8s l\u2019\u00e2ge de 16 ans et non plus 17 ! Le BAFA, c\u2019est une belle opportunit\u00e9 pour d\u00e9velopper l\u2019esprit de service et la prise de responsabilit\u00e9s d\u2019un jeune. [&hellip;]<\/p>\n","protected":false},"author":4,"featured_media":1497,"comment_status":"closed","ping_status":"closed","sticky":false,"template":"","format":"standard","meta":{"footnotes":""},"categories":[17,10],"tags":[],"class_list":["post-1489","post","type-post","status-publish","format-standard","has-post-thumbnail","hentry","category-a-la-une","category-pole-jeunesse"],"_links":{"self":[{"href":"https:\/\/enews.caef.net\/index.php?rest_route=\/wp\/v2\/posts\/1489","targetHints":{"allow":["GET"]}}],"collection":[{"href":"https:\/\/enews.caef.net\/index.php?rest_route=\/wp\/v2\/posts"}],"about":[{"href":"https:\/\/enews.caef.net\/index.php?rest_route=\/wp\/v2\/types\/post"}],"author":[{"embeddable":true,"href":"https:\/\/enews.caef.net\/index.php?rest_route=\/wp\/v2\/users\/4"}],"replies":[{"embeddable":true,"href":"https:\/\/enews.caef.net\/index.php?rest_route=%2Fwp%2Fv2%2Fcomments&post=1489"}],"version-history":[{"count":3,"href":"https:\/\/enews.caef.net\/index.php?rest_route=\/wp\/v2\/posts\/1489\/revisions"}],"predecessor-version":[{"id":1507,"href":"https:\/\/enews.caef.net\/index.php?rest_route=\/wp\/v2\/posts\/1489\/revisions\/1507"}],"wp:featuredmedia":[{"embeddable":true,"href":"https:\/\/enews.caef.net\/index.php?rest_route=\/wp\/v2\/media\/1497"}],"wp:attachment":[{"href":"https:\/\/enews.caef.net\/index.php?rest_route=%2Fwp%2Fv2%2Fmedia&parent=1489"}],"wp:term":[{"taxonomy":"category","embeddable":true,"href":"https:\/\/enews.caef.net\/index.php?rest_route=%2Fwp%2Fv2%2Fcategories&post=1489"},{"taxonomy":"post_tag","embeddable":true,"href":"https:\/\/enews.caef.net\/index.php?rest_route=%2Fwp%2Fv2%2Ftags&post=1489"}],"curies":[{"name":"wp","href":"https:\/\/api.w.org\/{rel}","templated":true}]}}