{"id":1481,"date":"2022-11-16T15:52:42","date_gmt":"2022-11-16T14:52:42","guid":{"rendered":"https:\/\/enews.caef.net\/?p=1481"},"modified":"2022-11-21T14:21:17","modified_gmt":"2022-11-21T13:21:17","slug":"100-ans-devangile-ensemble","status":"publish","type":"post","link":"https:\/\/enews.caef.net\/?p=1481","title":{"rendered":"100 ans d\u2019Evangile ensemble !\u00a0\u00a0"},"content":{"rendered":"<p><b><span data-contrast=\"none\">Lyon Sonnerat : 100 ans d\u2019Evangile ensemble !<\/span><\/b><span data-contrast=\"none\">\u00a0<\/span><span data-ccp-props=\"{&quot;134233117&quot;:false,&quot;134233118&quot;:false,&quot;201341983&quot;:1,&quot;335551550&quot;:1,&quot;335551620&quot;:1,&quot;335559738&quot;:0,&quot;335559739&quot;:160,&quot;335559740&quot;:291}\">\u00a0<\/span><\/p>\n<p><span data-contrast=\"none\">A Lyon Sonnerat aussi, on a f\u00eat\u00e9 100 ans. Cette c<\/span><span data-contrast=\"none\">\u00e9l\u00e9bration <\/span><span data-contrast=\"none\">a \u00e9t\u00e9 une merveilleuse occasion de se rappeler comment et combien l<\/span><b><span data-contrast=\"none\">a solidarit\u00e9 entre les fr\u00e8res et s\u0153urs a \u00e9t\u00e9 active <\/span><\/b><span data-contrast=\"none\">tout au long de l\u2019histoire de l\u2019<\/span><span data-contrast=\"none\">\u00e9glise. <\/span><span data-contrast=\"none\">Un enseignement fort pour l\u2019\u00e9glise d\u2019aujourd\u2019hui, dans la soci\u00e9t\u00e9 d\u2019aujourd\u2019hui&#8230;\u00a0<\/span><span data-ccp-props=\"{&quot;134233117&quot;:false,&quot;134233118&quot;:false,&quot;201341983&quot;:1,&quot;335551550&quot;:1,&quot;335551620&quot;:1,&quot;335559738&quot;:0,&quot;335559739&quot;:160,&quot;335559740&quot;:291}\">\u00a0<\/span><\/p>\n<p><span data-contrast=\"none\">Evoquer l&rsquo;intensit\u00e9 des retrouvailles de l\u2019apr\u00e8s seconde guerre mondiale, ou l\u2019accueil spontan\u00e9 et total d\u2019une famille espagnole par un missionnaire de l\u2019\u00e9glise, ou m\u00eame l&rsquo;impressionnante collecte de lait et d\u2019argent pour une jeune maman veuve de l\u2019\u00e9glise, autant d\u2019\u00e9v\u00e8nements qui permettent de se rappeler que, si les difficult\u00e9s <\/span><span data-contrast=\"none\">\u00e9taient<\/span><span data-contrast=\"none\"> bien l\u00e0, les membres de l\u2019<\/span><span data-contrast=\"none\">\u00e9glise<\/span><span data-contrast=\"none\"> ont pu tenir, unis par l\u2019amour de Christ.\u00a0<\/span><span data-ccp-props=\"{&quot;134233117&quot;:false,&quot;134233118&quot;:false,&quot;201341983&quot;:1,&quot;335551550&quot;:1,&quot;335551620&quot;:1,&quot;335559738&quot;:0,&quot;335559739&quot;:160,&quot;335559740&quot;:291}\">\u00a0<\/span><\/p>\n<p><span data-contrast=\"none\">A Sonnerat, on ne peut regarder en arri\u00e8re sans \u00e9voquer aussi l\u2019incendie des ann\u00e9es 80 et les actes de vandalisme survenus juste apr\u00e8s&#8230; les gros travaux de r\u00e9novation !\u00a0<\/span><b><span data-contrast=\"none\"> Mais, la croix est rest\u00e9e debout et le t\u00e9moignage de l\u2019Evangile a perdur\u00e9 !<\/span><\/b><span data-contrast=\"none\">\u00a0<\/span><span data-ccp-props=\"{&quot;134233117&quot;:false,&quot;134233118&quot;:false,&quot;201341983&quot;:1,&quot;335551550&quot;:1,&quot;335551620&quot;:1,&quot;335559738&quot;:0,&quot;335559739&quot;:160,&quot;335559740&quot;:291}\">\u00a0<\/span><\/p>\n<p><span data-contrast=\"none\">Pour Sara Trotin de la commission \u201camour fraternel\u201d, il \u00e9tait important \u201cde marquer le coup\u201d, m\u00eame modestement. <\/span><i><span data-contrast=\"none\">\u201cNous avions peu de temps et un WE d\u2019\u00e9glise, juste 3 semaines avant, mais ce fut un bon moment. Nous avons pu nous retrouver pour un temps de communion fraternelle et de f\u00eate, cela nous fait du bien \u00e0 tous et nous a vraiment encourag\u00e9s !\u201d<\/span><\/i><\/p>\n<p><span data-contrast=\"none\">Quelques actions concr\u00e8tes <\/span><b><span data-contrast=\"none\">particuli\u00e8rement cr\u00e9atives<\/span><\/b><span data-contrast=\"none\"> sont \u00e0 mentionner et \u00e0 reprendre sans mod\u00e9ration. (N&rsquo;h\u00e9sitez pas \u00e0 contacter Sara !) :\u00a0 <\/span><span data-ccp-props=\"{&quot;134233117&quot;:false,&quot;134233118&quot;:false,&quot;201341983&quot;:1,&quot;335551550&quot;:1,&quot;335551620&quot;:1,&quot;335559738&quot;:0,&quot;335559739&quot;:160,&quot;335559740&quot;:291}\">\u00a0<\/span><\/p>\n<ul>\n<li data-leveltext=\"\uf0b7\" data-font=\"Symbol\" data-listid=\"6\" data-list-defn-props=\"{&quot;335552541&quot;:1,&quot;335559684&quot;:-2,&quot;335559685&quot;:720,&quot;335559991&quot;:360,&quot;469769226&quot;:&quot;Symbol&quot;,&quot;469769242&quot;:[8226],&quot;469777803&quot;:&quot;left&quot;,&quot;469777804&quot;:&quot;\uf0b7&quot;,&quot;469777815&quot;:&quot;hybridMultilevel&quot;}\" aria-setsize=\"-1\" data-aria-posinset=\"1\" data-aria-level=\"1\"><span data-contrast=\"none\">Un atelier montage photos a \u00e9t\u00e9 organis\u00e9 le Jour J. Chaque famille avait amen\u00e9 une photo d\u2019elle et pouvait ainsi contribuer \u00e0 former un grand nombre 100 en photos.<br \/>\n<\/span><\/li>\n<li data-leveltext=\"\uf0b7\" data-font=\"Symbol\" data-listid=\"6\" data-list-defn-props=\"{&quot;335552541&quot;:1,&quot;335559684&quot;:-2,&quot;335559685&quot;:720,&quot;335559991&quot;:360,&quot;469769226&quot;:&quot;Symbol&quot;,&quot;469769242&quot;:[8226],&quot;469777803&quot;:&quot;left&quot;,&quot;469777804&quot;:&quot;\uf0b7&quot;,&quot;469777815&quot;:&quot;hybridMultilevel&quot;}\" aria-setsize=\"-1\" data-aria-posinset=\"2\" data-aria-level=\"1\"><span data-contrast=\"none\">Une frise de 1922 \u00e0 2022 a permis \u00e0 chacun de positionner un post it avec son nom et la date depuis laquelle il est dans l\u2019\u00e9glise. <\/span><br \/>\n<span data-contrast=\"none\">\u00a0<\/span><span data-ccp-props=\"{&quot;134233117&quot;:false,&quot;134233118&quot;:false,&quot;201341983&quot;:1,&quot;335551550&quot;:1,&quot;335551620&quot;:1,&quot;335559738&quot;:0,&quot;335559739&quot;:160,&quot;335559740&quot;:291}\">\u00a0<\/span><\/li>\n<li data-leveltext=\"\uf0b7\" data-font=\"Symbol\" data-listid=\"6\" data-list-defn-props=\"{&quot;335552541&quot;:1,&quot;335559684&quot;:-2,&quot;335559685&quot;:720,&quot;335559991&quot;:360,&quot;469769226&quot;:&quot;Symbol&quot;,&quot;469769242&quot;:[8226],&quot;469777803&quot;:&quot;left&quot;,&quot;469777804&quot;:&quot;\uf0b7&quot;,&quot;469777815&quot;:&quot;hybridMultilevel&quot;}\" aria-setsize=\"-1\" data-aria-posinset=\"3\" data-aria-level=\"1\"><span data-contrast=\"none\">Un g\u00e2teau de bonbons dont les bougies ont \u00e9t\u00e9 souffl\u00e9es par les plus anciens de l\u2019\u00e9glise. <\/span><br \/>\n<span data-contrast=\"none\">\u00a0<\/span><span data-ccp-props=\"{&quot;134233117&quot;:false,&quot;134233118&quot;:false,&quot;201341983&quot;:1,&quot;335551550&quot;:1,&quot;335551620&quot;:1,&quot;335559738&quot;:0,&quot;335559739&quot;:160,&quot;335559740&quot;:291}\">\u00a0<\/span><\/li>\n<li data-leveltext=\"\uf0b7\" data-font=\"Symbol\" data-listid=\"6\" data-list-defn-props=\"{&quot;335552541&quot;:1,&quot;335559684&quot;:-2,&quot;335559685&quot;:720,&quot;335559991&quot;:360,&quot;469769226&quot;:&quot;Symbol&quot;,&quot;469769242&quot;:[8226],&quot;469777803&quot;:&quot;left&quot;,&quot;469777804&quot;:&quot;\uf0b7&quot;,&quot;469777815&quot;:&quot;hybridMultilevel&quot;}\" aria-setsize=\"-1\" data-aria-posinset=\"4\" data-aria-level=\"1\"><span data-contrast=\"none\">Et pour \u00e9voquer le pass\u00e9, rien de mieux qu\u2019une vid\u00e9o t\u00e9moignages et un diaporama photos.\u00a0<\/span><\/li>\n<\/ul>\n<ul>\n<li data-leveltext=\"\uf0b7\" data-font=\"Symbol\" data-listid=\"6\" data-list-defn-props=\"{&quot;335552541&quot;:1,&quot;335559684&quot;:-2,&quot;335559685&quot;:720,&quot;335559991&quot;:360,&quot;469769226&quot;:&quot;Symbol&quot;,&quot;469769242&quot;:[8226],&quot;469777803&quot;:&quot;left&quot;,&quot;469777804&quot;:&quot;\uf0b7&quot;,&quot;469777815&quot;:&quot;hybridMultilevel&quot;}\" aria-setsize=\"-1\" data-aria-posinset=\"1\" data-aria-level=\"1\"><span data-contrast=\"none\">Sans oublier de travailler pour l\u2019avenir&#8230; en r\u00e9alisant une photo de tous, en forme de c\u0153ur, via un drone. <\/span><span data-ccp-props=\"{&quot;134233117&quot;:false,&quot;134233118&quot;:false,&quot;201341983&quot;:1,&quot;335551550&quot;:1,&quot;335551620&quot;:1,&quot;335559738&quot;:0,&quot;335559739&quot;:160,&quot;335559740&quot;:291}\">\u00a0<\/span><\/li>\n<\/ul>\n<p><span data-contrast=\"none\">Riche de cet h\u00e9ritage, l\u2019\u00e9glise de la rue Sonnerat souhaite continuer cette \u0153uvre avec la vision d\u2019Annoncer, d\u2019Accueillir et d\u2019Affermir.\u00a0\u00a0<\/span><span data-ccp-props=\"{&quot;134233117&quot;:false,&quot;134233118&quot;:false,&quot;201341983&quot;:1,&quot;335551550&quot;:1,&quot;335551620&quot;:1,&quot;335559738&quot;:0,&quot;335559739&quot;:160,&quot;335559740&quot;:275}\">\u00a0<\/span><\/p>\n","protected":false},"excerpt":{"rendered":"<p>Lyon Sonnerat : 100 ans d\u2019Evangile ensemble !\u00a0\u00a0 A Lyon Sonnerat aussi, on a f\u00eat\u00e9 100 ans. Cette c\u00e9l\u00e9bration a \u00e9t\u00e9 une merveilleuse occasion de se rappeler comment et combien la solidarit\u00e9 entre les fr\u00e8res et s\u0153urs a \u00e9t\u00e9 active tout au long de l\u2019histoire de l\u2019\u00e9glise. Un enseignement fort pour l\u2019\u00e9glise d\u2019aujourd\u2019hui, dans la [&hellip;]<\/p>\n","protected":false},"author":4,"featured_media":1482,"comment_status":"closed","ping_status":"closed","sticky":false,"template":"","format":"standard","meta":{"footnotes":""},"categories":[17,162],"tags":[178,42,179],"class_list":["post-1481","post","type-post","status-publish","format-standard","has-post-thumbnail","hentry","category-a-la-une","category-vie-de-lunion","tag-100-ans","tag-eglise","tag-lyon"],"_links":{"self":[{"href":"https:\/\/enews.caef.net\/index.php?rest_route=\/wp\/v2\/posts\/1481","targetHints":{"allow":["GET"]}}],"collection":[{"href":"https:\/\/enews.caef.net\/index.php?rest_route=\/wp\/v2\/posts"}],"about":[{"href":"https:\/\/enews.caef.net\/index.php?rest_route=\/wp\/v2\/types\/post"}],"author":[{"embeddable":true,"href":"https:\/\/enews.caef.net\/index.php?rest_route=\/wp\/v2\/users\/4"}],"replies":[{"embeddable":true,"href":"https:\/\/enews.caef.net\/index.php?rest_route=%2Fwp%2Fv2%2Fcomments&post=1481"}],"version-history":[{"count":6,"href":"https:\/\/enews.caef.net\/index.php?rest_route=\/wp\/v2\/posts\/1481\/revisions"}],"predecessor-version":[{"id":1509,"href":"https:\/\/enews.caef.net\/index.php?rest_route=\/wp\/v2\/posts\/1481\/revisions\/1509"}],"wp:featuredmedia":[{"embeddable":true,"href":"https:\/\/enews.caef.net\/index.php?rest_route=\/wp\/v2\/media\/1482"}],"wp:attachment":[{"href":"https:\/\/enews.caef.net\/index.php?rest_route=%2Fwp%2Fv2%2Fmedia&parent=1481"}],"wp:term":[{"taxonomy":"category","embeddable":true,"href":"https:\/\/enews.caef.net\/index.php?rest_route=%2Fwp%2Fv2%2Fcategories&post=1481"},{"taxonomy":"post_tag","embeddable":true,"href":"https:\/\/enews.caef.net\/index.php?rest_route=%2Fwp%2Fv2%2Ftags&post=1481"}],"curies":[{"name":"wp","href":"https:\/\/api.w.org\/{rel}","templated":true}]}}