{"id":1473,"date":"2022-11-16T15:24:57","date_gmt":"2022-11-16T14:24:57","guid":{"rendered":"https:\/\/enews.caef.net\/?p=1473"},"modified":"2022-11-16T15:59:08","modified_gmt":"2022-11-16T14:59:08","slug":"une-centenaire-qui-envoie","status":"publish","type":"post","link":"https:\/\/enews.caef.net\/?p=1473","title":{"rendered":"Une centenaire&#8230; qui envoie !"},"content":{"rendered":"<p><span style=\"color: #009999;\"><b>Cultiver la m\u00e9moire et semer l\u2019espoir.\u00a0<\/b>\u00a0<\/span><\/p>\n<p><span data-contrast=\"auto\">Pour Raphael Charrier, pasteur de l\u2019ECE Grenoble, \u201cc<\/span><i><span data-contrast=\"auto\">\u2019est tr\u00e8s important de marquer les temps forts d\u2019une communaut\u00e9. C\u2019est ce qu\u2019a fait Dieu avec son peuple en lui donnant plusieurs f\u00eates comm\u00e9moratives annuelles. F\u00eater un anniversaire, c\u2019est aussi louer Dieu pour sa fid\u00e9lit\u00e9 : ne pas tomber dans la m\u00e9lancolie d\u2019un \u00e2ge d\u2019or qu\u2019aurait connu l\u2019\u00c9glise, mais se rappeler que <\/span><\/i><b><i><span data-contrast=\"auto\">c\u2019est Christ qui est l\u2019auteur de l\u2019histoire, pas nous <\/span><\/i><\/b><i><span data-contrast=\"auto\">!\u201d\u00a0<\/span><\/i><span data-ccp-props=\"{&quot;201341983&quot;:0,&quot;335559739&quot;:160,&quot;335559740&quot;:259}\">\u00a0<\/span><\/p>\n<p><span data-contrast=\"auto\">Forts de cette fid\u00e9lit\u00e9 pass\u00e9e, largement racont\u00e9e et c\u00e9l\u00e9br\u00e9e tout au long d\u2019un WE en commun, les membres de l\u2019ECE ont voulu saisir cette opportunit\u00e9 pour<\/span> lancer une nouvelle dynamique.<\/p>\n<blockquote><p><span data-contrast=\"auto\">L&rsquo;\u00e9quipe d\u2019implantation <\/span><span data-contrast=\"none\">d\u2019une nouvelle \u00c9glise dans Grenoble<\/span><span data-contrast=\"auto\"> a en effet <\/span><span data-contrast=\"auto\">\u00e9t\u00e9 officiellement <\/span><span data-contrast=\"auto\">envoy\u00e9e et consacr\u00e9e, lors de ce WE.<\/span><span data-contrast=\"none\">\u00a0 <\/span><\/p><\/blockquote>\n<p><span data-contrast=\"none\">Elle comprend 12 personnes de plusieurs g\u00e9n\u00e9rations et est conduite par Tsiry Andria. C\u2019est l\u2019aboutissement d\u2019un long processus et la premi\u00e8re fois que l\u2019ECE se multiplie. Quel sujet de joie et de pri\u00e8re !<\/span><span data-ccp-props=\"{&quot;201341983&quot;:0,&quot;335559739&quot;:160,&quot;335559740&quot;:259}\">\u00a0<\/span><\/p>\n<p><span data-contrast=\"none\">Avoir Pierre Bariteau, comme orateur pour nos 2 messages (l\u2019un orient\u00e9 sur la reconnaissance pour la fid\u00e9lit\u00e9 de Dieu durant ces 100 ans, l\u2019autre pour encourager l\u2019\u00c9glise \u00e0 se projeter dans la dynamique du royaume pour l\u2019avenir et ne pas tomber dans la nostalgie ou le confort) c\u2019\u00e9tait aussi pour nous, une belle fa\u00e7on d\u2019associer notre union d\u2019\u00c9glises<\/span><span data-contrast=\"none\"> \u00e0 ce double \u00e9v\u00e8nement<\/span><span data-contrast=\"none\">.<\/span><span data-ccp-props=\"{&quot;201341983&quot;:0,&quot;335559739&quot;:160,&quot;335559740&quot;:259}\">\u00a0<\/span><\/p>\n<p><b><span data-contrast=\"auto\">Dieu a \u00e9t\u00e9, Il est fid\u00e8le et il le restera !<\/span><\/b><span data-ccp-props=\"{&quot;201341983&quot;:0,&quot;335559739&quot;:160,&quot;335559740&quot;:259}\">\u00a0<\/span><\/p>\n<p>&nbsp;<\/p>\n<p><strong>Quelques photos :\u00a0<\/strong><\/p>\n<div style=\"width: 640px;\" class=\"wp-video\"><video class=\"wp-video-shortcode\" id=\"video-1473-1\" width=\"640\" height=\"360\" preload=\"metadata\" controls=\"controls\"><source type=\"video\/mp4\" src=\"http:\/\/enews.caef.net\/wp-content\/uploads\/2022\/11\/100-ans-ECE-en-photos-1.mp4?_=1\" \/><a href=\"http:\/\/enews.caef.net\/wp-content\/uploads\/2022\/11\/100-ans-ECE-en-photos-1.mp4\">http:\/\/enews.caef.net\/wp-content\/uploads\/2022\/11\/100-ans-ECE-en-photos-1.mp4<\/a><\/video><\/div>\n<p>&nbsp;<\/p>\n<p><strong>Et des t\u00e9moignages :\u00a0<\/strong><br \/>\n<b><span data-contrast=\"none\"><br \/>\nZo\u00e9 <\/span><\/b><b><span data-contrast=\"none\">&#8211; \u00e0 l&rsquo;ECE depuis 2016<\/span><\/b><br \/>\n<span data-contrast=\"none\">J&rsquo;ai \u00e9t\u00e9 touch\u00e9e, pendant ce WE, de pouvoir poser des noms et des visages sur les personnes qui ont particip\u00e9 \u00e0 la construction de l&rsquo;\u00c9glise o\u00f9 je suis aujourd&rsquo;hui. C&rsquo;est hyper encourageant de voir le travail qu&rsquo;ils ont fait, et \u00e7a encourage \u00e0 faire pareil.<\/span><br \/>\n<span data-contrast=\"none\">J&rsquo;\u00e9tais heureuse de vivre \u00e7a avec tout le monde et de sentir la force que Dieu nous donne, \u00e0 la fois pour l&rsquo;implantation, mais de notre c\u00f4t\u00e9 aussi, pour continuer \u00e0 annoncer la Bonne Nouvelle. <\/span><b><span data-contrast=\"none\">C&rsquo;est beau de voir qu&rsquo;on est une famille avec le m\u00eame objectif.<\/span><\/b><\/p>\n<p><b><i><span data-contrast=\"none\">Florence<\/span><\/i><\/b><b><span data-contrast=\"none\"> &#8211; n\u00e9e \u00e0 l&rsquo;ECE<\/span><\/b><br \/>\n<span data-contrast=\"none\">C&rsquo;\u00e9tait touchant de voir que, alors que nous f\u00eatons nos 100 ans, une nouvelle page de l&rsquo;\u00c9glise s&rsquo;\u00e9crit. On sait que le Seigneur sera encore fid\u00e8le pour l&rsquo;avenir.<\/span><\/p>\n<p><b><span data-contrast=\"none\">Evelyne &#8211; \u00e0 l&rsquo;ECE depuis 1978-79, baptis\u00e9e en 1980, au Tchad depuis 1991<\/span><\/b><br \/>\n<i><span data-contrast=\"none\">\u201cVivre cet envoi dans la communion, et voir la b\u00e9n\u00e9diction de l&rsquo;\u00c9glise qui reste vis-\u00e0-vis de celle qui va partir, c&rsquo;est vraiment formidable. Je remercie Dieu pour cela et je suis contente d&rsquo;avoir \u00e9t\u00e9 un t\u00e9moin vivant de cela.\u201d <\/span><\/i><\/p>\n<p><b><span data-contrast=\"none\">Nico &#8211; \u00e0 l&rsquo;ECE depuis 2014, rejoint l&rsquo;implantation<\/span><\/b><br \/>\n<i><span data-contrast=\"none\">\u201cOn a vu l&rsquo;exemple de nos a\u00een\u00e9s, et aujourd&rsquo;hui l&rsquo;implantation commence et une nouvelle g\u00e9n\u00e9ration se l\u00e8ve. \u00c7a m&rsquo;encourage de voir que Dieu, \u00e0 toute \u00e9poque, a lev\u00e9 des serviteurs.<\/span><\/i><br \/>\n<span data-contrast=\"none\">Mon moment pr\u00e9f\u00e9r\u00e9 du week-end, c\u2019\u00e9tait l&rsquo;envoi de l\u2019\u00e9quipe d\u2019implantation surtout parce que je suis concern\u00e9. Sentir l&rsquo;\u00e9motion, sentir qu&rsquo;on est aim\u00e9s, appr\u00e9ci\u00e9s, et qu&rsquo;on laisse des gens qui tiennent \u00e0 nous&#8230; On n&rsquo;a pas l&rsquo;impression de partir \u00ab\u00a0comme des voleurs\u00a0\u00bb, mais d\u2019\u00eatre vraiment soutenus et envoy\u00e9s.<\/span><span data-ccp-props=\"{&quot;201341983&quot;:0,&quot;335559739&quot;:160,&quot;335559740&quot;:259}\">\u00a0<\/span><\/p>\n<p><span data-ccp-props=\"{&quot;201341983&quot;:0,&quot;335559739&quot;:160,&quot;335559740&quot;:259}\">\u00a0<\/span><\/p>\n<p><span data-ccp-props=\"{&quot;201341983&quot;:0,&quot;335559739&quot;:160,&quot;335559740&quot;:259}\">\u00a0<\/span><\/p>\n","protected":false},"excerpt":{"rendered":"<p>Cultiver la m\u00e9moire et semer l\u2019espoir.\u00a0\u00a0 Pour Raphael Charrier, pasteur de l\u2019ECE Grenoble, \u201cc\u2019est tr\u00e8s important de marquer les temps forts d\u2019une communaut\u00e9. C\u2019est ce qu\u2019a fait Dieu avec son peuple en lui donnant plusieurs f\u00eates comm\u00e9moratives annuelles. F\u00eater un anniversaire, c\u2019est aussi louer Dieu pour sa fid\u00e9lit\u00e9 : ne pas tomber dans la m\u00e9lancolie [&hellip;]<\/p>\n","protected":false},"author":4,"featured_media":1487,"comment_status":"closed","ping_status":"closed","sticky":false,"template":"","format":"standard","meta":{"footnotes":""},"categories":[17,162],"tags":[],"class_list":["post-1473","post","type-post","status-publish","format-standard","has-post-thumbnail","hentry","category-a-la-une","category-vie-de-lunion"],"_links":{"self":[{"href":"https:\/\/enews.caef.net\/index.php?rest_route=\/wp\/v2\/posts\/1473","targetHints":{"allow":["GET"]}}],"collection":[{"href":"https:\/\/enews.caef.net\/index.php?rest_route=\/wp\/v2\/posts"}],"about":[{"href":"https:\/\/enews.caef.net\/index.php?rest_route=\/wp\/v2\/types\/post"}],"author":[{"embeddable":true,"href":"https:\/\/enews.caef.net\/index.php?rest_route=\/wp\/v2\/users\/4"}],"replies":[{"embeddable":true,"href":"https:\/\/enews.caef.net\/index.php?rest_route=%2Fwp%2Fv2%2Fcomments&post=1473"}],"version-history":[{"count":4,"href":"https:\/\/enews.caef.net\/index.php?rest_route=\/wp\/v2\/posts\/1473\/revisions"}],"predecessor-version":[{"id":1480,"href":"https:\/\/enews.caef.net\/index.php?rest_route=\/wp\/v2\/posts\/1473\/revisions\/1480"}],"wp:featuredmedia":[{"embeddable":true,"href":"https:\/\/enews.caef.net\/index.php?rest_route=\/wp\/v2\/media\/1487"}],"wp:attachment":[{"href":"https:\/\/enews.caef.net\/index.php?rest_route=%2Fwp%2Fv2%2Fmedia&parent=1473"}],"wp:term":[{"taxonomy":"category","embeddable":true,"href":"https:\/\/enews.caef.net\/index.php?rest_route=%2Fwp%2Fv2%2Fcategories&post=1473"},{"taxonomy":"post_tag","embeddable":true,"href":"https:\/\/enews.caef.net\/index.php?rest_route=%2Fwp%2Fv2%2Ftags&post=1473"}],"curies":[{"name":"wp","href":"https:\/\/api.w.org\/{rel}","templated":true}]}}