{"id":1368,"date":"2022-09-08T14:45:52","date_gmt":"2022-09-08T12:45:52","guid":{"rendered":"https:\/\/enews.caef.net\/?p=1368"},"modified":"2022-09-25T09:27:06","modified_gmt":"2022-09-25T07:27:06","slug":"quel-souffle-nouveau-pour-la-rentree","status":"publish","type":"post","link":"https:\/\/enews.caef.net\/?p=1368","title":{"rendered":"Un souffle nouveau en septembre\u00a0?"},"content":{"rendered":"<p>\u00ab <em>Le premier et grand travail du chr\u00e9tien concerne son c\u0153ur&#8230; la langue et la vie ne sont que les fruits et les expressions de ce qui habite en nous<\/em> \u00bb &#8211; Richard Baxter <sup>[1]<\/sup>.<\/p>\n<p>D\u2019embl\u00e9e, cette citation m\u2019est apparue pertinente : pertinente pour le chr\u00e9tien, elle l\u2019est d\u2019autant plus pour le responsable d\u2019\u00e9glise.<br \/>\nCe th\u00e8me soul\u00e8ve deux sujets pastoraux importants, me semble t-il :<\/p>\n<ul>\n<li>Comment rester centr\u00e9 sur notre vision et le minist\u00e8re que Dieu nous a confi\u00e9 ?<\/li>\n<li>Et comment vivre le repos du Seigneur, chemin faisant ?<\/li>\n<\/ul>\n<p><span style=\"color: #009999;\"><strong>Comment rester centr\u00e9 sur notre vision et le minist\u00e8re que Dieu nous a confi\u00e9 ?<\/strong><\/span><\/p>\n<p>Ah la rentr\u00e9e ! Elle signifie traditionnellement reprise de nos activit\u00e9s. Nous avons :<\/p>\n<ul>\n<li>des \u00e9tudes bibliques et pr\u00e9dications \u00e0 pr\u00e9parer,<\/li>\n<li>des visites \u00e0 faire,<\/li>\n<li>des r\u00e9unions \u00e0 planifier,<\/li>\n<li>des relations \u00e0 d\u00e9velopper,<\/li>\n<li>des projets \u00e0 anticiper.<\/li>\n<\/ul>\n<p>Puisque le 1<sup>er<\/sup> ao\u00fbt dernier a vu la fin de l\u2019urgence sanitaire, nous serons d\u2019autant plus enclins \u00e0 vouloir reprendre rapidement nos vies d\u2019\u00e9glises, autant que possible comme avant. Pour ce faire, il faudra redoubler d\u2019efforts et de temps pour bien \u00ab r\u00e9amorcer la pompe \u00bb.<br \/>\nEt comme le temps nous est compt\u00e9, le danger est que nous n\u00e9gligions de prendre soin de notre c\u0153ur.<\/p>\n<p><strong><span style=\"color: #009999;\">Alors comment faire\u00a0?<\/span><\/strong><\/p>\n<p>Suivre les bons exemples et faire les bons choix.<\/p>\n<p>J\u2019ai toujours \u00e9t\u00e9 frapp\u00e9 par <strong>l\u2019exemple de Daniel<\/strong> qui, malgr\u00e9 ses hautes fonctions dans l\u2019empire babylonien, trouvait quotidiennement le temps de se tourner vers Dieu, trois fois par jour ! (Daniel 6.10).<\/p>\n<p>Qu\u2019en est-il de moi ? Serais-je tellement affair\u00e9 que je n\u2019aurais plus le temps de me poser devant mon Dieu ? Daniel faisait les bons choix. En s\u2019y appliquant, sa vie en devint exemplaire (voir Daniel 6.4-5). Cet homme de grande valeur avait int\u00e9gr\u00e9 ce principe de vie essentiel: \u00ab<em>\u00a0Garde ton c\u0153ur plus que toute autre chose &#8230;<\/em>\u00a0\u00bb Proverbes 4.23.<\/p>\n<p>Dans le m\u00eame sens, l\u2019ap\u00f4tre Paul encourage son jeune coll\u00e8gue Timoth\u00e9e (1 Tim.4.15-16) :<br \/>\n\u00ab <em>Veille sur toi-m\u00eame et sur ton enseignement<\/em>\u00a0\u00bb. En tant que responsables, nous sommes en premi\u00e8re ligne dans l\u2019\u00c9glise de J\u00e9sus-Christ.<\/p>\n<p>Mais nous ne sommes pas d\u2019abord des responsables d\u2019\u00e9glises ou des gestionnaires d\u2019\u0153uvres. Nous sommes avant tout, des serviteurs et servantes qui doivent d\u00e9montrer par leurs actes et leurs paroles comment il convient de servir Dieu au travers de notre quotidien. <strong>C\u2019est une question d\u2019int\u00e9grit\u00e9\u00a0 : que nos actes puissent parler plus que nos paroles. <\/strong><\/p>\n<p>Juste un exemple: dans les n\u00e9cessaires rencontres de conseil d\u2019\u00e9glise, de responsables ou d\u2019anciens ; prenons soin de veiller les uns sur les autres avant de d\u00e9marrer nos ordres du jour. Partageons de nos nouvelles personnelles, portons ensemble nos fardeaux et prions les uns pour les autres. Nous manifesterons ainsi l\u2019Amour de Christ entre nous, y renforcerons notre unit\u00e9 et cela servira d\u2019exemples pour nos assembl\u00e9es.<\/p>\n<p><strong>Un autre exemple \u00e0 suivre, plus proche de nous, c\u2019est celui de Jonathan Edwards <sup>[2]<\/sup>.<\/strong> Dans les d\u00e9buts de son minist\u00e8re, il r\u00e9digea une liste de <strong>70 r\u00e9solutions<\/strong> qu\u2019il s\u2019engagea \u00e0 lire une fois par semaine. Juste l\u2019une d\u2019entre elles : \u00ab <em>R\u00e9solu \u00e0 \u00e9tudier les \u00c9critures avec tant de constance, de r\u00e9gularit\u00e9 et de fr\u00e9quence que je puisse constater et percevoir clairement que je grandis dans leur connaissance<\/em>\u00a0\u00bb. Il est \u00e9vident que son caract\u00e8re et la port\u00e9e de son minist\u00e8re furent forg\u00e9s par la mise en pratique de telles r\u00e9solutions.<br \/>\n\u00ab\u00a0<em>Occupe-toi de ces choses \u2026 afin que tes progr\u00e8s soient \u00e9vidents pour tous<\/em>\u00a0\u00bb<\/p>\n<p>Le minist\u00e8re que Dieu nous confie dans sa Gr\u00e2ce n\u2019est pas destin\u00e9 \u00e0 la diffusion de sa Parole, mais plut\u00f4t \u00e0 <strong>d\u00e9montrer par son infusion dans notre vie, que l\u2019\u00c9vangile nous transforme radicalement en Christ.<\/strong> Comme le dit un \u00e9vang\u00e9liste : \u00ab\u00a0<em>Vivre l\u2019\u00c9vangile\u00a0: du fond du c\u0153ur vers l\u2019ext\u00e9rieur<\/em>\u00a0\u00bb. Du bon exemple \u00e0 suivre de Timoth\u00e9e, passons \u00e0 l\u2019excellence au travers de l\u2019exemple de J\u00e9sus.<\/p>\n<p><span style=\"color: #009999;\"><strong>Comment vivre le repos du Seigneur, chemin faisant\u00a0?<\/strong><\/span><\/p>\n<p>Vivre dans la d\u00e9pendance de Dieu, mais pas que\u2026<\/p>\n<p>Au regard de notre monde actuel, un horizon particuli\u00e8rement sombre se pr\u00e9sente \u00e0 nous en cette rentr\u00e9e et m\u00eame au-del\u00e0. Mais soyons r\u00e9alistes. A la lumi\u00e8re de la Parole de Dieu, il ne peut en \u00eatre autrement. Consid\u00e9rons ne serait-ce qu\u2019Eph\u00e9siens 5.16-17. \u00ab <em>R<\/em><em>achetez le temps, car les jours sont mauvais. C&rsquo;est pourquoi ne soyez pas inconsid<\/em><em>\u00e9r\u00e9s, mais comprenez quelle est la volont\u00e9 du Seigneur.\u00a0\u00bb<\/em><\/p>\n<p>N\u2019y perdons pas de vue notre esp\u00e9rance chr\u00e9tienne. Elle est une vertu th\u00e9ologique qui nous permet de garder notre bon cap, dans la foi. Comme le dit si bien C.S. Lewis <sup>[3]<\/sup> : <em>\u00ab\u00a0\u2026 le fait de se tourner continuellement vers le monde \u00e9ternel n&rsquo;est pas (comme le pensent certaines personnes modernes) une forme d&rsquo;\u00e9vasion ou un v\u0153u pieux, mais l&rsquo;une des choses qu&rsquo;un chr\u00e9tien est cens\u00e9 faire. Cela ne signifie pas que nous devons laisser le monde actuel tel qu&rsquo;il est. Si vous lisez l&rsquo;Histoire, vous constaterez que les chr\u00e9tiens qui ont le plus fait pour le monde actuel \u00e9taient justement ceux qui pensaient le plus au prochain\u00a0\u00bb.<\/em><\/p>\n<p>Et pour cela, nous devons vivre dans une d\u00e9pendance grandissante de Dieu. Ce qu\u2019exp\u00e9rimenta Adolphe Monod <sup>[4]<\/sup>:<\/p>\n<blockquote>\n<p style=\"padding-left: 40px;\">\u00ab <em>Notre temps est \u00e0 Dieu et c\u2019est, par cons\u00e9quent, en Dieu que nous devons chercher toujours ce que nous avons \u00e0 faire pour remplir le temps qu\u2019il nous donne et pour saisir les occasions qu\u2019il nous pr\u00e9sente\u2026\u00a0 Notre c\u0153ur est naturellement port\u00e9 \u2013 c\u2019est la racine m\u00eame du p\u00e9ch\u00e9 \u2013 \u00e0 se constituer lui-m\u00eame le centre et le but de la vie\u2026 Soyons empress\u00e9s \u00e0 saisir les occasions que Dieu nous pr\u00e9sente \u2013 elles ne manqueront point \u2013 et nous trouverons devant nous une vie toute tiss\u00e9e d\u2019\u0153uvres bonnes toutes pr\u00e9par\u00e9es o\u00f9 nous n\u2019avons qu\u2019\u00e0 marcher\u2026\u00a0 Notre vie ne sera qu\u2019\u0153uvre bonne, ob\u00e9issance et par cons\u00e9quent, joie et paix par le Saint-Esprit\u00bb<\/em>.<\/p>\n<\/blockquote>\n<p><strong>\u00a0\u00ab <em>Seigneur, me voici, que veux-tu que je fasse\u00a0?<\/em>\u00a0\u00bb. C\u2019est la marque du disciple<\/strong> <strong>qui suit les pas de son Ma\u00eetre<\/strong>. Soyons donc disponibles pour les \u00ab\u00a0rendez-vous\u00a0\u00bb divins que le Seigneur veut placer dans notre quotidien. Ce repos que nous pouvons exp\u00e9rimenter dans la d\u00e9pendance de Dieu, ne peut se r\u00e9aliser sans la soumission de notre volont\u00e9 \u00e0 la sienne.<\/p>\n<p>Au passage, rappelons nous aussi que le minist\u00e8re que le Seigneur a pu nous confier est avant tout spirituel et dans ce sens, il d\u00e9clenchera forc\u00e9ment des hostilit\u00e9s, de l\u2019opposition, des luttes. L\u2019exemple supr\u00eame \u00e9tant celui de Christ : d\u00e8s le d\u00e9but de son minist\u00e8re, J\u00e9sus fut confront\u00e9 \u00e0 la tentation au d\u00e9sert (Luc 4.1-13), pour ensuite proclamer dans la synagogue \u00e0 Nazareth qu\u2019il \u00e9tait venu pour accomplir la volont\u00e9 du P\u00e8re pour nous (Luc 4.14-22).<\/p>\n<p>Et il est frappant de r\u00e9aliser que durant ses 3 ann\u00e9es de minist\u00e8re, J\u00e9sus a constamment suivi la volont\u00e9 du P\u00e8re au quotidien, mais sans jamais perdre de vue le grand but de sa venue parmi nous et ce, malgr\u00e9 une opposition de plus en plus virulente.<\/p>\n<p>C\u2019est pourquoi <strong>J\u00e9sus a d\u00fb prendre du temps dans la solitude<\/strong> (inh\u00e9rente au minist\u00e8re) afin de pouvoir constamment s\u2019en remettre \u00e0 Dieu le P\u00e8re en toutes choses, et notamment face aux \u00e9tapes importantes. L\u2019ultime \u00e9tape du jardin de Geths\u00e9man\u00e9 nous r\u00e9v\u00e9lant que notre Sauveur et Seigneur s\u2019abandonna jusqu\u2019au bout \u00e0 la volont\u00e9 du P\u00e8re :<br \/>\n\u00ab <em>Toutefois, non pas ce que je veux, mais ce que tu veux<\/em>\u00a0\u00bb (Marc 14.36).<\/p>\n<p>Face aux exigences du minist\u00e8re, aux attentes, \u00e0 ses d\u00e9fis, \u00e0 ses tensions :<\/p>\n<ul>\n<li>c\u2019est en \u00e9tant dans une <strong>d\u00e9pendance constante de Dieu<\/strong> que nous pourrons y <span style=\"color: #009999;\">trouver notre repos<\/span>,<\/li>\n<li>c\u2019est dans la <strong>solitude de la pri\u00e8re<\/strong> que nous pouvons <span style=\"color: #009999;\">nous d\u00e9charger de tout ce qui nous p\u00e8se, tout dire au Seigneur,<\/span><\/li>\n<li>c\u2019est dans le <strong>secret de sa pr\u00e9sence<\/strong> que nous pourrons y voir plus clair, v\u00e9ritablement r\u00e9ajuster au besoin, <span style=\"color: #009999;\">rester \u00e0 bonne distance des \u00e9v\u00e8nements.<\/span><\/li>\n<\/ul>\n<p>Ceci dit, ne fa\u00eetes pas l\u2019erreur typique qu\u2019il m\u2019arrive de faire : aborder ce repos du Seigneur comme \u00e9tant un moyen pour aboutir \u00e0 une fin. Dit autrement, agir ainsi dans le seul but calcul\u00e9 d\u2019\u00eatre plus efficace dans l\u2019exercice du minist\u00e8re. Il existe un repos encore plus renouvelant que cela : il consiste simplement \u00e0 se poser devant notre Dieu, face \u00e0 sa Parole, en y contemplant qui Il est vraiment pour nous, son peuple.<\/p>\n<p>Bri\u00e8vement : il est le Dieu du salut, source de notre plus profonde joie.<br \/>\nIl est celui qui gardera notre d\u00e9part comme notre arriv\u00e9e, d\u00e8s maintenant et \u00e0 jamais. Ayons donc foi en sa Parole, en sa fid\u00e9lit\u00e9 pour notre quotidien, en ses provisions divines pour les besoins de son \u0153uvre. C\u2019est ainsi que nous pourrons \u00eatre renouvel\u00e9s au mieux pour continuer \u00e0 servir Celui qui nous a tant aim\u00e9s.<\/p>\n<p>\u00ab\u00a0<em>Soyez mes imitateurs comme je le suis moi-m\u00eame de Christ<\/em> \u00bb, disait Paul \u00e0 l\u2019\u00e9glise de Corinthe (1 Cor.11.1).<\/p>\n<p>Bonne rentr\u00e9e\u00a0!<\/p>\n<p>Emmanuel Hartiel,<br \/>\nPasteur &#8211; Eglise CAEF de Guingamp-Ploumagoar<\/p>\n<p><span style=\"font-size: 10pt;\">[1] Pasteur (1615-1691)<\/span><br \/>\n<span style=\"font-size: 10pt;\">[2] Th\u00e9ologien (1703-1758)<\/span><br \/>\n<span style=\"font-size: 10pt;\">[3] Apolog\u00e8te (1898-1963). Citation du livre \u00ab\u00a0Les fondements du christianisme\u00a0\u00bb &#8211; Edit. LLB<\/span><br \/>\n<span style=\"font-size: 10pt;\">[4] Un des plus grands pr\u00e9dicateurs du 19<sup>\u00e8me<\/sup> si\u00e8cle (1802-1856). Citation du livre \u00ab\u00a0Les adieux\u00a0\u00bb &#8211; Edit. Kerygma\/Excelsis.<\/span><\/p>\n","protected":false},"excerpt":{"rendered":"<p>\u00ab Le premier et grand travail du chr\u00e9tien concerne son c\u0153ur&#8230; la langue et la vie ne sont que les fruits et les expressions de ce qui habite en nous \u00bb &#8211; Richard Baxter [1]. D\u2019embl\u00e9e, cette citation m\u2019est apparue pertinente : pertinente pour le chr\u00e9tien, elle l\u2019est d\u2019autant plus pour le responsable d\u2019\u00e9glise. Ce [&hellip;]<\/p>\n","protected":false},"author":4,"featured_media":1375,"comment_status":"closed","ping_status":"closed","sticky":false,"template":"","format":"standard","meta":{"footnotes":""},"categories":[17,8],"tags":[115,161,93,172],"class_list":["post-1368","post","type-post","status-publish","format-standard","has-post-thumbnail","hentry","category-a-la-une","category-refexions","tag-dependance-de-dieu","tag-priere","tag-rentree","tag-temps"],"_links":{"self":[{"href":"https:\/\/enews.caef.net\/index.php?rest_route=\/wp\/v2\/posts\/1368","targetHints":{"allow":["GET"]}}],"collection":[{"href":"https:\/\/enews.caef.net\/index.php?rest_route=\/wp\/v2\/posts"}],"about":[{"href":"https:\/\/enews.caef.net\/index.php?rest_route=\/wp\/v2\/types\/post"}],"author":[{"embeddable":true,"href":"https:\/\/enews.caef.net\/index.php?rest_route=\/wp\/v2\/users\/4"}],"replies":[{"embeddable":true,"href":"https:\/\/enews.caef.net\/index.php?rest_route=%2Fwp%2Fv2%2Fcomments&post=1368"}],"version-history":[{"count":13,"href":"https:\/\/enews.caef.net\/index.php?rest_route=\/wp\/v2\/posts\/1368\/revisions"}],"predecessor-version":[{"id":1449,"href":"https:\/\/enews.caef.net\/index.php?rest_route=\/wp\/v2\/posts\/1368\/revisions\/1449"}],"wp:featuredmedia":[{"embeddable":true,"href":"https:\/\/enews.caef.net\/index.php?rest_route=\/wp\/v2\/media\/1375"}],"wp:attachment":[{"href":"https:\/\/enews.caef.net\/index.php?rest_route=%2Fwp%2Fv2%2Fmedia&parent=1368"}],"wp:term":[{"taxonomy":"category","embeddable":true,"href":"https:\/\/enews.caef.net\/index.php?rest_route=%2Fwp%2Fv2%2Fcategories&post=1368"},{"taxonomy":"post_tag","embeddable":true,"href":"https:\/\/enews.caef.net\/index.php?rest_route=%2Fwp%2Fv2%2Ftags&post=1368"}],"curies":[{"name":"wp","href":"https:\/\/api.w.org\/{rel}","templated":true}]}}