{"id":1324,"date":"2022-08-08T12:11:13","date_gmt":"2022-08-08T10:11:13","guid":{"rendered":"https:\/\/enews.caef.net\/?p=1324"},"modified":"2022-09-20T15:04:36","modified_gmt":"2022-09-20T13:04:36","slug":"ou-en-sommes-nous","status":"publish","type":"post","link":"https:\/\/enews.caef.net\/?p=1324","title":{"rendered":"O\u00f9 en sommes-nous ?"},"content":{"rendered":"<p><strong>Que faut-il retenir de l\u2019intervention de Michel Castagno, Pr\u00e9sident de l\u2019Entente Evang\u00e9lique des CAEF ?<br \/>\n<\/strong>Voici les 6 points abord\u00e9s par Michel, lors de la cl\u00f4ture de l\u2019AG au Congr\u00e8s : une bonne synth\u00e8se pour savoir o\u00f9 en est notre Union en ce d\u00e9but d\u2019ann\u00e9e scolaire !<br \/>\n<em>(Le style oral a \u00e9t\u00e9 conserv\u00e9.)<\/em><\/p>\n<p><strong><span style=\"color: #009999;\">1 &#8211; L\u2019avenir de nos communaut\u00e9s se d\u00e9finit ENSEMBLE<\/span><\/strong><\/p>\n<p>L\u2019\u00e9quipe de la CSR s\u2019efforce d\u2019impulser la dynamique g\u00e9n\u00e9rale et de la g\u00e9rer au quotidien. En tant qu\u2019organe repr\u00e9sentatif des CAEF et garante des valeurs et de l\u2019identit\u00e9 CAEF : elle accompagne les projets, activit\u00e9s de nos \u0153uvres et \u00e9glises, elle soutient et encourage les projets existants, elle impulse de nouveaux, tout en \u0153uvrant pour trouver les ressources humaines et financi\u00e8res n\u00e9cessaires.<\/p>\n<p>Mais l\u2019avenir de nos communaut\u00e9s se d\u00e9finit ENSEMBLE.<\/p>\n<p>C\u2019est dans cet esprit qu\u2019un travail collaboratif et de consultation a \u00e9t\u00e9 men\u00e9 lors du Congr\u00e8s. Il permet de faire le point \u00e0 un instant T, et dans la mesure du possible, d\u2019\u00eatre tous au m\u00eame niveau d\u2019information. La synth\u00e8se de cette session collaborative devrait \u00eatre communiqu\u00e9e fin octobre.<\/p>\n<p>Tout projet se doit d\u2019\u00eatre constamment \u00e9valu\u00e9 en vue d\u2019adapter les diff\u00e9rents objectifs au plus pr\u00e8s de la r\u00e9alit\u00e9 et des besoins. Il ne s\u2019agit pas de revoir la vision de l\u2019Eglise dans sa finalit\u00e9 : en effet, l\u2019Eglise est pr\u00e9sente pour honorer Dieu, pour encourager la croissance spirituelle des croyants et pour rayonner au milieu de nos contemporains, mais il est <strong>n\u00e9cessaire de se questionner sur les diff\u00e9rentes \u00e9tapes concr\u00e8tes mises en place et \u00e0 d\u00e9velopper afin que cela serve au mieux et au plus juste nos assembl\u00e9es locales<\/strong>.<\/p>\n<p><strong><span style=\"color: #009999;\">2 &#8211; Notre fonctionnement actuel<\/span><\/strong><\/p>\n<p>La CSR a re\u00e7u beaucoup d\u2019encouragements autour du d\u00e9veloppement des synergies, de la part des \u00e9glises, ces 12 derni\u00e8res ann\u00e9es\u2026<\/p>\n<p>Voici une vue d\u2019ensemble de nos actions communes :<\/p>\n<p><img loading=\"lazy\" decoding=\"async\" class=\"aligncenter size-large wp-image-1332\" src=\"http:\/\/enews.caef.net\/wp-content\/uploads\/2022\/08\/marguerite.jpg-1024x690.png\" alt=\"\" width=\"640\" height=\"431\" srcset=\"https:\/\/enews.caef.net\/wp-content\/uploads\/2022\/08\/marguerite.jpg-1024x690.png 1024w, https:\/\/enews.caef.net\/wp-content\/uploads\/2022\/08\/marguerite.jpg-300x202.png 300w, https:\/\/enews.caef.net\/wp-content\/uploads\/2022\/08\/marguerite.jpg-768x518.png 768w, https:\/\/enews.caef.net\/wp-content\/uploads\/2022\/08\/marguerite.jpg-1536x1036.png 1536w, https:\/\/enews.caef.net\/wp-content\/uploads\/2022\/08\/marguerite.jpg.png 1593w\" sizes=\"auto, (max-width: 640px) 100vw, 640px\" \/><\/p>\n<p>Ce travail coll\u00e9gial rassemble, au-del\u00e0 de la CSR, une bonne vingtaine de fr\u00e8res et s\u0153urs, qui sont acteurs indispensables dans le bon fonctionnement de ces diff\u00e9rents d\u00e9partements au service de nos \u00e9glises locales : minist\u00e8res, \u00e9glises, mission, jeunesse, th\u00e9ologie, relations ext\u00e9rieures (CNEF, RFEF, instituts de formation), congr\u00e8s, communication et administratif.<\/p>\n<p>Cela repr\u00e9sente l\u2019\u00e9quivalent du travail de 9 plein-temps \u00e0 l\u2019heure actuelle, 9 plein-temps qui se consacrent \u00e0 la bonne marche de l\u2019Union !<\/p>\n<p><strong>Quelques pr\u00e9cisions sur notre fonctionnement :<\/strong><\/p>\n<ul>\n<li>Il est impossible pour les membres de la CSR d\u2019\u00eatre attendus \u00e0 la fois dans la supervision de l\u2019union et dans l\u2019op\u00e9rationnel, c\u2019est-\u00e0-dire d\u2019\u00eatre disponibles pour des interventions dans les \u00e9glises. L\u2019un n\u2019emp\u00eache pas l\u2019autre, mais nous distinguons les r\u00f4les pour ne pas nous surcharger et bien d\u00e9finir le cahier des charges d\u2019un membre de la CSR.<\/li>\n<li>Le pilotage de la CSR est confi\u00e9 d\u00e9sormais au pr\u00e9sident actuel \u00e0 partir de septembre 2022<\/li>\n<li>Le d\u00e9part d\u2019Eric Waechter laisse un \u00ab vide \u00bb pour la coordination du d\u00e9partement des minist\u00e8res et pour le soutien de l\u2019op\u00e9rationnel aupr\u00e8s des assembl\u00e9es.<\/li>\n<li>Pierre Bariteau se retirera du pilotage de l\u2019Entente d\u2019ici \u00e0 2024, p\u00e9riode \u00e0 laquelle il basculera dans l\u2019op\u00e9rationnel jusqu\u2019\u00e0 sa retraite.<\/li>\n<li>Enfin, il faut mentionner la fragilit\u00e9 du financement de plusieurs postes transversaux, qui d\u00e9pendent aujourd\u2019hui du r\u00e9seau de soutien personnel d\u2019un serviteur. Il n\u2019y a pas l\u2019argent suffisant dans la caisse commune pour les financer\u2026 Citons les acteurs AJC, ou m\u00eame le coordinateur des implantations d\u2019\u00e9glises.<\/li>\n<\/ul>\n<p><strong><span style=\"color: #009999;\">3 &#8211; Recrutements et d\u00e9veloppement du d\u00e9partement Eglises<\/span><\/strong><\/p>\n<p>L\u2019union cherche \u00e0 recruter des collaborateurs.<\/p>\n<ul>\n<li>Un responsable du D\u00e9partement Minist\u00e8res pour assurer la continuit\u00e9 et d\u00e9velopper ce poste (en termes de suivi pastoral, par ex). A minima, le poste requiert un mi-temps. C\u2019est aussi dans les t\u00e2ches de ce poste d\u2019encourager les minist\u00e8res Priscille\/Acquilas, ou les minist\u00e8res polyactifs.<\/li>\n<li>Un coordinateur au D\u00e9partement Eglises \u00e9galement, au minimum \u00e0 mi-temps. L\u2019objectif est de mieux structurer ce d\u00e9partement pour r\u00e9pondre aux sollicitations des \u00e9glises locales et\u00a0 proposer des outils de formations en \u00e9tant pro-actif. C\u2019est dans ce d\u00e9partement, que la notion de r\u00e9gionalisation nous semble la plus adapt\u00e9e mais elle reste \u00e0 organiser. Il y a \u00e9galement un \u00e9norme travail de revitalisation \u00e0 mettre en \u0153uvre, sans pouvoir compter envoyer un plein temps dans chacune de ces \u00e9glises !<br \/>\nNous esp\u00e9rons que l\u2019ouverture du poste D\u00e9partement Eglises sera une des r\u00e9ponses\u00a0 (parmi d\u2019autres) \u00e0 la probl\u00e9matique du mod\u00e8le un pasteur\/une \u00e9glise qui n\u2019est pas viable \u00e0 ce jour.<\/li>\n<li>Un secr\u00e9taire g\u00e9n\u00e9ral permanent au bureau \u00e0 Valence avec notamment un travail d\u2019analyse des comptes (aupr\u00e8s d\u2019Isabelle Couret).<\/li>\n<\/ul>\n<p>(A noter qu\u2019il est possible de cumuler les postes !)<\/p>\n<p><strong><span style=\"color: #009999;\">4 -Vous avez dit synergie\u2026 ?<\/span><\/strong><\/p>\n<p style=\"text-align: center;\"><span style=\"background-color: #009999; color: #ffffff;\"><i>\u00a0 \u00a0UNE SYNERGIE\u00a0 POUR L\u2019AFFERMISSEMENT<br \/>\nET L&rsquo;IMPLANTATION D&rsquo;EGLISES\u2026\u00a0\u00a0<\/i><\/span><\/p>\n<p>A moyen terme, nous souhaitons revoir notre leitmotiv, les synergies \u00e9tant acquises de fait et pleinement fonctionnelles ! Des discussions avec les partenaires du r\u00e9seau FEF sont aussi en cours, afin d\u2019\u00e9largir les synergies.<\/p>\n<p><strong><span style=\"color: #009999;\">5- Vous avez dit diversit\u00e9 ?<\/span><\/strong><\/p>\n<p>A cette question de la synergie, se rajoute la question essentielle de la diversit\u00e9.<\/p>\n<ul>\n<li>la question de la diversit\u00e9 telle que pos\u00e9e lors du congr\u00e8s de l\u2019an dernier : quelle diversit\u00e9 dans nos assembl\u00e9es par rapport \u00e0 la <strong>diversit\u00e9 de la population fran\u00e7aise<\/strong> ?<\/li>\n<li>mais aussi la question de la diversit\u00e9 th\u00e9ologique : elle est r\u00e9elle aujourd\u2019hui dans notre union (dimension du minist\u00e8re f\u00e9minin, pratiques dites charismatiques\u2026 ). Cette <strong>diversit\u00e9 th\u00e9ologique<\/strong> est-elle vue comme une opportunit\u00e9 ou comme une menace ? Une richesse ou un d\u00e9fi ? A l\u2019heure du r\u00e9seau FEF et du CNEF\u2026<\/li>\n<\/ul>\n<p><strong><span style=\"color: #009999;\">6 &#8211; Conservons le cap spirituel !<\/span><\/strong><\/p>\n<p style=\"text-align: center;\"><span style=\"color: #ffffff; background-color: #009999;\"><i>Et c\u2019est aussi en Christ que nous avons \u00e9t\u00e9 choisis pour lui appartenir conform\u00e9ment \u00e0 ce qu\u2019avait fix\u00e9 celui qui met en \u0153uvre toutes choses, selon l\u2019intention qui inspire sa d\u00e9cision. Ainsi, nous avons \u00e9t\u00e9 destin\u00e9s d\u2019avance \u00e0 <\/i><b><i>c\u00e9l\u00e9brer sa gloire<\/i><\/b><i> nous qui, les tout premiers, avons plac\u00e9 notre esp\u00e9rance dans le Messie.\u00a0 <\/i>Eph 1. 11-12<\/span><\/p>\n<p>Je termine par ce qui, \u00e0 mes yeux, demeure essentiel et qui permet \u00e0 chacun de prendre du recul sur ces d\u00e9fis et questions, de les placer au second plan.<\/p>\n<p>Cultivons la relation verticale, notre pi\u00e9t\u00e9, restons \u00e0 Son \u00e9coute\u2026<\/p>\n<p>Cela se traduira horizontalement, entre nous, par de l\u2019humilit\u00e9, de l\u2019interd\u00e9pendance et un esprit de service les uns envers les autres.<\/p>\n<p><strong>L\u2019enjeu du serviteur est sa d\u00e9pendance personnelle envers Dieu et une identit\u00e9 plac\u00e9e en Christ seul.<\/strong> Etre avant de faire\u2026 lui appartenir ! Apr\u00e8s, c\u2019est lui qui mettra en \u0153uvre toutes choses.<\/p>\n<p><strong><span style=\"color: #009999;\">Conservons cet esprit, en vue de d\u00e9bats constructifs et pour Sa seule gloire.<\/span><\/strong><\/p>\n<p>&nbsp;<\/p>\n","protected":false},"excerpt":{"rendered":"<p>Que faut-il retenir de l\u2019intervention de Michel Castagno, Pr\u00e9sident de l\u2019Entente Evang\u00e9lique des CAEF ? Voici les 6 points abord\u00e9s par Michel, lors de la cl\u00f4ture de l\u2019AG au Congr\u00e8s : une bonne synth\u00e8se pour savoir o\u00f9 en est notre Union en ce d\u00e9but d\u2019ann\u00e9e scolaire ! (Le style oral a \u00e9t\u00e9 conserv\u00e9.) 1 &#8211; [&hellip;]<\/p>\n","protected":false},"author":4,"featured_media":1434,"comment_status":"closed","ping_status":"closed","sticky":false,"template":"","format":"standard","meta":{"footnotes":""},"categories":[17,7],"tags":[167,168,169,170],"class_list":["post-1324","post","type-post","status-publish","format-standard","has-post-thumbnail","hentry","category-a-la-une","category-actu","tag-ag","tag-discours","tag-perspectives","tag-recrutement"],"_links":{"self":[{"href":"https:\/\/enews.caef.net\/index.php?rest_route=\/wp\/v2\/posts\/1324","targetHints":{"allow":["GET"]}}],"collection":[{"href":"https:\/\/enews.caef.net\/index.php?rest_route=\/wp\/v2\/posts"}],"about":[{"href":"https:\/\/enews.caef.net\/index.php?rest_route=\/wp\/v2\/types\/post"}],"author":[{"embeddable":true,"href":"https:\/\/enews.caef.net\/index.php?rest_route=\/wp\/v2\/users\/4"}],"replies":[{"embeddable":true,"href":"https:\/\/enews.caef.net\/index.php?rest_route=%2Fwp%2Fv2%2Fcomments&post=1324"}],"version-history":[{"count":17,"href":"https:\/\/enews.caef.net\/index.php?rest_route=\/wp\/v2\/posts\/1324\/revisions"}],"predecessor-version":[{"id":1410,"href":"https:\/\/enews.caef.net\/index.php?rest_route=\/wp\/v2\/posts\/1324\/revisions\/1410"}],"wp:featuredmedia":[{"embeddable":true,"href":"https:\/\/enews.caef.net\/index.php?rest_route=\/wp\/v2\/media\/1434"}],"wp:attachment":[{"href":"https:\/\/enews.caef.net\/index.php?rest_route=%2Fwp%2Fv2%2Fmedia&parent=1324"}],"wp:term":[{"taxonomy":"category","embeddable":true,"href":"https:\/\/enews.caef.net\/index.php?rest_route=%2Fwp%2Fv2%2Fcategories&post=1324"},{"taxonomy":"post_tag","embeddable":true,"href":"https:\/\/enews.caef.net\/index.php?rest_route=%2Fwp%2Fv2%2Ftags&post=1324"}],"curies":[{"name":"wp","href":"https:\/\/api.w.org\/{rel}","templated":true}]}}