{"id":1241,"date":"2022-07-04T17:08:40","date_gmt":"2022-07-04T15:08:40","guid":{"rendered":"https:\/\/enews.caef.net\/?p=1241"},"modified":"2023-02-13T15:29:50","modified_gmt":"2023-02-13T14:29:50","slug":"je-reviendrai","status":"publish","type":"post","link":"https:\/\/enews.caef.net\/?p=1241","title":{"rendered":"Je reviendrai !\u00a0"},"content":{"rendered":"<p><strong><span style=\"color: #009999;\">T\u00e9moignage de Cl\u00e9ment Tsyboula, participant \u00e0 un Congres CAEF pour&#8230;\u00a0 la 1ere fois.<\/span><\/strong><\/p>\n<p><span data-contrast=\"auto\">\u00ab\u00a0Ancien depuis 3 ans \u00e0 l\u2019\u00e9glise CAEF de Palaiseau, le Congr\u00e8s 2022 a \u00e9t\u00e9 une premi\u00e8re pour moi. <\/span>\u00a0<span data-contrast=\"auto\">Ce qui m\u2019a pouss\u00e9 \u00e0 y participer ?\u00a0<\/span><span data-ccp-props=\"{&quot;201341983&quot;:0,&quot;335551550&quot;:6,&quot;335551620&quot;:6,&quot;335559739&quot;:160,&quot;335559740&quot;:257}\">\u00a0<\/span><\/p>\n<ul>\n<li data-leveltext=\"\uf0b7\" data-font=\"Symbol\" data-listid=\"1\" data-list-defn-props=\"{&quot;335552541&quot;:1,&quot;335559684&quot;:-2,&quot;335559685&quot;:720,&quot;335559991&quot;:360,&quot;469769226&quot;:&quot;Symbol&quot;,&quot;469769242&quot;:[8226],&quot;469777803&quot;:&quot;left&quot;,&quot;469777804&quot;:&quot;\uf0b7&quot;,&quot;469777815&quot;:&quot;hybridMultilevel&quot;}\" aria-setsize=\"-1\" data-aria-posinset=\"1\" data-aria-level=\"1\"><span data-contrast=\"auto\">D\u2019abord, le titre accrocheur, pour ne pas dire un brin provocateur \u00ab <\/span><i><span data-contrast=\"auto\">Serviteurs inutiles ?<\/span><\/i><span data-contrast=\"auto\"> \u00bb. <\/span><span data-ccp-props=\"{&quot;201341983&quot;:0,&quot;335551550&quot;:6,&quot;335551620&quot;:6,&quot;335559739&quot;:160,&quot;335559740&quot;:257}\">\u00a0<\/span><\/li>\n<li data-leveltext=\"\uf0b7\" data-font=\"Symbol\" data-listid=\"1\" data-list-defn-props=\"{&quot;335552541&quot;:1,&quot;335559684&quot;:-2,&quot;335559685&quot;:720,&quot;335559991&quot;:360,&quot;469769226&quot;:&quot;Symbol&quot;,&quot;469769242&quot;:[8226],&quot;469777803&quot;:&quot;left&quot;,&quot;469777804&quot;:&quot;\uf0b7&quot;,&quot;469777815&quot;:&quot;hybridMultilevel&quot;}\" aria-setsize=\"-1\" data-aria-posinset=\"1\" data-aria-level=\"1\"><span data-contrast=\"auto\">Puis le programme des ateliers, dont plusieurs d\u2019entre eux rejoignaient mes pr\u00e9occupations pour la vie d\u2019\u00e9glise.\u00a0<\/span><span data-ccp-props=\"{&quot;201341983&quot;:0,&quot;335551550&quot;:6,&quot;335551620&quot;:6,&quot;335559739&quot;:160,&quot;335559740&quot;:257}\">\u00a0<\/span><\/li>\n<li data-leveltext=\"\uf0b7\" data-font=\"Symbol\" data-listid=\"1\" data-list-defn-props=\"{&quot;335552541&quot;:1,&quot;335559684&quot;:-2,&quot;335559685&quot;:720,&quot;335559991&quot;:360,&quot;469769226&quot;:&quot;Symbol&quot;,&quot;469769242&quot;:[8226],&quot;469777803&quot;:&quot;left&quot;,&quot;469777804&quot;:&quot;\uf0b7&quot;,&quot;469777815&quot;:&quot;hybridMultilevel&quot;}\" aria-setsize=\"-1\" data-aria-posinset=\"1\" data-aria-level=\"1\"><span data-contrast=\"auto\">Enfin, l\u2019envie d\u2019\u00e9largir un peu mon horizon tr\u00e8s local pour faire plus ample connaissance avec cette famille \u00e9largie CAEF.<\/span><span data-ccp-props=\"{&quot;201341983&quot;:0,&quot;335551550&quot;:6,&quot;335551620&quot;:6,&quot;335559739&quot;:160,&quot;335559740&quot;:257}\">\u00a0<\/span><\/li>\n<\/ul>\n<p><strong><span style=\"color: #009999;\">Je n\u2019ai pas \u00e9t\u00e9 d\u00e9\u00e7u.\u00a0<\/span><\/strong><\/p>\n<p><span data-contrast=\"auto\">Les enseignements en pl\u00e9ni\u00e8re tout d\u2019abord ont \u00e9t\u00e9 d\u2019une grande richesse. J\u2019y ai notamment d\u00e9couvert que la traduction plus exacte d\u2019\u00ab inutile \u00bb serait davantage \u00ab ordinaire \u00bb. Me voil\u00e0 rassur\u00e9 ! Je suis donc humblement pass\u00e9 en deux jours du statut de serviteur inutile \u00e0 celui d\u2019ordinaire ; c\u2019est une vraie progression !\u00a0<\/span><span data-ccp-props=\"{&quot;201341983&quot;:0,&quot;335551550&quot;:6,&quot;335551620&quot;:6,&quot;335559739&quot;:160,&quot;335559740&quot;:257}\">\u00a0<\/span><\/p>\n<p><span data-contrast=\"auto\">Les ateliers ensuite ont permis de stimuler ou de r\u00e9pondre \u00e0 certaines interrogations ou tout simplement d\u2019\u00e9changer avec d\u2019autres serviteurs sur leurs exp\u00e9riences concr\u00e8tes. <\/span><\/p>\n<blockquote><p><span data-contrast=\"auto\">C\u2019est l\u00e0 o\u00f9 je me suis dit qu\u2019il est bon de sortir un peu la t\u00eate du guidon pour faire une pause, un pas de c\u00f4t\u00e9, r\u00e9fl\u00e9chir, voir comment Dieu agit chez ses fr\u00e8res et s\u0153urs&#8230;<\/span><\/p><\/blockquote>\n<p><span data-contrast=\"auto\">Mais au-del\u00e0 de ce programme de \u00ab travail \u00bb, ce sont aussi les temps informels de discussion qui ont donn\u00e9 une saveur toute particuli\u00e8re \u00e0 ce Congr\u00e8s. Puisque j\u2019\u00e9tais l\u00e0 aussi pour \u00e9largir les horizons, ma d\u00e9cision \u00e9tait de prendre chaque repas \u00e0 une table diff\u00e9rente. Et l\u00e0, quelle richesse ! La frugalit\u00e9 des portions servies f\u00fbt largement compens\u00e9e par l\u2019abondance des relations fraternelles : on retrouve des amis <\/span><span data-contrast=\"auto\">(<\/span><span data-contrast=\"auto\">peu<\/span><span data-contrast=\"auto\">)<\/span><span data-contrast=\"auto\"> perdus de vue mais on fait aussi connaissance avec des nouveaux. Chacun partage librement sur ce qui se passe dans son \u00e9glise, avec les joies et les difficult\u00e9s du minist\u00e8re. On s\u2019encourage, on prie, on confronte ses exp\u00e9riences\u2026 <\/span><\/p>\n<blockquote><p><span data-contrast=\"auto\">C\u2019est \u00e7a aussi l\u2019Eglise de Dieu ! Nous sommes un grand corps (plus que ce qu\u2019on imagine) et Il travaille en chacun des membres qui le composent ! <\/span><span data-ccp-props=\"{&quot;201341983&quot;:0,&quot;335551550&quot;:6,&quot;335551620&quot;:6,&quot;335559739&quot;:160,&quot;335559740&quot;:257}\">\u00a0<\/span><\/p><\/blockquote>\n<p><span style=\"color: #009999;\"><b>Cette vision renouvel\u00e9e-\u00e9largie de l\u2019Eglise m\u2019a ainsi donn\u00e9 envie de travailler plus concr\u00e8tement avec les autres communaut\u00e9s proches de chez nous <\/b><b>et <\/b><b>qui exprimaient un besoin de soutien.\u00a0\u00bb <\/b>\u00a0<\/span><\/p>\n<p><span data-contrast=\"auto\">Conclusion : Je reviendrai si Dieu me le permet. <\/span><br \/>\n<span style=\"color: #009999;\"><b>RENDEZ-VOUS est pris, \u00e0 Vichy, en 2023, du 6 au 8 mai,<br \/>\navec Matthieu Sanders <\/b>\u00a0<\/span><\/p>\n<p><b><span data-contrast=\"auto\">Et pour continuer \u00e0 vivre l\u2019\u00e9glise, retrouvez les <a href=\"https:\/\/www.caef.net\/index.php\/actualites\/carte.html\" target=\"_blank\" rel=\"noopener\">sujets de pri\u00e8re des \u00e9glises, en vid\u00e9os.\u00a0<\/a><\/span><\/b><\/p>\n<p><span data-ccp-props=\"{&quot;134233117&quot;:false,&quot;134233118&quot;:false,&quot;201341983&quot;:0,&quot;335551550&quot;:1,&quot;335551620&quot;:1,&quot;335559685&quot;:0,&quot;335559737&quot;:0,&quot;335559738&quot;:0,&quot;335559739&quot;:160,&quot;335559740&quot;:259}\">\u00a0<\/span><\/p>\n","protected":false},"excerpt":{"rendered":"<p>T\u00e9moignage de Cl\u00e9ment Tsyboula, participant \u00e0 un Congres CAEF pour&#8230;\u00a0 la 1ere fois. \u00ab\u00a0Ancien depuis 3 ans \u00e0 l\u2019\u00e9glise CAEF de Palaiseau, le Congr\u00e8s 2022 a \u00e9t\u00e9 une premi\u00e8re pour moi. \u00a0Ce qui m\u2019a pouss\u00e9 \u00e0 y participer ?\u00a0\u00a0 D\u2019abord, le titre accrocheur, pour ne pas dire un brin provocateur \u00ab Serviteurs inutiles ? \u00bb. [&hellip;]<\/p>\n","protected":false},"author":4,"featured_media":1319,"comment_status":"closed","ping_status":"closed","sticky":false,"template":"","format":"standard","meta":{"footnotes":""},"categories":[17,162],"tags":[],"class_list":["post-1241","post","type-post","status-publish","format-standard","has-post-thumbnail","hentry","category-a-la-une","category-vie-de-lunion"],"_links":{"self":[{"href":"https:\/\/enews.caef.net\/index.php?rest_route=\/wp\/v2\/posts\/1241","targetHints":{"allow":["GET"]}}],"collection":[{"href":"https:\/\/enews.caef.net\/index.php?rest_route=\/wp\/v2\/posts"}],"about":[{"href":"https:\/\/enews.caef.net\/index.php?rest_route=\/wp\/v2\/types\/post"}],"author":[{"embeddable":true,"href":"https:\/\/enews.caef.net\/index.php?rest_route=\/wp\/v2\/users\/4"}],"replies":[{"embeddable":true,"href":"https:\/\/enews.caef.net\/index.php?rest_route=%2Fwp%2Fv2%2Fcomments&post=1241"}],"version-history":[{"count":7,"href":"https:\/\/enews.caef.net\/index.php?rest_route=\/wp\/v2\/posts\/1241\/revisions"}],"predecessor-version":[{"id":1606,"href":"https:\/\/enews.caef.net\/index.php?rest_route=\/wp\/v2\/posts\/1241\/revisions\/1606"}],"wp:featuredmedia":[{"embeddable":true,"href":"https:\/\/enews.caef.net\/index.php?rest_route=\/wp\/v2\/media\/1319"}],"wp:attachment":[{"href":"https:\/\/enews.caef.net\/index.php?rest_route=%2Fwp%2Fv2%2Fmedia&parent=1241"}],"wp:term":[{"taxonomy":"category","embeddable":true,"href":"https:\/\/enews.caef.net\/index.php?rest_route=%2Fwp%2Fv2%2Fcategories&post=1241"},{"taxonomy":"post_tag","embeddable":true,"href":"https:\/\/enews.caef.net\/index.php?rest_route=%2Fwp%2Fv2%2Ftags&post=1241"}],"curies":[{"name":"wp","href":"https:\/\/api.w.org\/{rel}","templated":true}]}}