{"id":1232,"date":"2022-07-04T16:25:55","date_gmt":"2022-07-04T14:25:55","guid":{"rendered":"https:\/\/enews.caef.net\/?p=1232"},"modified":"2025-06-13T08:52:53","modified_gmt":"2025-06-13T06:52:53","slug":"une-synergie-pour-le-havre","status":"publish","type":"post","link":"https:\/\/enews.caef.net\/?p=1232","title":{"rendered":"Une synergie pour le Havre \u202f?\u00a0"},"content":{"rendered":"<p><span data-contrast=\"auto\">La Seine-Maritime est un d\u00e9partement d\u2019environ 1\u202f300\u202f000 habitants. Avec des villes comme Le Havre et Rouen sur la Seine, ce d\u00e9partement dynamique vit du prolongement naturel de l\u2019axe parisien. <\/span><\/p>\n<blockquote><p><span data-contrast=\"auto\">Or, dans ce d\u00e9partement, <\/span><b><span data-contrast=\"auto\">on ne recense qu\u2019une seule \u00c9glise \u00e9vang\u00e9lique de tendance r\u00e9seau FEF, l\u2019\u00c9glise <\/span><\/b><b><i><span data-contrast=\"auto\">la Bonne Nouvelle<\/span><\/i><\/b><b><span data-contrast=\"auto\"> du Havre<\/span><\/b><span data-contrast=\"auto\">.<\/span><\/p><\/blockquote>\n<p><span data-contrast=\"auto\">S\u2019il existe un certain nombre d\u2019\u00c9glises \u00e9vang\u00e9liques faisant un beau travail dans ce qui a \u00e9t\u00e9 le berceau du r\u00e9veil pentec\u00f4tiste en France, il appara\u00eet important que toutes les sensibilit\u00e9s puissent \u00eatre pr\u00e9sentes dans un bassin de population aussi important. L\u2019\u00c9glise du Havre est donc un point strat\u00e9gique pour les CAEF et plus largement pour le r\u00e9seau FEF. <\/span><span data-ccp-props=\"{&quot;335551550&quot;:6,&quot;335551620&quot;:6}\">\u00a0<\/span><\/p>\n<p><span style=\"color: #009999;\"><strong>Le temps des missions&#8230;<\/strong> \u00a0<\/span><br \/>\n<span data-contrast=\"auto\">Implant\u00e9e dans les ann\u00e9es 60 suite \u00e0 un travail d\u2019\u00e9vang\u00e9lisation avec un stand biblique tenu par Colin et Rhoda Porteous, l\u2019\u00c9glise \u0153uvre largement \u00e0 l\u2019\u00e9vang\u00e9lisation de la ville, par la litt\u00e9rature chr\u00e9tienne donc, mais aussi par diff\u00e9rentes actions. <\/span><\/p>\n<p><span data-contrast=\"auto\">Ainsi, la venue du bateau <\/span><i><span data-contrast=\"auto\">M.V. Logos<\/span><\/i><span data-contrast=\"auto\"> d\u2019Op\u00e9ration Mobilisation en 1968 est l\u2019occasion de quelques conversions. En 1986, Alan et Anne Kitt viennent dans le but de d\u00e9velopper le minist\u00e8re de la librairie. Ce d\u00e9veloppement conduit l\u2019<\/span><span data-contrast=\"auto\">\u00c9<\/span><span data-contrast=\"auto\">glise \u00e0 d\u00e9m\u00e9nager deux fois au d\u00e9but des ann\u00e9es 90, d\u2019abord \u00e0 c\u00f4t\u00e9 d\u2019un centre commercial, puis dans un nouveau local, toujours occup\u00e9, \u00e0 deux pas du stade historique du Havre Athletic Club, premier club professionnel de football fran\u00e7ais. Plusieurs serviteurs passent ensuite par l\u2019<\/span><span data-contrast=\"auto\">\u00c9<\/span><span data-contrast=\"auto\">glise, les Koog, en collaboration avec la Mission Liebenzell (1998-2000), Pierre et Ariane Mendy (d\u00e9but 2000) &#8230; <\/span><span data-ccp-props=\"{&quot;335551550&quot;:6,&quot;335551620&quot;:6}\">\u00a0<\/span><\/p>\n<p><span style=\"color: #009999;\"><b>Fid\u00e9lit\u00e9 et pers\u00e9v\u00e9rance !<\/b>\u00a0<\/span><br \/>\n<span data-contrast=\"auto\">Cette <\/span><span data-contrast=\"auto\">\u00c9glise<\/span><span data-contrast=\"auto\">, situ\u00e9e aux portes de la ville, est toujours rest\u00e9e de petite taille et n\u2019a jamais r\u00e9ellement pu atteindre un effectif suffisant qui lui aurait permis d\u2019assumer les d\u00e9parts successifs de plusieurs cadres suite \u00e0 des mutations professionnelles. <\/span><\/p>\n<p><span data-contrast=\"auto\">Depuis des ann\u00e9es, <\/span><b><span data-contrast=\"auto\">une toute petite \u00e9quipe de quelques personnes pers\u00e9v\u00e8re<\/span><\/b><span data-contrast=\"auto\"> pour maintenir un t\u00e9moignage dans cette partie de la ville o\u00f9 l\u2019\u00e9vangile n\u2019est que trop peu audible<\/span><span data-contrast=\"auto\">,<\/span><span data-contrast=\"auto\"> alors que<\/span><b><span data-contrast=\"auto\"> les gens sont assoiff\u00e9s d\u2019entendre un message d\u2019espoir.\u00a0<\/span><\/b><\/p>\n<p><span data-contrast=\"auto\">Le Havre est une agglom\u00e9ration de 270\u202f000 habitants engag\u00e9e dans une mue en profondeur<\/span><span data-contrast=\"auto\">, avec un dynamisme impressionnant. Nouveau centre, reconstruction de quartiers entiers, tram, front de mer redynamis\u00e9\u2026 Sous l\u2019impulsion de l\u2019ancien Premier ministre <\/span><span data-contrast=\"auto\">\u00c9douard <\/span><span data-contrast=\"auto\">Philippe, la ville continue de se d\u00e9velopper \u00e0 un rythme soutenu et profite de l\u2019attractivit\u00e9 du second port de France (apr\u00e8s Marseille) et sixi\u00e8me au rang europ\u00e9en. <\/span><b><span data-contrast=\"auto\">Loin de la caricature sinistre que l\u2019on en a souvent, le \u00ab\u202fport de Paris\u202f\u00bb est un lieu o\u00f9 il fait bon vivre, avec la mer, les falaises d\u2019\u00c9tretat et un c\u0153ur de ville compl\u00e8tement r\u00e9nov\u00e9<\/span><\/b><sup><span data-contrast=\"auto\">1<\/span><\/sup><span data-contrast=\"auto\">.<\/span><\/p>\n<p><span data-contrast=\"auto\">Pourtant, comme dans toutes les villes, des hommes, des femmes, des jeunes et des moins jeunes, des familles enti\u00e8res cherchent un sens \u00e0 l\u2019existence. Ils attendent que l\u2019\u00e9vangile leur soit annonc\u00e9 et ils esp\u00e8rent pouvoir trouver un lieu, une communaut\u00e9 qui saura les accueillir, les accompagner et leur permettre de d\u00e9couvrir un nouvel espoir. <\/span><span data-ccp-props=\"{&quot;335551550&quot;:6,&quot;335551620&quot;:6}\">\u00a0<\/span><\/p>\n<p><span style=\"color: #009999;\"><b>Relever le d\u00e9fi de poursuivre&#8230;\u00a0 avec eux, en Union !<\/b>\u00a0<\/span><\/p>\n<p><span data-contrast=\"auto\">Aujourd\u2019hui, l<\/span><span data-contrast=\"auto\">\u2019<\/span><b><span data-contrast=\"auto\">\u00c9glise<\/span><\/b><b><span data-contrast=\"auto\"> de la Bonne Nouvelle du Havre est face \u00e0 un d\u00e9fi \u00e9norme, celui de poursuivre ou non l\u2019\u0153uvre sur place.<\/span><\/b><span data-contrast=\"auto\"> La communaut\u00e9 de dix personnes poss\u00e8de des locaux, un logement de fonction, mais arrive au bout de ses forces dans son effort pers\u00e9v\u00e9rant qui dure depuis des ann\u00e9es.\u00a0<\/span><span data-ccp-props=\"{&quot;134233117&quot;:false,&quot;134233118&quot;:false,&quot;201341983&quot;:0,&quot;335551550&quot;:6,&quot;335551620&quot;:6,&quot;335559685&quot;:0,&quot;335559737&quot;:0,&quot;335559738&quot;:0,&quot;335559739&quot;:0,&quot;335559740&quot;:259}\">\u00a0<\/span><\/p>\n<blockquote><p><span data-contrast=\"auto\">En tant qu\u2019Union, nous voulons faire conna\u00eetre les besoins de cette <\/span><span data-contrast=\"auto\">\u00c9glise <\/span><span data-contrast=\"auto\">et inviter chacun et chacune \u00e0 prier pour cette ville, pour cette <\/span><span data-contrast=\"auto\">\u00c9glise<\/span><span data-contrast=\"auto\">. <\/span><\/p><\/blockquote>\n<p><span data-contrast=\"auto\">Prions que Dieu suscite un soutien particulier de l\u2019ensemble de l\u2019union :<\/span><span data-ccp-props=\"{&quot;335551550&quot;:6,&quot;335551620&quot;:6,&quot;335559685&quot;:0}\">\u00a0<\/span><\/p>\n<ul>\n<li data-leveltext=\"\uf0b7\" data-font=\"Symbol\" data-listid=\"3\" data-list-defn-props=\"{&quot;335552541&quot;:1,&quot;335559684&quot;:-2,&quot;335559685&quot;:720,&quot;335559991&quot;:360,&quot;469769226&quot;:&quot;Symbol&quot;,&quot;469769242&quot;:[8226],&quot;469777803&quot;:&quot;left&quot;,&quot;469777804&quot;:&quot;\uf0b7&quot;,&quot;469777815&quot;:&quot;hybridMultilevel&quot;}\" aria-setsize=\"-1\" data-aria-posinset=\"1\" data-aria-level=\"1\"><span data-contrast=\"auto\">que ce soit par <\/span><span data-contrast=\"auto\">des visites<\/span><span data-contrast=\"auto\"> de familles de passage un week-end,\u00a0<\/span><span data-ccp-props=\"{&quot;335551550&quot;:6,&quot;335551620&quot;:6}\">\u00a0<\/span><\/li>\n<li data-leveltext=\"\uf0b7\" data-font=\"Symbol\" data-listid=\"3\" data-list-defn-props=\"{&quot;335552541&quot;:1,&quot;335559684&quot;:-2,&quot;335559685&quot;:720,&quot;335559991&quot;:360,&quot;469769226&quot;:&quot;Symbol&quot;,&quot;469769242&quot;:[8226],&quot;469777803&quot;:&quot;left&quot;,&quot;469777804&quot;:&quot;\uf0b7&quot;,&quot;469777815&quot;:&quot;hybridMultilevel&quot;}\" aria-setsize=\"-1\" data-aria-posinset=\"2\" data-aria-level=\"1\"><span data-contrast=\"auto\">par des propositions d\u2019aides ponctuelles de <\/span><b><span data-contrast=\"auto\">pr\u00e9dicateurs externes<\/span><\/b><span data-contrast=\"auto\">,\u00a0<\/span><span data-ccp-props=\"{&quot;335551550&quot;:6,&quot;335551620&quot;:6}\">\u00a0<\/span><\/li>\n<li data-leveltext=\"\uf0b7\" data-font=\"Symbol\" data-listid=\"3\" data-list-defn-props=\"{&quot;335552541&quot;:1,&quot;335559684&quot;:-2,&quot;335559685&quot;:720,&quot;335559991&quot;:360,&quot;469769226&quot;:&quot;Symbol&quot;,&quot;469769242&quot;:[8226],&quot;469777803&quot;:&quot;left&quot;,&quot;469777804&quot;:&quot;\uf0b7&quot;,&quot;469777815&quot;:&quot;hybridMultilevel&quot;}\" aria-setsize=\"-1\" data-aria-posinset=\"3\" data-aria-level=\"1\"><span data-contrast=\"auto\">par des soutiens divers tels que l\u2019envoi de paroles d\u2019encouragements,\u00a0<\/span><span data-ccp-props=\"{&quot;335551550&quot;:6,&quot;335551620&quot;:6}\">\u00a0<\/span><\/li>\n<li data-leveltext=\"\uf0b7\" data-font=\"Symbol\" data-listid=\"3\" data-list-defn-props=\"{&quot;335552541&quot;:1,&quot;335559684&quot;:-2,&quot;335559685&quot;:720,&quot;335559991&quot;:360,&quot;469769226&quot;:&quot;Symbol&quot;,&quot;469769242&quot;:[8226],&quot;469777803&quot;:&quot;left&quot;,&quot;469777804&quot;:&quot;\uf0b7&quot;,&quot;469777815&quot;:&quot;hybridMultilevel&quot;}\" aria-setsize=\"-1\" data-aria-posinset=\"4\" data-aria-level=\"1\"><span data-contrast=\"auto\">des efforts d\u2019\u00e9vang\u00e9lisation de tel ou tel groupe de jeunes,\u00a0<\/span><span data-ccp-props=\"{&quot;335551550&quot;:6,&quot;335551620&quot;:6}\">\u00a0<\/span><\/li>\n<li data-leveltext=\"\uf0b7\" data-font=\"Symbol\" data-listid=\"3\" data-list-defn-props=\"{&quot;335552541&quot;:1,&quot;335559684&quot;:-2,&quot;335559685&quot;:720,&quot;335559991&quot;:360,&quot;469769226&quot;:&quot;Symbol&quot;,&quot;469769242&quot;:[8226],&quot;469777803&quot;:&quot;left&quot;,&quot;469777804&quot;:&quot;\uf0b7&quot;,&quot;469777815&quot;:&quot;hybridMultilevel&quot;}\" aria-setsize=\"-1\" data-aria-posinset=\"4\" data-aria-level=\"1\"><span data-contrast=\"auto\">des <\/span><b><span data-contrast=\"auto\">d\u00e9m\u00e9nagements intentionnels<\/span><\/b><span data-contrast=\"auto\">,<\/span><span data-ccp-props=\"{&quot;335551550&quot;:6,&quot;335551620&quot;:6}\">\u00a0<\/span><\/li>\n<li data-leveltext=\"\uf0b7\" data-font=\"Symbol\" data-listid=\"3\" data-list-defn-props=\"{&quot;335552541&quot;:1,&quot;335559684&quot;:-2,&quot;335559685&quot;:720,&quot;335559991&quot;:360,&quot;469769226&quot;:&quot;Symbol&quot;,&quot;469769242&quot;:[8226],&quot;469777803&quot;:&quot;left&quot;,&quot;469777804&quot;:&quot;\uf0b7&quot;,&quot;469777815&quot;:&quot;hybridMultilevel&quot;}\" aria-setsize=\"-1\" data-aria-posinset=\"4\" data-aria-level=\"1\"><span data-contrast=\"auto\">un choix d\u2019<\/span><span data-contrast=\"auto\">\u00e9tudes<\/span><span data-contrast=\"auto\"> intentionnel<\/span><sup><span data-contrast=\"auto\">2<\/span><\/sup><span data-ccp-props=\"{&quot;335551550&quot;:6,&quot;335551620&quot;:6}\">\u00a0<\/span><\/li>\n<li data-leveltext=\"\uf0b7\" data-font=\"Symbol\" data-listid=\"3\" data-list-defn-props=\"{&quot;335552541&quot;:1,&quot;335559684&quot;:-2,&quot;335559685&quot;:720,&quot;335559991&quot;:360,&quot;469769226&quot;:&quot;Symbol&quot;,&quot;469769242&quot;:[8226],&quot;469777803&quot;:&quot;left&quot;,&quot;469777804&quot;:&quot;\uf0b7&quot;,&quot;469777815&quot;:&quot;hybridMultilevel&quot;}\" aria-setsize=\"-1\" data-aria-posinset=\"4\" data-aria-level=\"1\"><span data-contrast=\"auto\">la mise en place d\u2019une<\/span> <b><span data-contrast=\"auto\">\u00e9quipe de revitalisation<\/span><\/b><span data-contrast=\"auto\">\u2026\u00a0<\/span><span data-ccp-props=\"{&quot;335551550&quot;:6,&quot;335551620&quot;:6}\">\u00a0<\/span><\/li>\n<\/ul>\n<p><b><span data-contrast=\"auto\">Nous ne pouvons ni ne voulons nous r\u00e9soudre \u00e0 laisser une voix si importante s\u2019\u00e9teindre dans cette ville qui a tant besoin de l\u2019\u00e9vangile. Que le Seigneur nous utilise, en <\/span><\/b><b><span data-contrast=\"auto\">\u00c9glise<\/span><\/b><b><span data-contrast=\"auto\">, pour maintenir et d\u00e9velopper le t\u00e9moignage au Havre et dans tout le d\u00e9partement.<\/span><\/b><span data-ccp-props=\"{&quot;335551550&quot;:6,&quot;335551620&quot;:6}\">\u00a0<\/span><\/p>\n<p><span style=\"font-size: 10pt;\">Matthieu Gangloff\u00a0<\/span><\/p>\n<p><span data-contrast=\"auto\">1 ) Vous voulez en savoir plus sur la qualit\u00e9 de vie et le dynamisme du \u201cPort de Paris\u201d ?\u00a0<\/span><\/p>\n<p><iframe loading=\"lazy\" title=\"Destination Le Havre\" width=\"640\" height=\"360\" src=\"https:\/\/www.youtube.com\/embed\/8c9labecm8A?feature=oembed\" frameborder=\"0\" allow=\"accelerometer; autoplay; clipboard-write; encrypted-media; gyroscope; picture-in-picture; web-share\" referrerpolicy=\"strict-origin-when-cross-origin\" allowfullscreen><\/iframe><\/p>\n<p>&nbsp;<\/p>\n<p><b><span data-contrast=\"auto\">2) Un campus international <\/span><\/b><span data-contrast=\"auto\">:\u00a0 <\/span><br \/>\n<span data-contrast=\"auto\">Grandes \u00e9coles (Sciences Po, Insa, EM Business School&#8230;) et facult\u00e9s (lettres, m\u00e9decine, arts\u2026)\u00a0<\/span><span data-ccp-props=\"{}\">\u00a0<\/span><\/p>\n<p><span data-ccp-props=\"{}\"> <img loading=\"lazy\" decoding=\"async\" class=\"alignleft wp-image-1233 size-large\" src=\"http:\/\/enews.caef.net\/wp-content\/uploads\/2022\/07\/ecoles-Havre-1024x485.jpg\" alt=\"\" width=\"640\" height=\"303\" srcset=\"https:\/\/enews.caef.net\/wp-content\/uploads\/2022\/07\/ecoles-Havre-1024x485.jpg 1024w, https:\/\/enews.caef.net\/wp-content\/uploads\/2022\/07\/ecoles-Havre-300x142.jpg 300w, https:\/\/enews.caef.net\/wp-content\/uploads\/2022\/07\/ecoles-Havre-768x364.jpg 768w, https:\/\/enews.caef.net\/wp-content\/uploads\/2022\/07\/ecoles-Havre.jpg 1235w\" sizes=\"auto, (max-width: 640px) 100vw, 640px\" \/><\/span><\/p>\n<p><span data-ccp-props=\"{}\">\u00a0<\/span><\/p>\n","protected":false},"excerpt":{"rendered":"<p>La Seine-Maritime est un d\u00e9partement d\u2019environ 1\u202f300\u202f000 habitants. Avec des villes comme Le Havre et Rouen sur la Seine, ce d\u00e9partement dynamique vit du prolongement naturel de l\u2019axe parisien. Or, dans ce d\u00e9partement, on ne recense qu\u2019une seule \u00c9glise \u00e9vang\u00e9lique de tendance r\u00e9seau FEF, l\u2019\u00c9glise la Bonne Nouvelle du Havre. S\u2019il existe un certain nombre [&hellip;]<\/p>\n","protected":false},"author":4,"featured_media":1317,"comment_status":"closed","ping_status":"closed","sticky":false,"template":"","format":"standard","meta":{"footnotes":""},"categories":[17,9],"tags":[42,160,161,129],"class_list":["post-1232","post","type-post","status-publish","format-standard","has-post-thumbnail","hentry","category-a-la-une","category-action","tag-eglise","tag-le-havre","tag-priere","tag-soutien"],"_links":{"self":[{"href":"https:\/\/enews.caef.net\/index.php?rest_route=\/wp\/v2\/posts\/1232","targetHints":{"allow":["GET"]}}],"collection":[{"href":"https:\/\/enews.caef.net\/index.php?rest_route=\/wp\/v2\/posts"}],"about":[{"href":"https:\/\/enews.caef.net\/index.php?rest_route=\/wp\/v2\/types\/post"}],"author":[{"embeddable":true,"href":"https:\/\/enews.caef.net\/index.php?rest_route=\/wp\/v2\/users\/4"}],"replies":[{"embeddable":true,"href":"https:\/\/enews.caef.net\/index.php?rest_route=%2Fwp%2Fv2%2Fcomments&post=1232"}],"version-history":[{"count":7,"href":"https:\/\/enews.caef.net\/index.php?rest_route=\/wp\/v2\/posts\/1232\/revisions"}],"predecessor-version":[{"id":2793,"href":"https:\/\/enews.caef.net\/index.php?rest_route=\/wp\/v2\/posts\/1232\/revisions\/2793"}],"wp:featuredmedia":[{"embeddable":true,"href":"https:\/\/enews.caef.net\/index.php?rest_route=\/wp\/v2\/media\/1317"}],"wp:attachment":[{"href":"https:\/\/enews.caef.net\/index.php?rest_route=%2Fwp%2Fv2%2Fmedia&parent=1232"}],"wp:term":[{"taxonomy":"category","embeddable":true,"href":"https:\/\/enews.caef.net\/index.php?rest_route=%2Fwp%2Fv2%2Fcategories&post=1232"},{"taxonomy":"post_tag","embeddable":true,"href":"https:\/\/enews.caef.net\/index.php?rest_route=%2Fwp%2Fv2%2Ftags&post=1232"}],"curies":[{"name":"wp","href":"https:\/\/api.w.org\/{rel}","templated":true}]}}