{"id":1134,"date":"2022-05-09T18:09:14","date_gmt":"2022-05-09T16:09:14","guid":{"rendered":"https:\/\/enews.caef.net\/?p=1134"},"modified":"2022-06-16T10:35:09","modified_gmt":"2022-06-16T08:35:09","slug":"ils-sont-a-louest","status":"publish","type":"post","link":"https:\/\/enews.caef.net\/?p=1134","title":{"rendered":"Ils sont \u00e0 l\u2019Ouest\u202f ?\u00a0"},"content":{"rendered":"<p><span style=\"color: #009999;\">L\u2019\u00e9glise.\u00a0<\/span><br \/>\n<span style=\"color: #009999;\">L\u2019\u00e9glise locale, l\u2019\u00e9glise localement.\u00a0<\/span><br \/>\n<span style=\"color: #009999;\">Des \u00e9glises locales mais une seule \u00e9glise de Christ.\u00a0<\/span><\/p>\n<p><span data-contrast=\"auto\">C\u2019est autour de ces notions que les responsables des \u00e9glises CAEF de l\u2019ouest se sont retrouv\u00e9s \u00e0 Rennes, un samedi de mars. Comment vivre l\u2019\u00e9glise ENSEMBLE et mieux r\u00e9pandre l\u2019Evangile de Christ, dans une vaste r\u00e9gion o\u00f9 il y a encore trop peu d\u2019\u00e9glises&#8230;<\/span><br \/>\n<span data-contrast=\"auto\">Une partie de la r\u00e9ponse se trouve probablement dans le partage et la mise en commun des forces des \u00e9glises locales, pour le bien de tous&#8230;. et le salut d\u2019un plus grand nombre !<\/span><span data-ccp-props=\"{&quot;201341983&quot;:0,&quot;335559739&quot;:160,&quot;335559740&quot;:259}\">\u00a0<\/span><\/p>\n<p><span data-ccp-props=\"{&quot;201341983&quot;:0,&quot;335559739&quot;:160,&quot;335559740&quot;:259}\">\u00a0<\/span><\/p>\n<p><span style=\"color: #009999;\"><b>La petite \u00e9glise dans la prairie ?\u00a0<\/b>\u00a0<\/span><\/p>\n<p><span data-contrast=\"auto\">Sur la base d\u2019un expos\u00e9 de G\u00e9rald Seed (Nantes La Beaujoire) visant \u00e0 d\u00e9montrer les dangers de \u201cla petite \u00e9glise dans la prairie\u201d d\u00e9ployant seule force et \u00e9nergie pour tenter de \u201csurvivre\u201d compar\u00e9s aux\u00a0 bienfaits des \u00e9glises en r\u00e9seau qui s\u2019entraident, se compl\u00e8tent et travaillent ensemble, les participants des diff\u00e9rentes \u00e9glises locales pr\u00e9sentes (Angers, Avranches, Cherbourg, Nantes, Laval, La Roche sur Yon, Le Mans, Rennes, Saint L\u00f4)\u00a0 ont r\u00e9fl\u00e9chi ensemble, paper bord et stabilos en mains, sur comment vivre une bonne synergie sur leur territoire.\u00a0<\/span><span data-ccp-props=\"{&quot;201341983&quot;:0,&quot;335559739&quot;:160,&quot;335559740&quot;:259}\">\u00a0<\/span><\/p>\n<p><span data-contrast=\"auto\">Si la finalit\u00e9 est claire et bien ancr\u00e9e dans la perspective de l\u2019union des CAEF :\u00a0<\/span><span data-ccp-props=\"{&quot;201341983&quot;:0,&quot;335559739&quot;:160,&quot;335559740&quot;:259}\">\u00a0<\/span><\/p>\n<ul>\n<li data-leveltext=\"\uf0b7\" data-font=\"Symbol\" data-listid=\"2\" aria-setsize=\"-1\" data-aria-posinset=\"1\" data-aria-level=\"1\"><span data-contrast=\"auto\">Favoriser le d\u00e9veloppement et l\u2019affermissement des \u00e9glises locales existantes<\/span><span data-ccp-props=\"{&quot;201341983&quot;:0,&quot;335559739&quot;:160,&quot;335559740&quot;:259}\">\u00a0<\/span><\/li>\n<li data-leveltext=\"\uf0b7\" data-font=\"Symbol\" data-listid=\"2\" aria-setsize=\"-1\" data-aria-posinset=\"2\" data-aria-level=\"1\"><span data-contrast=\"auto\">Viser l\u2019implantation de nouvelles \u00e9glises,\u00a0<\/span><span data-ccp-props=\"{&quot;201341983&quot;:0,&quot;335559739&quot;:160,&quot;335559740&quot;:259}\">\u00a0<\/span><\/li>\n<\/ul>\n<p><span data-contrast=\"auto\">la mise en \u0153uvre demande r\u00e9flexion et alimentera les \u00e9changes en petits groupes, tout au long de la journ\u00e9e.\u00a0<\/span><span data-ccp-props=\"{&quot;201341983&quot;:0,&quot;335559739&quot;:160,&quot;335559740&quot;:259}\">\u00a0<\/span><\/p>\n<p><span data-ccp-props=\"{&quot;201341983&quot;:0,&quot;335559739&quot;:160,&quot;335559740&quot;:259}\">\u00a0<\/span><\/p>\n<p><span style=\"color: #009999;\"><b>12 \u00e9glises en bonne sant\u00e9\u202f?\u00a0<\/b>\u00a0<\/span><\/p>\n<p><span data-contrast=\"auto\">12 \u00e9glises ont pris part au sondage pr\u00e9alable destin\u00e9 \u00e0 dresser un \u00e9tat des lieux. Qu\u2019en est-il de la croissance, de la dynamique de chacun\u202f? Forme-t-on des disciples ici\u202f? A-t-on des ressources pour enseigner l\u00e0-bas\u202f?\u00a0<\/span><span data-ccp-props=\"{&quot;201341983&quot;:0,&quot;335559739&quot;:160,&quot;335559740&quot;:259}\">\u00a0<\/span><\/p>\n<p><span data-contrast=\"auto\">Ce sondage r\u00e9v\u00e8le <\/span><b><span data-contrast=\"auto\">des signes ext\u00e9rieurs encourageants<\/span><\/b><span data-contrast=\"auto\">\u202fcomme la dynamique jeunesse (au moins 3 \u00e9glises avancent un chiffre de plus de 20 jeunes au culte)\u00a0<\/span><span data-ccp-props=\"{&quot;201341983&quot;:0,&quot;335559739&quot;:160,&quot;335559740&quot;:259}\">\u00a0<\/span><\/p>\n<p><span data-contrast=\"auto\">Mais aussi <\/span><b><span data-contrast=\"auto\">d\u2019autres plus alarmants<\/span><\/b><span data-contrast=\"auto\">\u202f: plus de la moiti\u00e9 des \u00e9glises n\u2019ont connu, ces 5 derni\u00e8res ann\u00e9es, aucun bapt\u00eame (\u00bc d\u2019entre elles) ou pas plus de 5\u2026\u00a0 La\u00a0 moiti\u00e9 des \u00e9glises CAEF de la r\u00e9gion d\u00e9clarent aussi n\u2019avoir qu\u20191 seul ou 2 anciens, ici on d\u00e9plore un manque de pr\u00e9dicateurs, l\u00e0-bas de musiciens\u2026<\/span><span data-ccp-props=\"{&quot;201341983&quot;:0,&quot;335559739&quot;:160,&quot;335559740&quot;:259}\">\u00a0<\/span><\/p>\n<p><span data-contrast=\"auto\">La disparit\u00e9 est grande. Et ce que l\u2019un appellera \u00ab\u202fbonne sant\u00e9\u202f\u00bb ici, ne le sera peut-\u00eatre pas pour d\u2019autres, l\u00e0-bas\u2026\u00a0\u00a0<\/span><span data-ccp-props=\"{&quot;201341983&quot;:0,&quot;335559739&quot;:160,&quot;335559740&quot;:259}\">\u00a0<\/span><\/p>\n<p><span data-ccp-props=\"{&quot;201341983&quot;:0,&quot;335559739&quot;:160,&quot;335559740&quot;:259}\">\u00a0<\/span><\/p>\n<p><span style=\"color: #009999;\"><b>Un \u00e9clairage du sud\u2026<\/b>\u00a0<\/span><\/p>\n<p><span data-contrast=\"auto\">Quoi de mieux que de regarder ensemble, l\u00e0 o\u00f9 la mise en r\u00e9seau des \u00e9glises locales a d\u00e9j\u00e0 quelques longueurs d\u2019avance ? <\/span><br \/>\n<span data-contrast=\"auto\">Un zoom avec J\u00e9r\u00e9mie K, l\u2019un des responsables du Cep Marseille a permis aux responsables de l\u2019Ouest de b\u00e9n\u00e9ficier de l\u2019exp\u00e9rience de la pastorale du Sud Est. L\u00e0-bas, 22 \u00e9glises locales interagissent \u00ab\u202fensemble pour multiplier\u202f\u00bb dans leur r\u00e9gion. Il est clair que cela a pris du temps pour se connaitre, se motiver et voir concr\u00e8tement les b\u00e9n\u00e9fices, mais la dynamique est lanc\u00e9e\u202f!<\/span><br \/>\n<span data-contrast=\"auto\">D\u00e9sormais,\u00a0 il n\u2019est plus concevable l\u00e0-bas, qu\u2019une \u00e9glise CAEF \u00ab\u202frame\u202f\u00bb seule, sans le soutien d\u2019\u00e9glises s\u0153urs\u202f!<\/span><span data-ccp-props=\"{&quot;201341983&quot;:0,&quot;335559739&quot;:160,&quot;335559740&quot;:259}\">\u00a0<\/span><\/p>\n<p><span data-ccp-props=\"{&quot;201341983&quot;:0,&quot;335559739&quot;:160,&quot;335559740&quot;:259}\">\u00a0<\/span><\/p>\n<p><span style=\"color: #009999;\"><b>\u2026 et l\u2019avis d\u2019un nouvel arriv\u00e9 dans l\u2019Ouest\u202f:<\/b>\u00a0<\/span><\/p>\n<p><span data-contrast=\"none\">Pour Axel (Le Mans), arriv\u00e9<\/span><span data-contrast=\"none\"> r\u00e9cemment dans la r\u00e9gion ouest,\u00a0<\/span><span data-ccp-props=\"{&quot;201341983&quot;:0,&quot;335559739&quot;:160,&quot;335559740&quot;:240}\">\u00a0<\/span><\/p>\n<p><em>\u00ab\u202fla pastorale ouest est une pastorale qui bouge !\u00a0 Pour quoi ? Pour fonctionner davantage en r\u00e9seau, pour mettre les ressources et forces d\u2019une \u00e9glise \u00e0 la disposition d\u2019autres, elle-m\u00eame se retrouvant au b\u00e9n\u00e9fice du savoir-faire d\u2019autres \u00e9glises.\u00a0\u00a0<\/em><\/p>\n<p><em>Ce concept d\u2019\u00e9glises en r\u00e9seau, loin de nuire au congr\u00e9gationalisme que l\u2019on conna\u00eet, est un moyen efficace de mettre la r\u00e9gion \u00ab\u202fen route\u202f\u00bb, de cr\u00e9er une dynamique\u2026 Cela favorise \u00e9galement l\u2019\u00eatre et le faire d\u2019une \u00e9glise locale. C\u2019est, donc, une id\u00e9e pr\u00e9cieuse qui motive notre r\u00e9flexion.\u00a0<\/em><\/p>\n<p><em>Quand on est nouveau dans le minist\u00e8re, ces rencontres et discussions sont d\u2019autant plus pr\u00e9cieuses qu\u2019elles permettent de r\u00e9fl\u00e9chir sur sa propre vocation.\u202f\u00a0<\/em><\/p>\n<p><em>Alors, comment le concept d\u2019\u00e9glises en r\u00e9seau va devenir un tremplin dans les liens inter-\u00e9glises ?\u00a0<\/em><\/p>\n<p><span data-contrast=\"none\"><em>Le temps nous le dira, mais ce qui est s\u00fbr, c\u2019est que nous avons h\u00e2te de poursuivre la r\u00e9flexion entam\u00e9e, et ce d\u00e8s le 24 septembre prochain !<\/em>\u00ab\u00a0<\/span><span data-ccp-props=\"{&quot;201341983&quot;:0,&quot;335551550&quot;:6,&quot;335551620&quot;:6,&quot;335559739&quot;:160,&quot;335559740&quot;:240}\">\u00a0<\/span><\/p>\n<p><b><span data-contrast=\"auto\"><br \/>\nTous restent bien conscients cependant que, dans cette histoire, il est primordial de garder en t\u00eate une structure simple et efficace\u202f: un treillis qui favorise la croissance de la vigne et non l\u2019inverse\u2026 <\/span><\/b><span data-ccp-props=\"{&quot;201341983&quot;:0,&quot;335559739&quot;:160,&quot;335559740&quot;:259}\">\u00a0<\/span><\/p>\n<p><span data-ccp-props=\"{&quot;201341983&quot;:0,&quot;335559739&quot;:160,&quot;335559740&quot;:259}\">\u00a0<\/span><\/p>\n","protected":false},"excerpt":{"rendered":"<p>L\u2019\u00e9glise.\u00a0 L\u2019\u00e9glise locale, l\u2019\u00e9glise localement.\u00a0 Des \u00e9glises locales mais une seule \u00e9glise de Christ.\u00a0 C\u2019est autour de ces notions que les responsables des \u00e9glises CAEF de l\u2019ouest se sont retrouv\u00e9s \u00e0 Rennes, un samedi de mars. Comment vivre l\u2019\u00e9glise ENSEMBLE et mieux r\u00e9pandre l\u2019Evangile de Christ, dans une vaste r\u00e9gion o\u00f9 il y a encore [&hellip;]<\/p>\n","protected":false},"author":4,"featured_media":1216,"comment_status":"closed","ping_status":"closed","sticky":false,"template":"","format":"standard","meta":{"footnotes":""},"categories":[17,9],"tags":[141,65,142,140],"class_list":["post-1134","post","type-post","status-publish","format-standard","has-post-thumbnail","hentry","category-a-la-une","category-action","tag-eglise-une","tag-eglises","tag-ensemble","tag-reseau"],"_links":{"self":[{"href":"https:\/\/enews.caef.net\/index.php?rest_route=\/wp\/v2\/posts\/1134","targetHints":{"allow":["GET"]}}],"collection":[{"href":"https:\/\/enews.caef.net\/index.php?rest_route=\/wp\/v2\/posts"}],"about":[{"href":"https:\/\/enews.caef.net\/index.php?rest_route=\/wp\/v2\/types\/post"}],"author":[{"embeddable":true,"href":"https:\/\/enews.caef.net\/index.php?rest_route=\/wp\/v2\/users\/4"}],"replies":[{"embeddable":true,"href":"https:\/\/enews.caef.net\/index.php?rest_route=%2Fwp%2Fv2%2Fcomments&post=1134"}],"version-history":[{"count":2,"href":"https:\/\/enews.caef.net\/index.php?rest_route=\/wp\/v2\/posts\/1134\/revisions"}],"predecessor-version":[{"id":1200,"href":"https:\/\/enews.caef.net\/index.php?rest_route=\/wp\/v2\/posts\/1134\/revisions\/1200"}],"wp:featuredmedia":[{"embeddable":true,"href":"https:\/\/enews.caef.net\/index.php?rest_route=\/wp\/v2\/media\/1216"}],"wp:attachment":[{"href":"https:\/\/enews.caef.net\/index.php?rest_route=%2Fwp%2Fv2%2Fmedia&parent=1134"}],"wp:term":[{"taxonomy":"category","embeddable":true,"href":"https:\/\/enews.caef.net\/index.php?rest_route=%2Fwp%2Fv2%2Fcategories&post=1134"},{"taxonomy":"post_tag","embeddable":true,"href":"https:\/\/enews.caef.net\/index.php?rest_route=%2Fwp%2Fv2%2Ftags&post=1134"}],"curies":[{"name":"wp","href":"https:\/\/api.w.org\/{rel}","templated":true}]}}