{"id":1050,"date":"2022-03-14T14:13:08","date_gmt":"2022-03-14T13:13:08","guid":{"rendered":"https:\/\/enews.caef.net\/?p=1050"},"modified":"2022-03-17T10:13:31","modified_gmt":"2022-03-17T09:13:31","slug":"3-eglises-et-une-union","status":"publish","type":"post","link":"https:\/\/enews.caef.net\/?p=1050","title":{"rendered":"3 \u00e9glises et une union"},"content":{"rendered":"<p><span data-contrast=\"none\">Nantes, La Roche\/Yon, Lille (Triolo) :<\/span> l&rsquo;<span data-contrast=\"none\">histoire qui relie ces 3 \u00e9glises&#8230;<\/span><\/p>\n<p><span style=\"color: #009999;\"><b>Quand l\u2019\u00e9glise de Nantes se mobilise pour la Roche sur Yon&#8230;<\/b>\u00a0<\/span><\/p>\n<p><span data-contrast=\"none\">L\u2019\u00e9glise CAEF de Nantes Ouest (ex boulevard de la Solidarit\u00e9) a toujours eu \u00e0 c\u0153ur le rayonnement de l\u2019\u00e9vangile dans toute la r\u00e9gion des Pays de la Loire.\u00a0 Aussi, elle a, tout naturellement, soutenu et encourag\u00e9 le travail pionnier \u00e0 La Roche-sur-Yon depuis ses d\u00e9buts.\u00a0 <\/span><\/p>\n<p><span data-contrast=\"none\"><img loading=\"lazy\" decoding=\"async\" class=\"size-thumbnail wp-image-1052 alignleft\" src=\"http:\/\/enews.caef.net\/wp-content\/uploads\/2022\/03\/269716175_960031571536565_2024697850112050577_n-150x150.jpg\" alt=\"\" width=\"150\" height=\"150\" srcset=\"https:\/\/enews.caef.net\/wp-content\/uploads\/2022\/03\/269716175_960031571536565_2024697850112050577_n-150x150.jpg 150w, https:\/\/enews.caef.net\/wp-content\/uploads\/2022\/03\/269716175_960031571536565_2024697850112050577_n-300x300.jpg 300w, https:\/\/enews.caef.net\/wp-content\/uploads\/2022\/03\/269716175_960031571536565_2024697850112050577_n-1024x1024.jpg 1024w, https:\/\/enews.caef.net\/wp-content\/uploads\/2022\/03\/269716175_960031571536565_2024697850112050577_n-768x768.jpg 768w, https:\/\/enews.caef.net\/wp-content\/uploads\/2022\/03\/269716175_960031571536565_2024697850112050577_n-1536x1536.jpg 1536w, https:\/\/enews.caef.net\/wp-content\/uploads\/2022\/03\/269716175_960031571536565_2024697850112050577_n.jpg 2048w, https:\/\/enews.caef.net\/wp-content\/uploads\/2022\/03\/269716175_960031571536565_2024697850112050577_n-238x238.jpg 238w, https:\/\/enews.caef.net\/wp-content\/uploads\/2022\/03\/269716175_960031571536565_2024697850112050577_n-100x100.jpg 100w\" sizes=\"auto, (max-width: 150px) 100vw, 150px\" \/>G\u00e9rald Seed, pasteur \u00e0 Nantes la Beaujoire raconte : <\/span><br \/>\n<i><span data-contrast=\"none\">\u201cMalgr\u00e9 la distance de quelques 75 km s\u00e9parant les deux villes, lorsque les responsables de l\u2019\u00e9glise de La Roche ont lanc\u00e9 un appel \u00e0 l\u2019aide, \u00e0 un moment difficile dans la vie de leur \u00e9glise, il est apparu normal \u00e0 l\u2019\u00e9glise de Nantes de r\u00e9pondre pr\u00e9sent.\u00a0<\/span><\/i><span data-ccp-props=\"{&quot;201341983&quot;:0,&quot;335559739&quot;:160,&quot;335559740&quot;:259}\">\u00a0<\/span><\/p>\n<p><i><span data-contrast=\"none\">En l\u2019absence d\u2019un temps plein et d\u2019une \u00e9quipe d\u2019anciens fonctionnelle, nous avons travaill\u00e9 \u00e9troitement, avec le conseil d\u2019\u00e9glise de La Roche, pour <\/span><\/i><b><i><span data-contrast=\"none\">maintenir le t\u00e9moignage dans la ville. <\/span><\/i><\/b><i><span data-contrast=\"none\">Quelqu\u2019un de Nantes allait tous les quinze jours pour la pr\u00e9dication au culte et toutes les semaines pour maintenir une \u00e9tude biblique le jeudi apr\u00e8s-midi.<\/span><\/i><span data-ccp-props=\"{&quot;201341983&quot;:0,&quot;335559739&quot;:160,&quot;335559740&quot;:259}\">\u00a0<\/span><\/p>\n<p><i><span data-contrast=\"none\">Cela a permis \u00e0 l\u2019\u00e9glise de la Roche de traverser cette p\u00e9riode compliqu\u00e9e en attendant l\u2019arriv\u00e9e d\u2019un temps plein en la personne de Matthieu Gangloff .<\/span><\/i><\/p>\n<blockquote><p><i><span data-contrast=\"none\">Cette p\u00e9riode de soutien actif de l\u2019\u00e9glise de La Roche a \u00e9t\u00e9 <\/span><\/i><b><i><span data-contrast=\"none\">en m\u00eame temps un temps de croissance et d\u2019enrichissement pour l\u2019\u00e9glise de Nantes<\/span><\/i><\/b><i><span data-contrast=\"none\"> et le Seigneur a grandement b\u00e9ni l\u2019effort des fr\u00e8res et s\u0153urs de Nantes. <\/span><\/i><\/p><\/blockquote>\n<p><i><span data-contrast=\"none\">En effet, pendant cette p\u00e9riode, l\u2019\u00e9glise de Nantes a quitt\u00e9 ses locaux historiques devenus trop exigus. Apr\u00e8s 3 ans sans domicile fixe (locations temporaires \u00e0 droite et \u00e0 gauche) le Seigneur a permis de construire le b\u00e2timent rue Corps de Garde \u00e0 Nantes (2002) et l\u2019\u00e9glise a chang\u00e9 de nom pour devenir EPE Nantes Ouest. L\u2019\u00e9glise a accueilli une \u00e9quipe OM pendant 2 ans (2001-2003) suivis de quelques stagiaires de l\u2019IBG. Durant cette p\u00e9riode, l\u2019\u00e9glise a continu\u00e9 \u00e0 grandir rapidement avec plusieurs conversions et bapt\u00eames chaque ann\u00e9e.\u00a0 <\/span><\/i><br \/>\n<i><\/i><\/p>\n<p><i><span data-contrast=\"none\">Pendant les ann\u00e9es les plus creuses \u00e0 La Roche, <\/span><\/i><b><i><span data-contrast=\"none\">l&rsquo;\u00e9glise de Nantes a aussi pu pr\u00e9parer l\u2019essaimage \u00e0 la Beaujoire,<\/span><\/i><\/b><i><span data-contrast=\"none\"> et le premier culte a eu lieu \u00e0 la Beaujoire, une fois par mois en janvier 2006 pour passer \u00e0 un culte tous les dimanches en septembre 2008.\u00a0\u00a0<\/span><\/i><span data-ccp-props=\"{&quot;201341983&quot;:0,&quot;335559739&quot;:160,&quot;335559740&quot;:259}\">\u00a0<\/span><\/p>\n<p><i><span data-contrast=\"none\">De mani\u00e8re g\u00e9n\u00e9rale, le soutien tout au long de ces ann\u00e9es a \u00e9t\u00e9 une \u00e9vidence pour tous et plusieurs s\u2019y sont impliqu\u00e9s \u00e0 diff\u00e9rents moments.\u00a0 Certes, par moment il y avait des questions quant \u00e0 la dispersion des forces vives, mais le Seigneur a toujours pourvu et la croissance locale coupait court aux doutes ou aux voix dissidentes&#8230;\u201d<\/span><\/i><span data-ccp-props=\"{&quot;201341983&quot;:0,&quot;335559739&quot;:160,&quot;335559740&quot;:259}\">\u00a0<\/span><\/p>\n<p><strong><span style=\"color: #009999;\">\u2026 l\u2019Eglise de la Roche sur Yon* apprend \u00e0 ne pas vivre en vase clos<\/span><\/strong><\/p>\n<p><span data-contrast=\"none\"><img loading=\"lazy\" decoding=\"async\" class=\"size-thumbnail wp-image-1054 alignright\" src=\"http:\/\/enews.caef.net\/wp-content\/uploads\/2022\/03\/la-roche-sur-yon-150x150.png\" alt=\"\" width=\"150\" height=\"150\" srcset=\"https:\/\/enews.caef.net\/wp-content\/uploads\/2022\/03\/la-roche-sur-yon-150x150.png 150w, https:\/\/enews.caef.net\/wp-content\/uploads\/2022\/03\/la-roche-sur-yon-238x238.png 238w, https:\/\/enews.caef.net\/wp-content\/uploads\/2022\/03\/la-roche-sur-yon-100x100.png 100w\" sizes=\"auto, (max-width: 150px) 100vw, 150px\" \/><span data-contrast=\"none\">Gr\u00e2ce au soutien de l&rsquo;\u00e9glise de Nantes, le Seigneur a permis \u00e0 l\u2019\u00c9glise de renaitre et de se d\u00e9velopper. L<\/span><b><span data-contrast=\"none\">e t\u00e9moignage chr\u00e9tien dans la ville a port\u00e9 \u00e0 nouveau du fruit. <\/span><\/b><span data-ccp-props=\"{&quot;201341983&quot;:1,&quot;335551550&quot;:6,&quot;335551620&quot;:6,&quot;335559739&quot;:160,&quot;335559740&quot;:278}\">\u00a0<\/span><\/span><\/p>\n<p><span data-contrast=\"none\">Progressivement, l\u2019\u00c9glise se dote d\u2019un conseil (provisoire d\u2019abord, \u00e9tabli ensuite), et les membres prennent \u00e0 c\u0153ur la vie communautaire, chacun mettant ses dons \u00e0 la disposition du Seigneur. <\/span><span data-ccp-props=\"{&quot;201341983&quot;:1,&quot;335551550&quot;:6,&quot;335551620&quot;:6,&quot;335559739&quot;:160,&quot;335559740&quot;:278}\">\u00a0<\/span><\/p>\n<p><span data-contrast=\"none\">Un pasteur est recrut\u00e9 en 2011 et si aujourd&rsquo;hui, l\u2019Eglise de la Roche-sur-Yon a encore bien des d\u00e9fis \u00e0 relever, elle est devenue une communaut\u00e9 multiculturelle joyeuse <\/span><b><span data-contrast=\"none\">qui travaille, \u00e0 son tour, \u00e0 un essaimage dans une ville \u00e0 30 km de l\u00e0<\/span><\/b><span data-contrast=\"none\">.\u00a0\u00a0<\/span><span data-ccp-props=\"{&quot;201341983&quot;:1,&quot;335551550&quot;:6,&quot;335551620&quot;:6,&quot;335559739&quot;:160,&quot;335559740&quot;:278}\">\u00a0<\/span><\/p>\n<p><span data-contrast=\"none\">Et depuis 2 ans, Matthieu, pasteur sur place, est \u00ab\u00a0lib\u00e9r\u00e9\u00a0\u00bb (\u00e0 quart temps) pour travailler au sein de l\u2019union d\u2019Eglises, apr\u00e8s avoir \u00e9t\u00e9 \u00ab\u00a0lib\u00e9r\u00e9\u00a0\u00bb pendant un an (tout en \u00e9tant financ\u00e9 int\u00e9gralement), pour qu\u2019il puisse \u00e9tudier en Master \u00e0 la FLTE. <\/span><br \/>\n<span data-contrast=\"none\">Son minist\u00e8re est aussi conjugu\u00e9 au niveau de l&rsquo;union. Et c\u2019est dans ce cadre que depuis mars 2021, Matthieu est absent une fois par mois pour \u00eatre \u00e0 Lille, et consacre une partie de ses soir\u00e9es \u00e0 aider une autre Eglise que celle qui finance son minist\u00e8re&#8230;<\/span><span data-ccp-props=\"{&quot;201341983&quot;:1,&quot;335551550&quot;:6,&quot;335551620&quot;:6,&quot;335559739&quot;:160,&quot;335559740&quot;:278}\">\u00a0<\/span><\/p>\n<blockquote><p>L\u2019assembl\u00e9e locale a bien r\u00e9alis\u00e9, au travers de la Bible mais aussi au cours de son histoire, que l\u2019Eglise est plus large que sa r\u00e9alit\u00e9 locale.<\/p><\/blockquote>\n<p><span style=\"color: #009999;\"><b>\u2026 puis soutient la relance de l\u2019\u00e9glise du Triolo !<\/b>\u00a0<\/span><\/p>\n<p><span data-contrast=\"none\">Situ\u00e9e dans l\u2019agglom\u00e9ration lilloise, proche d\u2019un m\u00e9tro et des r\u00e9sidences universitaires, l\u2019\u00e9glise protestante du Triolo compte environ 75 membres. Depuis presque 2 ans, elle a connu de graves crises qui ont mis en p\u00e9ril son avenir : nombreux d\u00e9parts, y compris des responsables, tensions entre membres, travaux de r\u00e9novation au ralenti, d\u00e9couragement et d\u00e9mobilisation g\u00e9n\u00e9rale\u2026<\/span><span data-ccp-props=\"{&quot;201341983&quot;:0,&quot;335559739&quot;:160,&quot;335559740&quot;:259}\">\u00a0<\/span><\/p>\n<p><span data-contrast=\"none\"><img loading=\"lazy\" decoding=\"async\" class=\"size-thumbnail wp-image-1053 alignleft\" src=\"http:\/\/enews.caef.net\/wp-content\/uploads\/2022\/03\/cropped-culte-triolo-150x150.jpg\" alt=\"\" width=\"150\" height=\"150\" srcset=\"https:\/\/enews.caef.net\/wp-content\/uploads\/2022\/03\/cropped-culte-triolo-150x150.jpg 150w, https:\/\/enews.caef.net\/wp-content\/uploads\/2022\/03\/cropped-culte-triolo-238x238.jpg 238w, https:\/\/enews.caef.net\/wp-content\/uploads\/2022\/03\/cropped-culte-triolo-100x100.jpg 100w\" sizes=\"auto, (max-width: 150px) 100vw, 150px\" \/>Aim\u00e9 Bissingou, ancien, t\u00e9moigne :<\/span><span data-ccp-props=\"{&quot;201341983&quot;:0,&quot;335559739&quot;:160,&quot;335559740&quot;:259}\">\u00a0<\/span><\/p>\n<p><i><span data-contrast=\"none\">\u201cDans un \u00e9lan de survie, l\u2019\u00e9glise du Triolo a demand\u00e9 de l\u2019aide aux responsables de l&rsquo;Union des CAEF. Cela s\u2019est manifest\u00e9 par un accompagnement de la CSR afin d\u2019\u00e9pauler l\u2019\u00e9glise du Triolo \u00e0 repartir sur de nouvelles bases, en mettant \u00e0 disposition des personnes comp\u00e9tentes et exp\u00e9riment\u00e9es.<\/span><\/i><span data-ccp-props=\"{&quot;201341983&quot;:0,&quot;335559739&quot;:160,&quot;335559740&quot;:259}\">\u00a0<\/span><\/p>\n<p><i><span data-contrast=\"none\">Apr\u00e8s un temps d\u2019\u00e9coute, d\u2019analyse de la situation, la n\u00e9cessit\u00e9 de s\u2019adapter au contexte de crise s\u2019est impos\u00e9e. Un conseil provisoire impliquant deux responsables de la CSR, Matthieu Gangloff, pasteur de la Roche sur Yon et Pierre Bariteau a vu le jour. Sa mission : faire baisser la tension, r\u00e9unir les conditions d\u2019un dialogue, red\u00e9finir un cap et g\u00e9rer l\u2019\u00e9glise locale, le temps de retrouver une stabilit\u00e9.<\/span><\/i><span data-ccp-props=\"{&quot;201341983&quot;:0,&quot;335559739&quot;:160,&quot;335559740&quot;:259}\">\u00a0<\/span><\/p>\n<p><i><span data-contrast=\"none\">Interlocuteurs privil\u00e9gi\u00e9s, reconnus et respect\u00e9s, nos fr\u00e8res s\u2019acquittent parfaitement de cette mission, la confiance est revenue. Nous travaillons \u00e0 la finalisation de notre vision\/projet d\u2019\u00e9glise bas\u00e9e sur notre identit\u00e9, nos valeurs et la mission de l\u2019\u00e9glise. <\/span><\/i><\/p>\n<blockquote><p><i><span data-contrast=\"none\">Nous d\u00e9sirons \u00eatre une \u00e9glise accueillante, ouverte \u00e0 tous, qui adore, s\u2019\u00e9difie et proclame la bonne nouvelle en la partageant autour d\u2019elle.<\/span><\/i><span data-ccp-props=\"{&quot;201341983&quot;:0,&quot;335559739&quot;:160,&quot;335559740&quot;:259}\">\u00a0<\/span><\/p><\/blockquote>\n<p><i><span data-contrast=\"none\">Aujourd\u2019hui, gr\u00e2ce \u00e0 cette aide ext\u00e9rieure, les choses se remettent en place. La prochaine assembl\u00e9e g\u00e9n\u00e9rale validera la vision et l\u2019\u00e9quipe qui prendra le relais.<\/span><\/i><span data-ccp-props=\"{&quot;201341983&quot;:0,&quot;335559739&quot;:160,&quot;335559740&quot;:259}\">\u00a0<\/span><\/p>\n<p><i><span data-contrast=\"none\">Pour couronner le tout, nous avons gr\u00e2ce \u00e0 Dieu, et \u00e0 l\u2019aide de la CSR, l\u2019opportunit\u00e9 d\u2019accueillir prochainement un serviteur \u00e0 plein temps. Merci Seigneur !\u201d<\/span><\/i><span data-ccp-props=\"{&quot;201341983&quot;:0,&quot;335559739&quot;:160,&quot;335559740&quot;:259}\">\u00a0<\/span><\/p>\n<p><b><span data-contrast=\"none\">Prions pour que l\u2019\u00e9glise du Triolo, parvienne \u00e0 son tour, \u00e0 ouvrir un nouveau chapitre de cette \u201cbelle histoire\u201d&#8230;\u00a0 <\/span><\/b><span data-ccp-props=\"{&quot;201341983&quot;:0,&quot;335559739&quot;:160,&quot;335559740&quot;:259}\">\u00a0<\/span><\/p>\n<p><span style=\"color: #009999;\"><b>Ensemble, partageons nos forces pour mieux vaincre nos faiblesses.<\/b>\u00a0<\/span><\/p>\n<p><span data-contrast=\"none\">G\u00e9rald Seed, Matthieu Gangloff et Aim\u00e9 Bissingou\u00a0<\/span><span data-ccp-props=\"{&quot;201341983&quot;:0,&quot;335559739&quot;:160,&quot;335559740&quot;:259}\"><\/p>\n<p><\/span><\/p>\n<p><em><span style=\"font-size: 10pt;\" data-contrast=\"none\">*L&rsquo;\u00e9glise de la Roche a d\u00e9marr\u00e9 d&rsquo;abord par une implantation, riche en rebondissements et port\u00e9e par Leslie Cline, pendant 30 ans.<\/span><\/em><\/p>\n","protected":false},"excerpt":{"rendered":"<p>Nantes, La Roche\/Yon, Lille (Triolo) : l&rsquo;histoire qui relie ces 3 \u00e9glises&#8230; Quand l\u2019\u00e9glise de Nantes se mobilise pour la Roche sur Yon&#8230;\u00a0 L\u2019\u00e9glise CAEF de Nantes Ouest (ex boulevard de la Solidarit\u00e9) a toujours eu \u00e0 c\u0153ur le rayonnement de l\u2019\u00e9vangile dans toute la r\u00e9gion des Pays de la Loire.\u00a0 Aussi, elle a, tout [&hellip;]<\/p>\n","protected":false},"author":4,"featured_media":1100,"comment_status":"closed","ping_status":"closed","sticky":false,"template":"","format":"standard","meta":{"footnotes":""},"categories":[17,9],"tags":[128,127,65,130,131,129],"class_list":["post-1050","post","type-post","status-publish","format-standard","has-post-thumbnail","hentry","category-a-la-une","category-action","tag-aide","tag-crise","tag-eglises","tag-famille","tag-pasteurs","tag-soutien"],"_links":{"self":[{"href":"https:\/\/enews.caef.net\/index.php?rest_route=\/wp\/v2\/posts\/1050","targetHints":{"allow":["GET"]}}],"collection":[{"href":"https:\/\/enews.caef.net\/index.php?rest_route=\/wp\/v2\/posts"}],"about":[{"href":"https:\/\/enews.caef.net\/index.php?rest_route=\/wp\/v2\/types\/post"}],"author":[{"embeddable":true,"href":"https:\/\/enews.caef.net\/index.php?rest_route=\/wp\/v2\/users\/4"}],"replies":[{"embeddable":true,"href":"https:\/\/enews.caef.net\/index.php?rest_route=%2Fwp%2Fv2%2Fcomments&post=1050"}],"version-history":[{"count":10,"href":"https:\/\/enews.caef.net\/index.php?rest_route=\/wp\/v2\/posts\/1050\/revisions"}],"predecessor-version":[{"id":1121,"href":"https:\/\/enews.caef.net\/index.php?rest_route=\/wp\/v2\/posts\/1050\/revisions\/1121"}],"wp:featuredmedia":[{"embeddable":true,"href":"https:\/\/enews.caef.net\/index.php?rest_route=\/wp\/v2\/media\/1100"}],"wp:attachment":[{"href":"https:\/\/enews.caef.net\/index.php?rest_route=%2Fwp%2Fv2%2Fmedia&parent=1050"}],"wp:term":[{"taxonomy":"category","embeddable":true,"href":"https:\/\/enews.caef.net\/index.php?rest_route=%2Fwp%2Fv2%2Fcategories&post=1050"},{"taxonomy":"post_tag","embeddable":true,"href":"https:\/\/enews.caef.net\/index.php?rest_route=%2Fwp%2Fv2%2Ftags&post=1050"}],"curies":[{"name":"wp","href":"https:\/\/api.w.org\/{rel}","templated":true}]}}